{"id":25409,"date":"2025-06-29T14:30:18","date_gmt":"2025-06-29T12:30:18","guid":{"rendered":"https:\/\/www.ecoticias.com\/hoyeco\/?p=25409"},"modified":"2025-06-29T14:30:18","modified_gmt":"2025-06-29T12:30:18","slug":"tragedia-mina-chile","status":"publish","type":"post","link":"https:\/\/www.ecoticias.com\/hoyeco\/tragedia-mina-chile\/25409\/","title":{"rendered":"La tragedia de la mina que no se derrumb\u00f3: Pero se llev\u00f3 a casi 400 mineros"},"content":{"rendered":"<p>A nivel laboral, existen actividades que resultan indispensables, pero que representan un riesgo para quienes las realizan, pues podr\u00edan ocasionar diversos tipos de molestias f\u00edsicas como dolores de espalda, alergias y otras enfermedades ocupacionales, pero hay algunas que podr\u00edan resultar mortales para los trabajadores. Como la tragedia de la mina que no se derrumb\u00f3, pero se llev\u00f3 a casi 400 mineros.<\/p>\n<h2>Diversos sucesos han mejorado las condiciones de trabajo<\/h2>\n<p>Muchas naciones, especialmente las m\u00e1s desarrolladas<strong>, han mejorado las condiciones de trabajo en el transcurso del tiempo<\/strong>, y ahora cuentan con organismos especializados que se dedican a investigar c\u00f3mo mejorar la situaci\u00f3n laboral. Eso ha permitido detectar a tiempo una gran diversidad de peligros potenciales que podr\u00edan poner en riesgo la salud de los empleados para aplicar correcciones oportunamente.<\/p>\n<p>Para llegar a este punto, muchos trabajadores tuvieron que soportar maltratos y poner en riesgo sus vidas y su salud a cambio de un salario que muchas veces resultaba insuficiente, pues en la mayor\u00eda de esas situaciones esperaron que ocurrieran grandes desastres para empezar a tomar medidas preventivas y de protecci\u00f3n. As\u00ed pas\u00f3 con la tragedia de la mina que no se derrumb\u00f3, pero se llev\u00f3 a casi 400 mineros.<\/p>\n<h2>Un accidente que cost\u00f3 casi 400 vidas<\/h2>\n<p><strong>El pasado 19 de junio se conmemoraron los 80 a\u00f1os de la tragedia<\/strong> ocurrida en una mina de cobre llamada El Teniente que se encuentra en la localidad chilena de Sewell. Todo comenz\u00f3 a las 7:30 am de ese d\u00eda, debido a un fuego que comenz\u00f3 en una fragua que estaba en la entrada de ese recinto, que no pudo ser sofocado a tiempo y acab\u00f3 sali\u00e9ndose de control, provocando el fallecimiento de 365 mineros.<\/p>\n<p>Este fue un caso especial ya que tuvo su origen en la falta de grifos de agua que permitieran apagar el incendio (esta es una de las tragedias mas impactantes junto a <a href=\"https:\/\/www.ecoticias.com\/hoyeco\/espana-accidentes-mineros-historia\/19591\/\">estas ocurridas en Espa\u00f1a<\/a>). Esto produjo una enorme humareda que penetr\u00f3 a la mina y se expandi\u00f3 r\u00e1pidamente a trav\u00e9s de las diferentes c\u00e1maras, dejando a los trabajadores sin sentido y sin la posibilidad de hacer algo para salvarse.<\/p>\n<p>Por eso es conocida como la tragedia del humo, que dej\u00f3 en evidencia las p\u00e9simas condiciones laborales a las que la compa\u00f1\u00eda a cargo de la mina, la Braden Copper Company de Estados Unidos, ten\u00eda a sus empleados. Adem\u00e1s de la carencia de canillas de agua, los encargados tardaron casi una hora en tomar las medidas correctivas que impidieran la llegada del humo al interior de las c\u00e1maras subterr\u00e1neas.<\/p>\n<p>As\u00ed como tambi\u00e9n para detener el incendio, y no permitieron la salida oportuna de <strong>los mineros, que adicionalmente no sab\u00edan d\u00f3nde estaban las rutas de evacuaci\u00f3n<\/strong>. Solo un capataz pudo responder de forma efectiva, y cuando lleg\u00f3 el humo, decidi\u00f3 huir junto a su cuadrilla, compuesta por unos 60 hombres, y afortunadamente lograron salir ilesos despu\u00e9s de recorrer un largo camino hacia una salida remota.<\/p>\n<h2>La muerte de los mineros dej\u00f3 un legado<\/h2>\n<p><strong>La tragedia del humo dej\u00f3 a 365 mineros muertos de forma prematura<\/strong>, pues sus edades rondaban apenas los 31 a\u00f1os, y a unos 420 ni\u00f1os en la orfandad. Pero adem\u00e1s de todo el sufrimiento para sus familias, tambi\u00e9n dej\u00f3 un legado que ha salvado a muchos trabajadores, pues desde entonces se empezaron a desarrollar las diferentes normativas de protecci\u00f3n que han mejorado las condiciones laborales.<\/p>\n<p>Concluyendo, la tragedia del humo ocurrida en la mina El Teniente de la localidad chilena de Sewell hace 80 a\u00f1os fue causada no por un derrumbe, sino por un incendio que se sali\u00f3 de control porque no hab\u00eda grifos de agua, y por la tardanza en tomar las medidas correctivas. Esto provoc\u00f3 la muerte de casi 400 mineros (esta es una de las causas de la creaci\u00f3n de <a href=\"https:\/\/www.ecoticias.com\/hoyeco\/robots-extranos-humanoides-2025\/17896\/\">estos extra\u00f1os humanoides<\/a>).<\/p>\n","protected":false},"excerpt":{"rendered":"<p>A nivel laboral, existen actividades que resultan indispensables, pero que representan un riesgo para quienes las realizan, pues podr\u00edan ocasionar &#8230; <\/p>\n<p class=\"read-more-container\"><a title=\"La tragedia de la mina que no se derrumb\u00f3: Pero se llev\u00f3 a casi 400 mineros\" class=\"read-more button\" href=\"https:\/\/www.ecoticias.com\/hoyeco\/tragedia-mina-chile\/25409\/#more-25409\" aria-label=\"Leer m\u00e1s sobre La tragedia de la mina que no se derrumb\u00f3: Pero se llev\u00f3 a casi 400 mineros\">Read more<\/a><\/p>\n","protected":false},"author":6,"featured_media":25411,"comment_status":"closed","ping_status":"closed","sticky":false,"template":"","format":"standard","meta":{"footnotes":""},"categories":[5],"tags":[],"class_list":["post-25409","post","type-post","status-publish","format-standard","has-post-thumbnail","hentry","category-energia","resize-featured-image"],"_links":{"self":[{"href":"https:\/\/www.ecoticias.com\/hoyeco\/wp-json\/wp\/v2\/posts\/25409","targetHints":{"allow":["GET"]}}],"collection":[{"href":"https:\/\/www.ecoticias.com\/hoyeco\/wp-json\/wp\/v2\/posts"}],"about":[{"href":"https:\/\/www.ecoticias.com\/hoyeco\/wp-json\/wp\/v2\/types\/post"}],"author":[{"embeddable":true,"href":"https:\/\/www.ecoticias.com\/hoyeco\/wp-json\/wp\/v2\/users\/6"}],"replies":[{"embeddable":true,"href":"https:\/\/www.ecoticias.com\/hoyeco\/wp-json\/wp\/v2\/comments?post=25409"}],"version-history":[{"count":0,"href":"https:\/\/www.ecoticias.com\/hoyeco\/wp-json\/wp\/v2\/posts\/25409\/revisions"}],"wp:featuredmedia":[{"embeddable":true,"href":"https:\/\/www.ecoticias.com\/hoyeco\/wp-json\/wp\/v2\/media\/25411"}],"wp:attachment":[{"href":"https:\/\/www.ecoticias.com\/hoyeco\/wp-json\/wp\/v2\/media?parent=25409"}],"wp:term":[{"taxonomy":"category","embeddable":true,"href":"https:\/\/www.ecoticias.com\/hoyeco\/wp-json\/wp\/v2\/categories?post=25409"},{"taxonomy":"post_tag","embeddable":true,"href":"https:\/\/www.ecoticias.com\/hoyeco\/wp-json\/wp\/v2\/tags?post=25409"}],"curies":[{"name":"wp","href":"https:\/\/api.w.org\/{rel}","templated":true}]}}