{"id":25413,"date":"2025-06-29T15:00:33","date_gmt":"2025-06-29T13:00:33","guid":{"rendered":"https:\/\/www.ecoticias.com\/hoyeco\/?p=25413"},"modified":"2025-06-29T15:00:33","modified_gmt":"2025-06-29T13:00:33","slug":"coche-espana-prohibicion-ley","status":"publish","type":"post","link":"https:\/\/www.ecoticias.com\/hoyeco\/coche-espana-prohibicion-ley\/25413\/","title":{"rendered":"\u00bfPueden prohibirnos tener m\u00e1s de un coche en Espa\u00f1a?: Hoy parece una idea absurda, pero&#8230;"},"content":{"rendered":"<p>Existen diversas circunstancias por las cuales se pueden cambiar de forma radical algunas normativas, sorprendiendo a los ciudadanos que en muchos casos podr\u00edan preferir que la situaci\u00f3n se mantuviera siempre igual, eso se debe tanto a la costumbre como a la comodidad. Por eso, hay quienes se preguntan, \u00bfPueden prohibirnos tener m\u00e1s de un coche en Espa\u00f1a? Hoy parece una idea absurda, pero&#8230;<\/p>\n<h2>Algunas normas podr\u00edan cambiar en Espa\u00f1a<\/h2>\n<p>Las leyes pueden ser consideradas como una especie de contrato que se establece entre el estado y sus ciudadanos para mantener una convivencia arm\u00f3nica, y <strong>permiten que las personas puedan saber con claridad a qu\u00e9 atenerse en diferentes tipos de situaciones<\/strong>. De esa manera, cada uno tendr\u00e1 la posibilidad de decidir si le interesa adaptarse a esas normas, o si le resulta m\u00e1s conveniente buscar nuevos horizontes.<\/p>\n<p>Lo que podr\u00eda complicar la situaci\u00f3n son los cambios en las normativas, pues los seres humanos suelen ser criaturas que, una vez que se acostumbran a llevar un determinado estilo de vida, no les gusta que les alteren sus rutinas, y si se ponen en riesgo sus posesiones materiales, es peor. As\u00ed que ahora hay una gran duda que afecta a los conductores, e instala un debate sobre la movilidad particular en Espa\u00f1a.<\/p>\n<h2>Menos coches para reducir los atascos vehiculares<\/h2>\n<p>Los atascos vehiculares se han convertido en un motivo de preocupaci\u00f3n en varias ciudades de Espa\u00f1a, y no solo en las de mayores dimensiones, sino tambi\u00e9n en algunos de los principales destinos tur\u00edsticos. Para solucionar esta situaci\u00f3n, <strong>las autoridades est\u00e1n estudiando la posibilidad de establecer la prohibici\u00f3n de tener m\u00e1s de un coche en cada hogar<\/strong>, lo cual est\u00e1 generando pol\u00e9mica a favor y en contra.<\/p>\n<p>Pero no solo se trata de evitar la posesi\u00f3n de m\u00e1s de un veh\u00edculo por residencia, sino que esa medida vendr\u00eda acompa\u00f1ada de otra limitaci\u00f3n con respecto al n\u00famero de personas que lo utilizan, que deben ser como m\u00ednimo dos. Esto se debe a que un porcentaje muy elevado de los que circulan por el centro de las grandes urbes, espec\u00edficamente el 85%, lo hacen con solo el conductor a bordo, as\u00ed que la orden ser\u00e1 compartir.<\/p>\n<p>Esas nuevas normativas buscan aligerar el tr\u00e1fico en aquellos lugares que lo requieran (as\u00ed como las <a href=\"https:\/\/www.ecoticias.com\/hoyeco\/dgt-cambios-senales-trafico\/25006\/\">nuevas se\u00f1ales de tr\u00e1nsito<\/a> que est\u00e1 implementando el gobierno), lo cual tambi\u00e9n significa una reducci\u00f3n importante de la contaminaci\u00f3n ambiental. Y los primeros lugares en implementar estas prohibiciones ser\u00edan algunas de las Islas Baleares, por la gran afluencia de turistas que llegan con sus propios coches.<\/p>\n<p>Aunque <strong>las nuevas legislaciones podr\u00edan ser una realidad en 2026<\/strong>, las islas ya est\u00e1n tomando algunas medidas para limitar la llegada de m\u00e1s coches, como el registro de uno solo para quienes tengan su residencia vacacional all\u00ed, as\u00ed como tambi\u00e9n el cobro de tasas diarias y otras. Esto est\u00e1 generando controversia en Espa\u00f1a, pues, aunque mejora el tr\u00e1fico y el ambiente, constituyen una limitaci\u00f3n para los ciudadanos.<\/p>\n<h2>Las zonas m\u00e1s afectadas toman la delantera<\/h2>\n<p>Las Islas Baleares son visitadas por una cantidad cada vez mayor de turistas en cada verano, y sus calles son tomadas por una multitud de coches, as\u00ed que est\u00e1n tomando la delantera con respecto a las nuevas limitaciones en Espa\u00f1a. Y aunque ya se han adelantado las discusiones para establecer nuevas normas y se espera que est\u00e9n listas en 2026, <strong>desde este mismo a\u00f1o comenzaron a tomar medidas restrictivas.<\/strong><\/p>\n<p>El incremento de la cantidad de coches circulantes se ha convertido en un motivo de preocupaci\u00f3n en las grandes urbes y en ciertas zonas tur\u00edsticas como las Islas Baleares (aunque muchos conductores <a href=\"https:\/\/www.ecoticias.com\/hoyeco\/multa-dgt-truco-matricula\/20291\/\">usan el truco de la matr\u00edcula<\/a>). Para solucionar este inconveniente, las autoridades de Espa\u00f1a est\u00e1n estudiando la posibilidad de establecer la prohibici\u00f3n de tener m\u00e1s de un coche en cada hogar.<\/p>\n","protected":false},"excerpt":{"rendered":"<p>Existen diversas circunstancias por las cuales se pueden cambiar de forma radical algunas normativas, sorprendiendo a los ciudadanos que en &#8230; <\/p>\n<p class=\"read-more-container\"><a title=\"\u00bfPueden prohibirnos tener m\u00e1s de un coche en Espa\u00f1a?: Hoy parece una idea absurda, pero&#8230;\" class=\"read-more button\" href=\"https:\/\/www.ecoticias.com\/hoyeco\/coche-espana-prohibicion-ley\/25413\/#more-25413\" aria-label=\"Leer m\u00e1s sobre \u00bfPueden prohibirnos tener m\u00e1s de un coche en Espa\u00f1a?: Hoy parece una idea absurda, pero&#8230;\">Read more<\/a><\/p>\n","protected":false},"author":6,"featured_media":25422,"comment_status":"closed","ping_status":"closed","sticky":false,"template":"","format":"standard","meta":{"footnotes":""},"categories":[6],"tags":[],"class_list":["post-25413","post","type-post","status-publish","format-standard","has-post-thumbnail","hentry","category-movilidad","resize-featured-image"],"_links":{"self":[{"href":"https:\/\/www.ecoticias.com\/hoyeco\/wp-json\/wp\/v2\/posts\/25413","targetHints":{"allow":["GET"]}}],"collection":[{"href":"https:\/\/www.ecoticias.com\/hoyeco\/wp-json\/wp\/v2\/posts"}],"about":[{"href":"https:\/\/www.ecoticias.com\/hoyeco\/wp-json\/wp\/v2\/types\/post"}],"author":[{"embeddable":true,"href":"https:\/\/www.ecoticias.com\/hoyeco\/wp-json\/wp\/v2\/users\/6"}],"replies":[{"embeddable":true,"href":"https:\/\/www.ecoticias.com\/hoyeco\/wp-json\/wp\/v2\/comments?post=25413"}],"version-history":[{"count":0,"href":"https:\/\/www.ecoticias.com\/hoyeco\/wp-json\/wp\/v2\/posts\/25413\/revisions"}],"wp:featuredmedia":[{"embeddable":true,"href":"https:\/\/www.ecoticias.com\/hoyeco\/wp-json\/wp\/v2\/media\/25422"}],"wp:attachment":[{"href":"https:\/\/www.ecoticias.com\/hoyeco\/wp-json\/wp\/v2\/media?parent=25413"}],"wp:term":[{"taxonomy":"category","embeddable":true,"href":"https:\/\/www.ecoticias.com\/hoyeco\/wp-json\/wp\/v2\/categories?post=25413"},{"taxonomy":"post_tag","embeddable":true,"href":"https:\/\/www.ecoticias.com\/hoyeco\/wp-json\/wp\/v2\/tags?post=25413"}],"curies":[{"name":"wp","href":"https:\/\/api.w.org\/{rel}","templated":true}]}}