{"id":25450,"date":"2025-06-26T14:30:19","date_gmt":"2025-06-26T12:30:19","guid":{"rendered":"https:\/\/www.ecoticias.com\/hoyeco\/?p=25450"},"modified":"2025-06-26T14:30:19","modified_gmt":"2025-06-26T12:30:19","slug":"alemania-gasoductos-nord-stream","status":"publish","type":"post","link":"https:\/\/www.ecoticias.com\/hoyeco\/alemania-gasoductos-nord-stream\/25450\/","title":{"rendered":"Alemania le dice \u00abNo\u00bb a Estados Unidos: Rompe el cord\u00f3n umbilical y salva a Europa"},"content":{"rendered":"<p>Estados Unidos ha tratado de convertirse en un factor con el cual Europa tiene un cord\u00f3n umbilical, esta influencia ser\u00eda dada en varios sectores estrat\u00e9gicos como el econ\u00f3mico, militar, arancelario y energ\u00e9tico. Sin embargo, el viejo continente siempre se ha resistido a esta especie de intervencionismo. En este terreno, Alemania ha dado un \u201cNo\u201d como respuesta a los EUA salvando as\u00ed al viejo continente. Vamos a ver.<\/p>\n<h2>Dos gasoductos que fueron considerados de importancia estrat\u00e9gica para Europa<\/h2>\n<p>En el a\u00f1o 2011 comenz\u00f3 a funcionar el gasoducto Nord\u202fStream\u202f1 que va desde la ciudad gas\u00edfera de Viborg en Rusia hasta Alemania en la localidad de Greifswald siguiendo la ruta del Mar B\u00e1ltico. El mismo consist\u00eda en dos l\u00edneas submarinas que ten\u00edan un espesor total de 110 mm<sup>3<\/sup>. Posteriormente, en 2021 fue completado el Nord\u202fStream\u202f2 que es id\u00e9ntico al primero y que corre paralelo a este, para duplicar la capacidad de transporte.<\/p>\n<p>Sin embargo, por cuestiones pol\u00edticas, el segundo nunca lleg\u00f3 a operar en un 100 %. Pero en septiembre de 2022, siete meses despu\u00e9s de la invasi\u00f3n de Rusia a Ucrania, por explosiones bajo el agua, ambos quedaron inoperativos y con ello, la suspensi\u00f3n de esta importante fuente energ\u00e9tica, para el momento, para Europa. Actualmente, Estados Unidos desea reactivarlo, pero <strong>ello depende de las autoridades alemanas<\/strong>.<\/p>\n<h2>Alemania no permitir\u00e1 la reactivaci\u00f3n de estos gasoductos para los intereses estadounidenses<\/h2>\n<p>Hace poco, el vocero del gobierno de Alemania ha dicho que este pa\u00eds <strong>no reactivar\u00e1 los gasoductos Nord\u202fStream\u202f1 y 2<\/strong>, despu\u00e9s de quedar inutilizados, para llevar el gas ruso a la Comunidad Europea, cuesti\u00f3n que era promovida por los Estados Unidos puesto que tienen intereses. Esto lo har\u00edan los EUA a trav\u00e9s de un inversionista norteamericano llamado Stephen Lynch.<\/p>\n<p>El cual adquirir\u00eda ambos gasoductos para repararlos, poni\u00e9ndolos en servicio con una licencia de EEUU. De esta forma, Rusia perder\u00eda influencia energ\u00e9tica pero la misma quedar\u00eda en manos norteamericanas. Para lograr esto, el magnate ha hecho una propuesta a la Oficina de Control de Activos Extranjeros de los Estados Unidos que incluye el levantamiento de los vetos a Nord Stream 2.<\/p>\n<p>Esta decisi\u00f3n de los alemanes ha permitido cortar el cord\u00f3n umbilical que manten\u00eda Europa con Rusia (aunque la Uni\u00f3n Europea no depende <a href=\"https:\/\/www.ecoticias.com\/hoyeco\/europa-rusia-energia-nuclear-uranio\/20515\/\">solo del gas ruso<\/a>) a la vez que se libera de la influencia energ\u00e9tica del pa\u00eds norteamericano. Con estas declaraciones las autoridades alemanas le salen al paso de rumores para una posible reactivaci\u00f3n, dejando claro su firme posici\u00f3n respecto a esta tem\u00e1tica.<\/p>\n<p>Con esta reiteraci\u00f3n, Alemania da por zanjada la discusi\u00f3n sobre estos gasoductos que, desde el propio inicio de su funcionamiento, siempre estuvieron rodeados de pol\u00e9mica hasta que fueron inutilizados por las explosiones ocurridas en el mes de septiembre de 2022. Las mismas fueron atribuidas a posibles actos de sabotaje, desde entonces mucho se hab\u00eda <strong>especulado respecto a su operaci\u00f3n<\/strong> hasta la negativa dada por los alemanes.<\/p>\n<h2>Lo que dice Ucrania respecto al tema de la rehabilitaci\u00f3n de estos gasoductos<\/h2>\n<p>Ucrania, a trav\u00e9s de su Ministerio de Relaciones Exteriores, ha dicho en un comunicado oficial que pide a los dirigentes de los pa\u00edses europeos, entre ellos a Alemania, que no hagan el juego a Mosc\u00fa en esta rehabilitaci\u00f3n de los gasoductos Nord\u202fStream\u202f1 y 2 puesto que representan intereses estrat\u00e9gicos rusos. A la vez que <strong>aplaude la negativa de los alemanes<\/strong> a los Estados Unidos para salvar a Europa.<\/p>\n<p>En conclusi\u00f3n, al Alemania decir \u201cNo\u201d a las presiones de los Estados Unidos para la rehabilitaci\u00f3n de Nord\u202fStream\u202f1 y 2, salva a Europa (si bien el continente europeo corre el riesgo de quedarse sin gas este invierno, <a href=\"https:\/\/www.ecoticias.com\/hoyeco\/europa-gas-espana-burpellet\/25194\/\">Espa\u00f1a ofrece una soluci\u00f3n<\/a>) a la vez que ayuda a romper el cord\u00f3n umbilical que manten\u00eda con Rusia a trav\u00e9s de estos gasoductos, los cuales est\u00e1n inutilizados por unas explosiones ocurridas el 26 de septiembre de 2022.<\/p>\n","protected":false},"excerpt":{"rendered":"<p>Estados Unidos ha tratado de convertirse en un factor con el cual Europa tiene un cord\u00f3n umbilical, esta influencia ser\u00eda &#8230; <\/p>\n<p class=\"read-more-container\"><a title=\"Alemania le dice \u00abNo\u00bb a Estados Unidos: Rompe el cord\u00f3n umbilical y salva a Europa\" class=\"read-more button\" href=\"https:\/\/www.ecoticias.com\/hoyeco\/alemania-gasoductos-nord-stream\/25450\/#more-25450\" aria-label=\"Leer m\u00e1s sobre Alemania le dice \u00abNo\u00bb a Estados Unidos: Rompe el cord\u00f3n umbilical y salva a Europa\">Read more<\/a><\/p>\n","protected":false},"author":6,"featured_media":25451,"comment_status":"closed","ping_status":"closed","sticky":false,"template":"","format":"standard","meta":{"footnotes":""},"categories":[5],"tags":[],"class_list":["post-25450","post","type-post","status-publish","format-standard","has-post-thumbnail","hentry","category-energia","resize-featured-image"],"_links":{"self":[{"href":"https:\/\/www.ecoticias.com\/hoyeco\/wp-json\/wp\/v2\/posts\/25450","targetHints":{"allow":["GET"]}}],"collection":[{"href":"https:\/\/www.ecoticias.com\/hoyeco\/wp-json\/wp\/v2\/posts"}],"about":[{"href":"https:\/\/www.ecoticias.com\/hoyeco\/wp-json\/wp\/v2\/types\/post"}],"author":[{"embeddable":true,"href":"https:\/\/www.ecoticias.com\/hoyeco\/wp-json\/wp\/v2\/users\/6"}],"replies":[{"embeddable":true,"href":"https:\/\/www.ecoticias.com\/hoyeco\/wp-json\/wp\/v2\/comments?post=25450"}],"version-history":[{"count":0,"href":"https:\/\/www.ecoticias.com\/hoyeco\/wp-json\/wp\/v2\/posts\/25450\/revisions"}],"wp:featuredmedia":[{"embeddable":true,"href":"https:\/\/www.ecoticias.com\/hoyeco\/wp-json\/wp\/v2\/media\/25451"}],"wp:attachment":[{"href":"https:\/\/www.ecoticias.com\/hoyeco\/wp-json\/wp\/v2\/media?parent=25450"}],"wp:term":[{"taxonomy":"category","embeddable":true,"href":"https:\/\/www.ecoticias.com\/hoyeco\/wp-json\/wp\/v2\/categories?post=25450"},{"taxonomy":"post_tag","embeddable":true,"href":"https:\/\/www.ecoticias.com\/hoyeco\/wp-json\/wp\/v2\/tags?post=25450"}],"curies":[{"name":"wp","href":"https:\/\/api.w.org\/{rel}","templated":true}]}}