{"id":25506,"date":"2025-06-27T15:00:28","date_gmt":"2025-06-27T13:00:28","guid":{"rendered":"https:\/\/www.ecoticias.com\/hoyeco\/?p=25506"},"modified":"2025-06-27T15:00:28","modified_gmt":"2025-06-27T13:00:28","slug":"espana-francia-fabricas-renault","status":"publish","type":"post","link":"https:\/\/www.ecoticias.com\/hoyeco\/espana-francia-fabricas-renault\/25506\/","title":{"rendered":"Espa\u00f1a en Vilo: Francia intenta arrebatarnos un tesoro demasiado valioso y nadie podr\u00eda evitarlo"},"content":{"rendered":"<p>En el sector de la movilidad, las jugadas estrat\u00e9gicas que implican negocios de producci\u00f3n de coches, siempre han sido causas de roce entre los pa\u00edses involucrados, ya que cada uno quiere los beneficios que pudiese obtener el otro. Una muestra te la presentamos aqu\u00ed, donde Francia intenta por todos los medios quedarse con un tesoro nuestro y parece que nada podr\u00e1 evitarlo, por lo que Espa\u00f1a est\u00e1 en suspenso.<\/p>\n<h2>El desempe\u00f1o de las f\u00e1bricas de Renault en la pen\u00ednsula<\/h2>\n<p>Cuando en el a\u00f1o 2021, en el marco del Plan Industrial en su cuarta edici\u00f3n, Renault decidi\u00f3 instalar sus f\u00e1bricas en Espa\u00f1a, se preve\u00eda que ser\u00edan unas instalaciones que tendr\u00edan una operatividad promedio similar a las existentes en otras partes de Europa y el mundo. Pero, a medida que pasaba el tiempo, esta marca ha ido consolid\u00e1ndose en la pen\u00ednsula como una referencia en veh\u00edculos el\u00e9ctricos.<\/p>\n<p>Su \u00e9xito no solo ha sido apalancado por su parte t\u00e9cnica, sino tambi\u00e9n por la comercial. En este sentido, tenemos que en su factor\u00eda ubicada en Palencia son hechos los modelos Renault Espace, Rafale y Austral mientras que de la f\u00e1brica que se encuentra en Valladolid se producen los Renault Symbioz y Captur. Todos los modelos en versiones h\u00edbridas enchufables y no enchufables, <strong>distingui\u00e9ndose por su gran calidad<\/strong>.<\/p>\n<h2>Francia desea que lleven a su territorio la producci\u00f3n de Espa\u00f1a<\/h2>\n<p>Renault ha mantenido una fuerte apuesta por Espa\u00f1a en la fabricaci\u00f3n de cinco de sus siete modelos de tecnolog\u00eda h\u00edbrida, sin embargo, debido a que los coches el\u00e9ctricos no han terminado de despegar en sus ventas, los sindicatos franceses est\u00e1n ejerciendo presi\u00f3n para que las l\u00edneas de producci\u00f3n que est\u00e1n en nuestro territorio <strong>sean trasladadas al pa\u00eds galo<\/strong>, dej\u00e1ndonos sin nada.<\/p>\n<p>Esto por el creciente temor de la amenaza de despidos por la reducci\u00f3n de la producci\u00f3n (aunque Renault est\u00e1 <a href=\"https:\/\/www.ecoticias.com\/hoyeco\/renault-motor-combustion\/10973\/\">resucitando el motor de combusti\u00f3n<\/a>, lo que podr\u00eda ser una soluci\u00f3n). Esta exigencia se basa en la situaci\u00f3n de las f\u00e1bricas de Maubeuge y Douai, que son cercanas a la frontera con B\u00e9lgica. La producci\u00f3n en nuestro pa\u00eds hab\u00eda sido defendida por uno de los CEOs de la marca llamado Luca de Meo.<\/p>\n<p>Por su excelente desempe\u00f1o y buena calidad, soportado por una magn\u00edfica mano de obra espa\u00f1ola. Esto tuvo lugar en el ciclo de conferencias correspondientes al evento del Sal\u00f3n del Autom\u00f3vil de Par\u00eds 2024. Y es que la confianza del fabricante de autom\u00f3viles en la pen\u00ednsula se debe a una reciprocidad con la aceptaci\u00f3n entusiasta de fabricaci\u00f3n de los veh\u00edculos h\u00edbridos cuando nadie confiaba en que fueran rentables.<\/p>\n<p>Debido a que se presagiaban bajas ventas, pero al respecto se ha comprobado que es mucho m\u00e1s f\u00e1cil vender coches h\u00edbridos, en sus diferentes versiones, que los de tecnolog\u00eda el\u00e9ctrica pura. Por lo que la intenci\u00f3n de los galos de tratar de revertir esta decisi\u00f3n tomada hace cuatro a\u00f1os, iba a ser muy dif\u00edcil debido a que las f\u00e1bricas de Espa\u00f1a son de las <strong>m\u00e1s productivas y rentables a nivel mundial<\/strong>.<\/p>\n<h2>Francia puede avanzar en sus pretensiones de arrebatarnos este tesoro<\/h2>\n<p>Con la presencia del CEO, Espa\u00f1a ten\u00eda el respaldo de Renault para la consolidaci\u00f3n de su estrategia de negocio. Pero Luca de Meo ha dimitido, por lo que es factible que el pr\u00f3ximo consejero que lo sustituya <strong>acepte los pedimentos de los sindicatos de los trabajadores de la industria automotriz francesa <\/strong>y se haga una realidad el despojo del tesoro m\u00e1s valioso que posee nuestro territorio.<\/p>\n<p>Para finalizar, Espa\u00f1a est\u00e1 en suspenso, ya que Francia est\u00e1 intentando despojarla de un valioso tesoro (aunque en otros terrenos estamos haci\u00e9ndolo bien, puesto que somos <a href=\"https:\/\/www.ecoticias.com\/hoyeco\/francia-mira-espana-gestion-agua\/24460\/\">un ejemplo para el futuro en recursos h\u00eddricos<\/a>). Sin embargo, la empresa Renault debe sopesar las consecuencias de este cambio considerando que las f\u00e1bricas en nuestro territorio se encuentran entre las m\u00e1s productivas del mundo.<\/p>\n","protected":false},"excerpt":{"rendered":"<p>En el sector de la movilidad, las jugadas estrat\u00e9gicas que implican negocios de producci\u00f3n de coches, siempre han sido causas &#8230; <\/p>\n<p class=\"read-more-container\"><a title=\"Espa\u00f1a en Vilo: Francia intenta arrebatarnos un tesoro demasiado valioso y nadie podr\u00eda evitarlo\" class=\"read-more button\" href=\"https:\/\/www.ecoticias.com\/hoyeco\/espana-francia-fabricas-renault\/25506\/#more-25506\" aria-label=\"Leer m\u00e1s sobre Espa\u00f1a en Vilo: Francia intenta arrebatarnos un tesoro demasiado valioso y nadie podr\u00eda evitarlo\">Read more<\/a><\/p>\n","protected":false},"author":6,"featured_media":25508,"comment_status":"closed","ping_status":"closed","sticky":false,"template":"","format":"standard","meta":{"footnotes":""},"categories":[2],"tags":[],"class_list":["post-25506","post","type-post","status-publish","format-standard","has-post-thumbnail","hentry","category-actualidad","resize-featured-image"],"_links":{"self":[{"href":"https:\/\/www.ecoticias.com\/hoyeco\/wp-json\/wp\/v2\/posts\/25506","targetHints":{"allow":["GET"]}}],"collection":[{"href":"https:\/\/www.ecoticias.com\/hoyeco\/wp-json\/wp\/v2\/posts"}],"about":[{"href":"https:\/\/www.ecoticias.com\/hoyeco\/wp-json\/wp\/v2\/types\/post"}],"author":[{"embeddable":true,"href":"https:\/\/www.ecoticias.com\/hoyeco\/wp-json\/wp\/v2\/users\/6"}],"replies":[{"embeddable":true,"href":"https:\/\/www.ecoticias.com\/hoyeco\/wp-json\/wp\/v2\/comments?post=25506"}],"version-history":[{"count":0,"href":"https:\/\/www.ecoticias.com\/hoyeco\/wp-json\/wp\/v2\/posts\/25506\/revisions"}],"wp:featuredmedia":[{"embeddable":true,"href":"https:\/\/www.ecoticias.com\/hoyeco\/wp-json\/wp\/v2\/media\/25508"}],"wp:attachment":[{"href":"https:\/\/www.ecoticias.com\/hoyeco\/wp-json\/wp\/v2\/media?parent=25506"}],"wp:term":[{"taxonomy":"category","embeddable":true,"href":"https:\/\/www.ecoticias.com\/hoyeco\/wp-json\/wp\/v2\/categories?post=25506"},{"taxonomy":"post_tag","embeddable":true,"href":"https:\/\/www.ecoticias.com\/hoyeco\/wp-json\/wp\/v2\/tags?post=25506"}],"curies":[{"name":"wp","href":"https:\/\/api.w.org\/{rel}","templated":true}]}}