{"id":25509,"date":"2025-06-27T15:30:49","date_gmt":"2025-06-27T13:30:49","guid":{"rendered":"https:\/\/www.ecoticias.com\/hoyeco\/?p=25509"},"modified":"2025-06-27T15:30:49","modified_gmt":"2025-06-27T13:30:49","slug":"elon-musk-colossus-gas","status":"publish","type":"post","link":"https:\/\/www.ecoticias.com\/hoyeco\/elon-musk-colossus-gas\/25509\/","title":{"rendered":"El lado oscuro de Elon Musk: \u00abCoches el\u00e9ctricos para descarbonizar\u00bb mientras asfixia un poblado"},"content":{"rendered":"<p>Elon Musk, es un hombre de negocios de mucho \u00e9xito que posee varias empresas en el \u00e1rea de la tecnolog\u00eda, a la vez se presenta como un defensor del ambiente y que est\u00e1c en favor de la lucha contra el calentamiento global. Pero su actuaci\u00f3n es muy pol\u00e9mica ya que, mientras construye coches el\u00e9ctricos para favorecer la descarbonizaci\u00f3n, se le acusa de asfixiar intencionalmente a un poblado.<\/p>\n<h2>Elon Musk construye la mayor supercomputadora del planeta<\/h2>\n<p>En Estados Unidos, concretamente en la localidad de Memphis, estado de Tennessee, se encontraba la estructura de una antigua factor\u00eda. Esta edificaci\u00f3n fue comprada por Elon Musk para construir el superordenador m\u00e1s grande del mundo llamado Colossus que es el centro de entrenamiento de su Inteligencia Artificial que posee millones de chips de Nvidia especializados en estas lides.<\/p>\n<p>El CEO esperaba que con el desarrollo de esta IA, todos los coches hechos en su compa\u00f1\u00eda Tesla logren aventajarse de sus competidores. Por otra parte, con este desarrollo la ciudad pasar\u00eda a ser una meca tecnol\u00f3gica conocida como Delta Digital. Adem\u00e1s generar\u00eda puestos de trabajo excelentemente remunerados e ingresar\u00edan a las arcas de la ciudad millones de d\u00f3lares por conceptos de impuestos.<\/p>\n<h2>Pero este proyecto tambi\u00e9n tiene su lado oscuro<\/h2>\n<p>Pero, hay mucha oposici\u00f3n y descontento por la forma en que se hizo esta instalaci\u00f3n. De acuerdo a lo informado por Xataka, hay una poblaci\u00f3n empobrecida y de mayor\u00eda de raza negra que est\u00e1 siendo materialmente asfixiada, ya que para energizar a este gran centro tecnol\u00f3gico fue necesaria la instalaci\u00f3n de 35 turbinas de gas para la generaci\u00f3n de 400 MW de electricidad bajo una exenci\u00f3n temporal.<\/p>\n<p>La cual, seg\u00fan los expertos legales de Elon Musk, no requiere del tr\u00e1mite de los permisos de aire por su car\u00e1cter transitorio. La instalaci\u00f3n de estas turbinas fue necesaria debido a que las redes de la localidad no ten\u00edan la capacidad de satisfacer la demanda el\u00e9ctrica solicitada (lo que est\u00e1 de acuerdo con la predicci\u00f3n del empresario sobre la <a href=\"https:\/\/www.ecoticias.com\/hoyeco\/elon-musk-alerta-sequia-energia\/24252\/\">pr\u00f3xima sequ\u00eda a nivel mundial<\/a> que ser\u00eda peor que la del agua).<\/p>\n<p>El problema es que estas turbinas emiten al ambiente gases muy t\u00f3xicos para la salud humana. Una planta de gas produciendo esta potencia de 400 MW emite alrededor de 2000 toneladas anuales de \u00f3xidos nitrosos, formaldeh\u00eddo gaseoso, metano y, con ellos, part\u00edculas muy finas y ligeras, lo cual lentamente perjudica a los \u00f3rganos de la respiraci\u00f3n terminando por asfixiar a los pobladores por padecimientos.<\/p>\n<p>Por otra parte, la estructura de Elon Musk se suma a otras 17 que tambi\u00e9n son muy contaminantes y que actualmente est\u00e1n en litigio para su clausura. Pero mientras la ley decide al respecto, ya hay estudios ambientales que se\u00f1alan que la tendencia de los vecinos a contraer c\u00e1ncer en el sistema respiratorio es cuatro veces m\u00e1s que lo aceptado por la <strong>Agencia de Protecci\u00f3n Ambiental de los Estados Unidos<\/strong>.<\/p>\n<h2>El gobierno est\u00e1 del lado del empresario sudafricano<\/h2>\n<p>Con el fin de calmar los \u00e1nimos, los miembros de la C\u00e1mara de Comercio de Gran Memphis, dijo en una comunicaci\u00f3n que las turbinas ser\u00edan retiradas en dos meses una vez se terminaran las expansiones que se estaban haciendo al sistema el\u00e9ctrico para poder conectar la estructura de datos sin peligro para el suministro de la ciudad.\u00a0 Luego pasar\u00e1n a ser un <strong>sistema de respaldo ante una falla de la red principal de suministro<\/strong>.<\/p>\n<p>Finalizando, mientras Elon Musk construye coches el\u00e9ctricos para acelerar la descarbonizaci\u00f3n (aunque hay una <a href=\"https:\/\/www.ecoticias.com\/hoyeco\/tesla-co2-marcas-multas-union\/16357\/\">trama en Tesla con el CO2<\/a>), est\u00e1 asfixiando un poblado en los Estados Unidos con el sistema de energizaci\u00f3n de su superordenador que ser\u00e1 el m\u00e1s grande del mundo. Lo ir\u00f3nico es que promete mejorar el nivel de vida de la poblaci\u00f3n con la creaci\u00f3n de empleos e ingresos fiscales para la ciudad.<\/p>\n","protected":false},"excerpt":{"rendered":"<p>Elon Musk, es un hombre de negocios de mucho \u00e9xito que posee varias empresas en el \u00e1rea de la tecnolog\u00eda, &#8230; <\/p>\n<p class=\"read-more-container\"><a title=\"El lado oscuro de Elon Musk: \u00abCoches el\u00e9ctricos para descarbonizar\u00bb mientras asfixia un poblado\" class=\"read-more button\" href=\"https:\/\/www.ecoticias.com\/hoyeco\/elon-musk-colossus-gas\/25509\/#more-25509\" aria-label=\"Leer m\u00e1s sobre El lado oscuro de Elon Musk: \u00abCoches el\u00e9ctricos para descarbonizar\u00bb mientras asfixia un poblado\">Read more<\/a><\/p>\n","protected":false},"author":6,"featured_media":25511,"comment_status":"closed","ping_status":"closed","sticky":false,"template":"","format":"standard","meta":{"footnotes":""},"categories":[5],"tags":[],"class_list":["post-25509","post","type-post","status-publish","format-standard","has-post-thumbnail","hentry","category-energia","resize-featured-image"],"_links":{"self":[{"href":"https:\/\/www.ecoticias.com\/hoyeco\/wp-json\/wp\/v2\/posts\/25509","targetHints":{"allow":["GET"]}}],"collection":[{"href":"https:\/\/www.ecoticias.com\/hoyeco\/wp-json\/wp\/v2\/posts"}],"about":[{"href":"https:\/\/www.ecoticias.com\/hoyeco\/wp-json\/wp\/v2\/types\/post"}],"author":[{"embeddable":true,"href":"https:\/\/www.ecoticias.com\/hoyeco\/wp-json\/wp\/v2\/users\/6"}],"replies":[{"embeddable":true,"href":"https:\/\/www.ecoticias.com\/hoyeco\/wp-json\/wp\/v2\/comments?post=25509"}],"version-history":[{"count":0,"href":"https:\/\/www.ecoticias.com\/hoyeco\/wp-json\/wp\/v2\/posts\/25509\/revisions"}],"wp:featuredmedia":[{"embeddable":true,"href":"https:\/\/www.ecoticias.com\/hoyeco\/wp-json\/wp\/v2\/media\/25511"}],"wp:attachment":[{"href":"https:\/\/www.ecoticias.com\/hoyeco\/wp-json\/wp\/v2\/media?parent=25509"}],"wp:term":[{"taxonomy":"category","embeddable":true,"href":"https:\/\/www.ecoticias.com\/hoyeco\/wp-json\/wp\/v2\/categories?post=25509"},{"taxonomy":"post_tag","embeddable":true,"href":"https:\/\/www.ecoticias.com\/hoyeco\/wp-json\/wp\/v2\/tags?post=25509"}],"curies":[{"name":"wp","href":"https:\/\/api.w.org\/{rel}","templated":true}]}}