{"id":25548,"date":"2025-06-30T15:00:56","date_gmt":"2025-06-30T13:00:56","guid":{"rendered":"https:\/\/www.ecoticias.com\/hoyeco\/?p=25548"},"modified":"2025-06-30T15:00:56","modified_gmt":"2025-06-30T13:00:56","slug":"oscuridad-eclipse-solar-2027","status":"publish","type":"post","link":"https:\/\/www.ecoticias.com\/hoyeco\/oscuridad-eclipse-solar-2027\/25548\/","title":{"rendered":"Durar\u00e1 tanto que nadie podr\u00e1 perd\u00e9rselo: Todo quedar\u00e1 en oscuridad este d\u00eda"},"content":{"rendered":"<p>Existen algunos fen\u00f3menos que siempre han despertado el inter\u00e9s de muchas personas, sobre todo cuando afectan grandes proporciones de la superficie terrestre y los sitios donde se sabe que ocurrir\u00e1n, se convierten en destinos tur\u00edsticos muy apetecidos en los d\u00edas cercanos al hecho en cuesti\u00f3n. Pero este durar\u00e1 tanto, que nadie podr\u00e1 perd\u00e9rselo, porque todo quedar\u00e1 en completa oscuridad este d\u00eda.<\/p>\n<h2>La superstici\u00f3n sigue viva en pleno siglo XXI<\/h2>\n<p>Hay determinadas clases de acontecimientos que generan una enorme fascinaci\u00f3n en los seres humanos y, aunque muchos de ellos han sido explicados con gran objetividad por numerosos cient\u00edficos, son tan \u00fanicos y escasos que estimulan excesivamente la imaginaci\u00f3n de muchos. Por eso no resulta extra\u00f1o que se le atribuyan algunas influencias nefastas o ben\u00e9ficas en una amplia variedad de sucesos.<\/p>\n<p>De manera que, aunque se haya difundido ampliamente que esos eventos son naturales, e incluso la ciencia puede determinar con total precisi\u00f3n d\u00f3nde, c\u00f3mo, cu\u00e1ndo y por qu\u00e9 van a ocurrir, siempre <strong>van a suscitar diversas clases de supersticiones<\/strong>, aun cuando estamos en pleno siglo XXI. Y eso ser\u00e1 m\u00e1s notorio en este caso, porque durar\u00e1 tanto que nadie podr\u00e1 perd\u00e9rselo y todo quedar\u00e1 en oscuridad este d\u00eda.<\/p>\n<h2>La oscuridad ser\u00e1 la atracci\u00f3n de este d\u00eda<\/h2>\n<p>Para muchas personas <strong>resulta muy emocionante tener la oportunidad de presenciar en vivo un fen\u00f3meno astron\u00f3mico<\/strong>, y los eclipses solares son muy valorados, sobre todo si son totales. El m\u00e1s cercano de este tipo se dar\u00e1 el 2 de agosto de 2027 con una duraci\u00f3n de 6 minutos 23 segundos en su punto culminante, durante los cuales reinar\u00e1 una oscuridad nocturna en las regiones que tendr\u00e1n la fortuna de verlo.<\/p>\n<p>Este ser\u00e1 el de mayor relevancia de los pr\u00f3ximos 100 a\u00f1os y podr\u00e1 ser apreciado en algunas regiones del planeta ubicadas en \u00c1frica, Am\u00e9rica del Sur y Europa. En este \u00faltimo continente ser\u00e1 visible en casi la totalidad de su territorio, pero especialmente en Espa\u00f1a y m\u00e1s espec\u00edficamente hacia el sur del pa\u00eds (asimismo, <a href=\"https:\/\/www.ecoticias.com\/hoyeco\/2025-eventos-astronomicos-marte\/16590\/\">te damos los d\u00edas que debes mirar al cielo<\/a> este 2025 para ver otros fen\u00f3menos en el firmamento).<\/p>\n<p>Esa regi\u00f3n est\u00e1 comprendida en una secci\u00f3n de 275 km de la Tierra, donde el sol ser\u00e1 totalmente eclipsado por la luna, quedando en completa oscuridad y permitiendo que durante ese lapso mercurio, saturno y venus sean visibles como en cualquier noche normal<strong>. El eclipse iniciar\u00e1 su trayecto en Europa y continuar\u00e1 por una ruta de 15 000 km que llegar\u00e1 hasta \u00c1frica<\/strong>, y ser\u00e1 visto por casi 100 millones de personas.<\/p>\n<h2>La NASA predice otro eclipse total<\/h2>\n<p>Con las nuevas herramientas tecnol\u00f3gicas, algunos organismos pueden precisar cu\u00e1ndo suceder\u00e1n otros eventos astron\u00f3micos de relevancia para el planeta, como un eclipse total del sol, pero no uno cualquiera, sino el m\u00e1s prolongado ocurrido en 12 000 a\u00f1os. De acuerdo con la informaci\u00f3n proporcionada por la NASA, este fen\u00f3meno ser\u00e1 el 16 de julio de 2186, y tendr\u00e1 la particularidad de durar m\u00e1s de lo usual.<\/p>\n<p>Pues normalmente, los eclipses totales ocurren en un lapso entre 10 segundos y 7 minutos, tal como lo indican los registros hist\u00f3ricos que se tienen sobre esos acontecimientos. Sin embargo, en este caso, <strong>la oscuridad se prolongar\u00e1 por 7 minutos con 29 segundos y ser\u00e1 visible en tres pa\u00edses de Am\u00e9rica del Sur<\/strong>, Colombia, Guyana y Venezuela, y aunque es un evento remoto, demuestra la precisi\u00f3n de la astronom\u00eda.<\/p>\n<p>Concluyendo, los eclipses solares despiertan el inter\u00e9s de muchas personas, sobre todo cuando son totales, el m\u00e1s cercano ser\u00e1 el 2 de agosto de 2027 y ser\u00e1 el m\u00e1s relevante en 100 a\u00f1os, pues la oscuridad reinar\u00e1 por 6 minutos con 23 segundos (aunque pronto <a href=\"https:\/\/www.ecoticias.com\/hoyeco\/noche-eclipse-solar-artificial\/17100\/\">forzaremos la llegada de la noche<\/a>). Por otra parte, la NASA indic\u00f3 que en 2186 ser\u00e1 el eclipse m\u00e1s largo de los \u00faltimos 12 000 a\u00f1os pues se prolongar\u00e1 7 minutos con 29 segundos.<\/p>\n","protected":false},"excerpt":{"rendered":"<p>Existen algunos fen\u00f3menos que siempre han despertado el inter\u00e9s de muchas personas, sobre todo cuando afectan grandes proporciones de la &#8230; <\/p>\n<p class=\"read-more-container\"><a title=\"Durar\u00e1 tanto que nadie podr\u00e1 perd\u00e9rselo: Todo quedar\u00e1 en oscuridad este d\u00eda\" class=\"read-more button\" href=\"https:\/\/www.ecoticias.com\/hoyeco\/oscuridad-eclipse-solar-2027\/25548\/#more-25548\" aria-label=\"Leer m\u00e1s sobre Durar\u00e1 tanto que nadie podr\u00e1 perd\u00e9rselo: Todo quedar\u00e1 en oscuridad este d\u00eda\">Read more<\/a><\/p>\n","protected":false},"author":6,"featured_media":25550,"comment_status":"closed","ping_status":"closed","sticky":false,"template":"","format":"standard","meta":{"footnotes":""},"categories":[2],"tags":[],"class_list":["post-25548","post","type-post","status-publish","format-standard","has-post-thumbnail","hentry","category-actualidad","resize-featured-image"],"_links":{"self":[{"href":"https:\/\/www.ecoticias.com\/hoyeco\/wp-json\/wp\/v2\/posts\/25548","targetHints":{"allow":["GET"]}}],"collection":[{"href":"https:\/\/www.ecoticias.com\/hoyeco\/wp-json\/wp\/v2\/posts"}],"about":[{"href":"https:\/\/www.ecoticias.com\/hoyeco\/wp-json\/wp\/v2\/types\/post"}],"author":[{"embeddable":true,"href":"https:\/\/www.ecoticias.com\/hoyeco\/wp-json\/wp\/v2\/users\/6"}],"replies":[{"embeddable":true,"href":"https:\/\/www.ecoticias.com\/hoyeco\/wp-json\/wp\/v2\/comments?post=25548"}],"version-history":[{"count":0,"href":"https:\/\/www.ecoticias.com\/hoyeco\/wp-json\/wp\/v2\/posts\/25548\/revisions"}],"wp:featuredmedia":[{"embeddable":true,"href":"https:\/\/www.ecoticias.com\/hoyeco\/wp-json\/wp\/v2\/media\/25550"}],"wp:attachment":[{"href":"https:\/\/www.ecoticias.com\/hoyeco\/wp-json\/wp\/v2\/media?parent=25548"}],"wp:term":[{"taxonomy":"category","embeddable":true,"href":"https:\/\/www.ecoticias.com\/hoyeco\/wp-json\/wp\/v2\/categories?post=25548"},{"taxonomy":"post_tag","embeddable":true,"href":"https:\/\/www.ecoticias.com\/hoyeco\/wp-json\/wp\/v2\/tags?post=25548"}],"curies":[{"name":"wp","href":"https:\/\/api.w.org\/{rel}","templated":true}]}}