{"id":25599,"date":"2025-07-01T15:00:04","date_gmt":"2025-07-01T13:00:04","guid":{"rendered":"https:\/\/www.ecoticias.com\/hoyeco\/?p=25599"},"modified":"2025-07-01T15:00:04","modified_gmt":"2025-07-01T13:00:04","slug":"cielos-reduccion-nubes","status":"publish","type":"post","link":"https:\/\/www.ecoticias.com\/hoyeco\/cielos-reduccion-nubes\/25599\/","title":{"rendered":"Algo inesperado ha estado ocurriendo en los cielos, no es bueno: Si miras bien podr\u00edas notarlo"},"content":{"rendered":"<p>Al levantar la mirada hacia el firmamento, podemos contemplar la hermosura que nos brinda que nos hace pensar en las maravillas de la creaci\u00f3n, sin embargo, tambi\u00e9n all\u00ed hay factores que son indispensables para nuestra supervivencia como especie. Aqu\u00ed te damos una muestra sobre algo que es inesperado, que tiene tiempo sucediendo en los cielos y que no es bueno. Solo mirando bien se puede notar.<\/p>\n<h2>El efecto de cada uno de los fen\u00f3menos celestes<\/h2>\n<p>El producto final del proceso de evaporaci\u00f3n del agua de los r\u00edos, lagos, oc\u00e9anos y de la expulsada por las plantas, desempe\u00f1a un papel muy importante en la regulaci\u00f3n t\u00e9rmica y clim\u00e1tica de la Tierra. Para ello, ejercen una especie de control sirviendo para equilibrar el calor, dependiendo del tipo de nube en los cielos este efecto ser\u00e1 de calentamiento o enfriamiento de la corteza terrestre.<\/p>\n<p>En el caso de nubes que sean delgadas y de gran altura, reflejan una parte de la radiaci\u00f3n infrarroja que produce la superficie del planeta, estas son repotenciadas por los gases de efecto invernadero por lo que son responsables del calentamiento global. Por otro lado, est\u00e1n otras que son densas y m\u00e1s brillantes, que <strong>son las mejores para el planeta<\/strong> ya que reflejan hasta el 60 % de la radiaci\u00f3n solar al espacio.<\/p>\n<h2>La NASA ha detectado algo alarmante en los cielos<\/h2>\n<p>Un grupo de investigadores de la NASA ha descubierto que la capa de nubes de baja altura que cubre la Tierra <strong>esta decrement\u00e1ndose a un ritmo muy r\u00e1pido<\/strong>, esto algo inesperado que no es bueno solo debes mirar bien a los cielos para darte cuenta. Esta disminuci\u00f3n est\u00e1 siendo detectada las \u00faltimas dos d\u00e9cadas y es una de las causas por las que se est\u00e1 dando el cambio clim\u00e1tico y el calentamiento global.<\/p>\n<p>De hecho, ayuda a acelerar estos \u00faltimos fen\u00f3menos (por otra parte, estas nubes podr\u00edan significar <a href=\"https:\/\/www.ecoticias.com\/hoyeco\/nubes-cargadas-electricidad\/7965\/\">una nueva fuente de energ\u00eda<\/a>). Al respecto se tiene que entre un 2 y un 3,5 % de las capas de nubes de tormenta en las zonas tropicales y de clima templado han desaparecido o migrado a los polos de la Tierra, estos resultados son producto de las mediciones y observaciones hechas durante 20 a\u00f1os.<\/p>\n<p>La desaparici\u00f3n de estas nubes trae como consecuencia que es mucho menos la radiaci\u00f3n solar que es devuelta por reflejo al espacio, de manera que un mayor porcentaje de esta energ\u00eda llega hasta la corteza terrestre y es absorbida por esta, dando como resultado inmediato el aumento de la temperatura agravado por los problemas de contaminaci\u00f3n del aire.<\/p>\n<p>Esto es notado en mayor grado, en las <strong>zonas de bajas latitudes y las que est\u00e1n m\u00e1s cercanas al ecuador<\/strong>, puesto que reciben en forma m\u00e1s directa las radiaciones solares. Adem\u00e1s del efecto negativo en los cielos, este fen\u00f3meno tiene otra grave consecuencia en la salud de las personas y es que los rayos del sol han incrementado los \u00edndices de c\u00e1ncer de piel, as\u00ed como el riesgo de padecerlo.<\/p>\n<h2>\u00bfQu\u00e9 acciones se pueden tomar para paliar este fen\u00f3meno?<\/h2>\n<p>En realidad, a estas alturas es poco lo que se puede hacer para evitarlo, aunque <strong>se pueden mitigar sus efectos <\/strong>de los cielos. Lo primero que debemos hacer es aprender a identificarlo para anticipar su evoluci\u00f3n a partir de los datos que nos den los sat\u00e9lites climatol\u00f3gicos para establecer una m\u00e1s eficiente gesti\u00f3n del clima. Asimismo, crear pol\u00edticas p\u00fablicas que sean enfrenten este comportamiento atmosf\u00e9rico soport\u00e1ndose en datos reales.<\/p>\n<p>Para finalizar, la r\u00e1pida desaparici\u00f3n y migraci\u00f3n a los polos de la nubosidad de baja altura es un grave problema ambiental que se puede ver en los cielos (que va m\u00e1s all\u00e1 de la sequ\u00eda como la que ocurre en Marruecos y que est\u00e1 planificando <a href=\"https:\/\/www.ecoticias.com\/hoyeco\/marruecos-espana-siembra-nubes\/5342\/\">enfrentarla con la siembra de nubes<\/a>). Pero tambi\u00e9n se ha convertido en una amenaza a la salud p\u00fablica porque se est\u00e1n incrementando los casos de c\u00e1ncer de piel.<\/p>\n","protected":false},"excerpt":{"rendered":"<p>Al levantar la mirada hacia el firmamento, podemos contemplar la hermosura que nos brinda que nos hace pensar en las &#8230; <\/p>\n<p class=\"read-more-container\"><a title=\"Algo inesperado ha estado ocurriendo en los cielos, no es bueno: Si miras bien podr\u00edas notarlo\" class=\"read-more button\" href=\"https:\/\/www.ecoticias.com\/hoyeco\/cielos-reduccion-nubes\/25599\/#more-25599\" aria-label=\"Leer m\u00e1s sobre Algo inesperado ha estado ocurriendo en los cielos, no es bueno: Si miras bien podr\u00edas notarlo\">Read more<\/a><\/p>\n","protected":false},"author":6,"featured_media":25601,"comment_status":"closed","ping_status":"closed","sticky":false,"template":"","format":"standard","meta":{"footnotes":""},"categories":[2],"tags":[],"class_list":["post-25599","post","type-post","status-publish","format-standard","has-post-thumbnail","hentry","category-actualidad","resize-featured-image"],"_links":{"self":[{"href":"https:\/\/www.ecoticias.com\/hoyeco\/wp-json\/wp\/v2\/posts\/25599","targetHints":{"allow":["GET"]}}],"collection":[{"href":"https:\/\/www.ecoticias.com\/hoyeco\/wp-json\/wp\/v2\/posts"}],"about":[{"href":"https:\/\/www.ecoticias.com\/hoyeco\/wp-json\/wp\/v2\/types\/post"}],"author":[{"embeddable":true,"href":"https:\/\/www.ecoticias.com\/hoyeco\/wp-json\/wp\/v2\/users\/6"}],"replies":[{"embeddable":true,"href":"https:\/\/www.ecoticias.com\/hoyeco\/wp-json\/wp\/v2\/comments?post=25599"}],"version-history":[{"count":0,"href":"https:\/\/www.ecoticias.com\/hoyeco\/wp-json\/wp\/v2\/posts\/25599\/revisions"}],"wp:featuredmedia":[{"embeddable":true,"href":"https:\/\/www.ecoticias.com\/hoyeco\/wp-json\/wp\/v2\/media\/25601"}],"wp:attachment":[{"href":"https:\/\/www.ecoticias.com\/hoyeco\/wp-json\/wp\/v2\/media?parent=25599"}],"wp:term":[{"taxonomy":"category","embeddable":true,"href":"https:\/\/www.ecoticias.com\/hoyeco\/wp-json\/wp\/v2\/categories?post=25599"},{"taxonomy":"post_tag","embeddable":true,"href":"https:\/\/www.ecoticias.com\/hoyeco\/wp-json\/wp\/v2\/tags?post=25599"}],"curies":[{"name":"wp","href":"https:\/\/api.w.org\/{rel}","templated":true}]}}