{"id":25807,"date":"2025-07-07T15:00:09","date_gmt":"2025-07-07T13:00:09","guid":{"rendered":"https:\/\/www.ecoticias.com\/hoyeco\/?p=25807"},"modified":"2025-07-07T15:00:09","modified_gmt":"2025-07-07T13:00:09","slug":"espana-victimas-golpe-de-calor","status":"publish","type":"post","link":"https:\/\/www.ecoticias.com\/hoyeco\/espana-victimas-golpe-de-calor\/25807\/","title":{"rendered":"Espa\u00f1a en vilo, reaparece la amenaza silenciosa m\u00e1s peligrosa: Ya est\u00e1 cobrando vidas"},"content":{"rendered":"<p>La existencia humana es fr\u00e1gil, y las condiciones que presenta el medioambiente tienen una influencia determinante, pues cualquier cambio dr\u00e1stico que provoque exceso de fr\u00edo o calor, o desastres como inundaciones o sequ\u00edas, puede generar cambios org\u00e1nicos que afecten la salud de forma permanente. As\u00ed que actualmente, Espa\u00f1a est\u00e1 en vilo porque reaparece la amenaza silenciosa m\u00e1s peligrosa y ya est\u00e1 cobrando vidas.<\/p>\n<h2>Hay amenazas que se pueden evitar f\u00e1cilmente<\/h2>\n<p>Hoy en d\u00eda, el clima resulta muy cambiante, y quienes realizan sus actividades laborales a la intemperie pueden ser perjudicados por las temperaturas extremas. Sin embargo, a diferencia de lo que ocurr\u00eda anteriormente, hoy en d\u00eda los empleados de todas las empresas est\u00e1n amparados por la Ley de Prevenci\u00f3n de Riesgos Laborales, que les brinda protecci\u00f3n para evitar los peligros generados por las condiciones ambientales.<\/p>\n<p>En ese sentido, la legislaci\u00f3n establece que <strong>la <\/strong><strong>Agencia Estatal de Meteorolog\u00eda (AEMET) ser\u00e1 el organismo responsable de emitir las alertas<\/strong> para que las empresas activen las medidas preventivas correspondientes en cada caso, que podr\u00edan llevar hasta la suspensi\u00f3n temporal del trabajo. Y esta temporada ya tiene a Espa\u00f1a en alerta, porque reapareci\u00f3 una amenaza que ya ha cuenta sus primeras v\u00edctimas.<\/p>\n<h2>Espa\u00f1a vive uno de los veranos m\u00e1s intensos<\/h2>\n<p>El continente europeo est\u00e1 experimentando un verano particularmente c\u00e1lido este a\u00f1o, y como era de esperarse, Espa\u00f1a es uno de los lugares <strong>donde las altas temperaturas est\u00e1n llegando a niveles inusuales<\/strong>, que superan los registros de temporadas anteriores. Ahora bien, esta situaci\u00f3n se est\u00e1 volviendo tan peligrosa para ciertos sectores de la poblaci\u00f3n, que ya ha provocado el fallecimiento de al menos 5 personas.<\/p>\n<p>Se trata de 4 empleados que, debido al tipo de labores que realizaban, permanecieron expuestos a los rigores del sol y las altas temperaturas de este inicio de verano, mientras que el quinto trabajaba dentro de una instalaci\u00f3n de tipo industrial que no estaba equipada con lo necesario para disminuir el calor. Es decir, que todos ellos fueron v\u00edctimas de golpes de calor, y eso que apenas se est\u00e1 iniciando la \u00e9poca de verano.<\/p>\n<p>La afectaci\u00f3n por el calor excesivo no deber\u00eda ser mortal, pero hay quienes ignoran los primeros s\u00edntomas porque est\u00e1n acostumbrados a soportar una elevada intensidad t\u00e9rmica, y cuando finalmente recurren a los servicios m\u00e9dicos, ya el da\u00f1o est\u00e1 hecho. Para evitar esta amenaza, es necesario que se tome conciencia (como usar <a href=\"https:\/\/www.ecoticias.com\/hoyeco\/bio-hormigon-que-respira\/9358\/\">este tipo de materiales aislantes<\/a> al momento de construir).<\/p>\n<p>Entre estos se encuentran los mayores de 65 a\u00f1os y los menores de 4 a\u00f1os, las personas con enfermedades cr\u00f3nicas, los que toman diur\u00e9ticos y otros medicamentos que reduzcan su resistencia al calor. As\u00ed como tambi\u00e9n los que tengan que estar expuestos por m\u00e1s tiempo al sol, especialmente en Espa\u00f1a, debido al trabajo, porque vivan en la calle y por cualquier otra raz\u00f3n, ya que <strong>tendr\u00e1n que tomar medidas preventivas.<\/strong><\/p>\n<h2>La prevenci\u00f3n es esencial para sobrevivir al verano<\/h2>\n<p>Las medidas de prevenci\u00f3n contra los mortales golpes de calor son sencillas y se basan en el sentido com\u00fan, tal vez por eso son pasadas por alto. <strong>Para disfrutar del verano en Espa\u00f1a, hay que mantener una hidrataci\u00f3n adecuada<\/strong>, no exponerse al sol entre las 2 y las 7 de la tarde y, si es inevitable hacerlo, es necesario usar protecci\u00f3n solar en la piel, vestirse con ropas frescas que cubran todo el cuerpo, usar gafas de sol y sombrero.<\/p>\n<p>El continente europeo est\u00e1 viviendo uno de los veranos m\u00e1s intensos y en Espa\u00f1a las altas temperaturas est\u00e1n alcanzando niveles tan inusuales, que superan los registros de temporadas anteriores (pero puedes refrescarte <a href=\"https:\/\/www.ecoticias.com\/hoyeco\/veranos-aire-acondicionado-consejos\/24558\/\">sin caer en la ruina<\/a>). Esta situaci\u00f3n se est\u00e1 volviendo tan riesgosa para ciertos sectores de la poblaci\u00f3n, que ya ha provocado el fallecimiento de al menos 5 trabajadores. La legislaci\u00f3n es tajante a favor de los derechos del trabajador, as\u00ed que a estar atentos a los que se debe hacer un d\u00eda de alto calor y expuestos a sol directo para no lamentar vidas ni multas.<\/p>\n","protected":false},"excerpt":{"rendered":"<p>La existencia humana es fr\u00e1gil, y las condiciones que presenta el medioambiente tienen una influencia determinante, pues cualquier cambio dr\u00e1stico &#8230; <\/p>\n<p class=\"read-more-container\"><a title=\"Espa\u00f1a en vilo, reaparece la amenaza silenciosa m\u00e1s peligrosa: Ya est\u00e1 cobrando vidas\" class=\"read-more button\" href=\"https:\/\/www.ecoticias.com\/hoyeco\/espana-victimas-golpe-de-calor\/25807\/#more-25807\" aria-label=\"Leer m\u00e1s sobre Espa\u00f1a en vilo, reaparece la amenaza silenciosa m\u00e1s peligrosa: Ya est\u00e1 cobrando vidas\">Read more<\/a><\/p>\n","protected":false},"author":6,"featured_media":25809,"comment_status":"closed","ping_status":"closed","sticky":false,"template":"","format":"standard","meta":{"footnotes":""},"categories":[2],"tags":[],"class_list":["post-25807","post","type-post","status-publish","format-standard","has-post-thumbnail","hentry","category-actualidad","resize-featured-image"],"_links":{"self":[{"href":"https:\/\/www.ecoticias.com\/hoyeco\/wp-json\/wp\/v2\/posts\/25807","targetHints":{"allow":["GET"]}}],"collection":[{"href":"https:\/\/www.ecoticias.com\/hoyeco\/wp-json\/wp\/v2\/posts"}],"about":[{"href":"https:\/\/www.ecoticias.com\/hoyeco\/wp-json\/wp\/v2\/types\/post"}],"author":[{"embeddable":true,"href":"https:\/\/www.ecoticias.com\/hoyeco\/wp-json\/wp\/v2\/users\/6"}],"replies":[{"embeddable":true,"href":"https:\/\/www.ecoticias.com\/hoyeco\/wp-json\/wp\/v2\/comments?post=25807"}],"version-history":[{"count":0,"href":"https:\/\/www.ecoticias.com\/hoyeco\/wp-json\/wp\/v2\/posts\/25807\/revisions"}],"wp:featuredmedia":[{"embeddable":true,"href":"https:\/\/www.ecoticias.com\/hoyeco\/wp-json\/wp\/v2\/media\/25809"}],"wp:attachment":[{"href":"https:\/\/www.ecoticias.com\/hoyeco\/wp-json\/wp\/v2\/media?parent=25807"}],"wp:term":[{"taxonomy":"category","embeddable":true,"href":"https:\/\/www.ecoticias.com\/hoyeco\/wp-json\/wp\/v2\/categories?post=25807"},{"taxonomy":"post_tag","embeddable":true,"href":"https:\/\/www.ecoticias.com\/hoyeco\/wp-json\/wp\/v2\/tags?post=25807"}],"curies":[{"name":"wp","href":"https:\/\/api.w.org\/{rel}","templated":true}]}}