{"id":25897,"date":"2025-07-12T16:00:52","date_gmt":"2025-07-12T14:00:52","guid":{"rendered":"https:\/\/www.ecoticias.com\/hoyeco\/?p=25897"},"modified":"2025-07-12T16:00:52","modified_gmt":"2025-07-12T14:00:52","slug":"ricos-vuelos-premium-contaminan","status":"publish","type":"post","link":"https:\/\/www.ecoticias.com\/hoyeco\/ricos-vuelos-premium-contaminan\/25897\/","title":{"rendered":"Ser ricos les da derecho a vivir como prefieran: Pero \u00bftambi\u00e9n de acelerar la destrucci\u00f3n del planeta?"},"content":{"rendered":"<p>Desde que el mundo es mundo, siempre han existido aquellos afortunados que poseen bienes materiales y dinero de sobra que les permite llevar un estilo de vida m\u00e1s que satisfactorio y donde pueden realizar actividades que, algunas veces, son re\u00f1idas con el bien com\u00fan. Por lo tanto, ser ricos no les exime del deber de no acelerar el exterminio del planeta. Veamos este caso m\u00e1s de cerca.<\/p>\n<h2>Una habilidad de los ricos poco valorada<\/h2>\n<p>El sector de la aviaci\u00f3n <strong>es uno de los m\u00e1s contaminantes para el ambiente de la Tierra<\/strong>, puesto que implica aproximadamente el 5 % del total de las emisiones globales de gases de efecto invernadero como los \u00f3xidos nitrosos y de azufre, estelas producidas por la condensaci\u00f3n, di\u00f3xido de carbono y otros elementos que coadyuvan al Cambio Clim\u00e1tico y su consecuencia m\u00e1s inmediata, el Calentamiento Global.<\/p>\n<p>Efectivamente, las emisiones atribuidas a este medio de transporte para el 2024 sobrepasaron las 950 Mt y en este 2025 se estima que llegue a los incre\u00edbles niveles del 2019. Este crecimiento se debe a que el uso de los aviones ha tenido un gran aumento, quiz\u00e1 porque ahora somos m\u00e1s ricos. Es por ello que se est\u00e1n buscando soluciones que hagan que sea m\u00e1s sostenible, sin embargo, esto es m\u00e1s dif\u00edcil de lo que parece.<\/p>\n<h2>Los viajes a\u00e9reos perjudican el planeta<\/h2>\n<p>Como quien dice, <strong>todo el mundo tiene derecho a llevar su vida como mejor le convenga<\/strong>, pero en el caso de los ricos esto no incluye que puedan acelerar la destrucci\u00f3n del planeta. Lo que viene a colaci\u00f3n puesto que se ha comprobado que el 1 % de los pasajeros premium y los que usan aeronaves privadas contaminan mucho m\u00e1s que el 50 % de los viajes por aire de la clase comercial normal.<\/p>\n<p>Pero la peor noticia es que, en el caso de los vuelos privados, las m\u00e1quinas usadas en este transporte a\u00f1o a a\u00f1o incrementan sus emisiones. Entre el 2019 y el 2023 este aumento ha sido, por decir lo menos, exagerado puesto que fue del 46 %. Por esta raz\u00f3n, durante el evento de la ONU que tuvo lugar en Sevilla ha surgido una propuesta muy interesante por parte de un grupo de pa\u00edses.<\/p>\n<p>Los cuales est\u00e1n preocupados en mitigar el impacto que los aviones tienen sobre el medio ambiente. Dicha propuesta es la esperada en estos casos: gravar con una tasa especial a los viajeros de la clase ejecutiva y a los que vuelan en aeronaves privadas. Los pa\u00edses que apoyaron esta moci\u00f3n fueron Espa\u00f1a, Kenia, Sierra Leona, Barbados, Francia, Ben\u00edn, Antigua y Barbuda y Somalia.<\/p>\n<p>Esta idea est\u00e1 fundamentada en los acuerdos establecidos en las COP 28 y 29 en el sentido de hacer a que los ricos contribuyan con la lucha contra la contaminaci\u00f3n y el cambio clim\u00e1tico (Espa\u00f1a lo hace con el <a href=\"https:\/\/www.ecoticias.com\/hoyeco\/primer-avion-fotovoltaico-historia\/11867\/\">primer avi\u00f3n fotovoltaico del mundo<\/a>) que lleva adelante el mundo. Con esta tasa se ayudar\u00eda a financiar las actividades necesarias. De esta forma se estimular\u00eda el uso de <strong>otras alternativas para volar que sean menos contaminantes<\/strong>.<\/p>\n<h2>Lo que las compa\u00f1\u00edas est\u00e1n haciendo respecto a los vuelos privados y pasajeros premium<\/h2>\n<p>Varias compa\u00f1\u00edas han anunciado que en el corto plazo reducir\u00e1n gradualmente, hasta eliminar, el uso de ese estilo de viajar para ricos entre sus ejecutivos a la vez que los <strong>incentivan para usar vuelos convencionales<\/strong>. Esto har\u00e1 que las l\u00edneas comerciales creen y ampl\u00eden su oferta para viajeros del sector corporativo y privado que resulten menos onerosas y c\u00f3modas, pero sostenibles y m\u00e1s ecol\u00f3gicas.<\/p>\n<p>Como conclusi\u00f3n, aunque tengan derecho a vivir la vida de su preferencia, el ser ricos no les autoriza a que aceleren el da\u00f1o que se produce al medio ambiente por contaminaci\u00f3n (aunque ya hay un m\u00e9todo de energ\u00eda <a href=\"https:\/\/www.ecoticias.com\/hoyeco\/absorber-contaminacion-geotermia\/3545\/\">que permite capturarla<\/a>) con viajes a\u00e9reos premium. Es por ello que un grupo de pa\u00edses, entre los que se incluye a Espa\u00f1a, ha propuesto gravarlos y las empresas planean reducir estos vuelos privados.<\/p>\n","protected":false},"excerpt":{"rendered":"<p>Desde que el mundo es mundo, siempre han existido aquellos afortunados que poseen bienes materiales y dinero de sobra que &#8230; <\/p>\n<p class=\"read-more-container\"><a title=\"Ser ricos les da derecho a vivir como prefieran: Pero \u00bftambi\u00e9n de acelerar la destrucci\u00f3n del planeta?\" class=\"read-more button\" href=\"https:\/\/www.ecoticias.com\/hoyeco\/ricos-vuelos-premium-contaminan\/25897\/#more-25897\" aria-label=\"Leer m\u00e1s sobre Ser ricos les da derecho a vivir como prefieran: Pero \u00bftambi\u00e9n de acelerar la destrucci\u00f3n del planeta?\">Read more<\/a><\/p>\n","protected":false},"author":6,"featured_media":25899,"comment_status":"closed","ping_status":"closed","sticky":false,"template":"","format":"standard","meta":{"footnotes":""},"categories":[6],"tags":[],"class_list":["post-25897","post","type-post","status-publish","format-standard","has-post-thumbnail","hentry","category-movilidad","resize-featured-image"],"_links":{"self":[{"href":"https:\/\/www.ecoticias.com\/hoyeco\/wp-json\/wp\/v2\/posts\/25897","targetHints":{"allow":["GET"]}}],"collection":[{"href":"https:\/\/www.ecoticias.com\/hoyeco\/wp-json\/wp\/v2\/posts"}],"about":[{"href":"https:\/\/www.ecoticias.com\/hoyeco\/wp-json\/wp\/v2\/types\/post"}],"author":[{"embeddable":true,"href":"https:\/\/www.ecoticias.com\/hoyeco\/wp-json\/wp\/v2\/users\/6"}],"replies":[{"embeddable":true,"href":"https:\/\/www.ecoticias.com\/hoyeco\/wp-json\/wp\/v2\/comments?post=25897"}],"version-history":[{"count":0,"href":"https:\/\/www.ecoticias.com\/hoyeco\/wp-json\/wp\/v2\/posts\/25897\/revisions"}],"wp:featuredmedia":[{"embeddable":true,"href":"https:\/\/www.ecoticias.com\/hoyeco\/wp-json\/wp\/v2\/media\/25899"}],"wp:attachment":[{"href":"https:\/\/www.ecoticias.com\/hoyeco\/wp-json\/wp\/v2\/media?parent=25897"}],"wp:term":[{"taxonomy":"category","embeddable":true,"href":"https:\/\/www.ecoticias.com\/hoyeco\/wp-json\/wp\/v2\/categories?post=25897"},{"taxonomy":"post_tag","embeddable":true,"href":"https:\/\/www.ecoticias.com\/hoyeco\/wp-json\/wp\/v2\/tags?post=25897"}],"curies":[{"name":"wp","href":"https:\/\/api.w.org\/{rel}","templated":true}]}}