{"id":26144,"date":"2025-07-15T16:30:34","date_gmt":"2025-07-15T14:30:34","guid":{"rendered":"https:\/\/www.ecoticias.com\/hoyeco\/?p=26144"},"modified":"2025-07-15T16:30:34","modified_gmt":"2025-07-15T14:30:34","slug":"reunion-mineria-submarina","status":"publish","type":"post","link":"https:\/\/www.ecoticias.com\/hoyeco\/reunion-mineria-submarina\/26144\/","title":{"rendered":"La reuni\u00f3n m\u00e1s importante de la historia: \u00bfDejaremos que la ambici\u00f3n desmedida destruya el mundo?"},"content":{"rendered":"<p>Dentro de pocos d\u00edas se llevar\u00e1 a cabo la <span data-sheets-root=\"1\"><strong>reuni\u00f3n<\/strong> m\u00e1s importante de la historia porque en ella se decidir\u00e1 si se permitir\u00e1 que la ambici\u00f3n desmedida de algunas personas u organizaciones conduzca al mundo a su inexorable destrucci\u00f3n. Te sorprender\u00e1s al saber qui\u00e9nes asistir\u00e1n a este encuentro y cu\u00e1les son sus planteamientos.\u00a0<\/span><\/p>\n<h2><span data-sheets-root=\"1\">En la reuni\u00f3n se buscar\u00e1 atar nuevamente a los ambiciosos mineros recientemente desatados<\/span><\/h2>\n<p>En los \u00faltimos a\u00f1os las organizaciones, grupos y personalidades conservacionistas se han mostrado cada vez m\u00e1s preocupados por las<strong> acciones que est\u00e1n llevando a cabo poderosas corporaciones multinacionales<\/strong> con el prop\u00f3sito de explotar recursos en cualquier parte del mundo sin importarles el impacto ambiental.<\/p>\n<p>La preocupaci\u00f3n se incrementa cuando se observa que hasta hace poco ciertas zonas del planeta estaban protegidas o las actividades en ellas estaban en cierto modo prohibidas, pero recientemente se han liberado las amarras de poderosas empresas para que inicien la exploraci\u00f3n y explotaci\u00f3n en ecosistemas fr\u00e1giles como el lecho oce\u00e1nico.<\/p>\n<p>De hecho, los yacimientos mineros en <strong>los fondos marinos internacionales est\u00e1n a punto de empezar a ser explotados comercialmente<\/strong> por parte de una empresa canadiense aunque exista un gran clamor mundial sobre la necesidad de proteger y salvaguardar el lecho oce\u00e1nico para las futuras generaciones.<\/p>\n<h2>Trump ha dado la se\u00f1al de partida en una carrera alocada por las riquezas profundas<\/h2>\n<p>La solicitud efectuada por la compa\u00f1\u00eda The Metals Company (TMC) para iniciar la extracci\u00f3n de polimet\u00e1licos en yacimientos oce\u00e1nicos fue realizada luego de una orden de Donald Trump para agilizar este tipo de licencia y\u00a0 todav\u00eda no ha sido evaluada por parte de la Administraci\u00f3n Nacional Oce\u00e1nica y Atmosf\u00e9rica de Estados Unidos.<\/p>\n<p>El presidente Trump firm\u00f3 una <strong>orden ejecutiva demandando la agilizaci\u00f3n de las solicitudes de exploraci\u00f3n del lecho marino<\/strong> efectuada por compa\u00f1\u00edas privadas dedicadas a la b\u00fasqueda de minerales preciosos y cr\u00edticos y en este contexto ISA, la Autoridad Internacional de los Fondos Marinos, est\u00e1 tratando de imponer reglas regulatorias de estas actividades.<\/p>\n<p>Espec\u00edficamente, en Jamaica se estar\u00edan realizando negociaciones para el establecimiento de un c\u00f3digo regulatorio de la miner\u00eda submarina, un tipo de explotaci\u00f3n que engloba actividades industriales en ambientes donde prevalece un delicado ecosistema y que por ende preocupa a los ambientalistas.<\/p>\n<p>Ante el fuerte impulso dado por la nueva administraci\u00f3n estadounidense a la miner\u00eda oce\u00e1nica las organizaciones ambientalistas y muchos gobiernos del mundo han encendido las alarmas y<strong> bajo este escenario de cautela y preocupaci\u00f3n se llevar\u00e1 a cabo el encuentro en Jamaica<\/strong> con el prop\u00f3sito de poner reglas claras.<\/p>\n<p class=\"ft-text\">Hasta el 18 de julio se realizar\u00e1n las reuniones programadas por parte del Consejo de ISA en tanto que del 21 al 25 de este mismo mes se llevar\u00e1 a cabo la Asamblea, plante\u00e1ndose <a href=\"https:\/\/www.ecoticias.com\/medio-ambiente\/industria-minera-aguas-profundas\">medidas para enfrentar la destructiva industria minera de aguas profundas despertada por Trump<\/a> cuando firm\u00f3 la orden ejecutiva en abril de 2025.<\/p>\n<h2>Unos pocos inexpertos buscan lanzarse al mar mientras muchos expertos tratan de imped\u00edrselo<\/h2>\n<p>En este contexto la Deep Sea Conservation Coalition (DSCC) que re\u00fane a m\u00e1s de 130 sociedades hizo un llamado a la comunidad internacional para el establecimiento de una moratoria a esta miner\u00eda con el fin de evitar que se produzcan da\u00f1os permanentes en los ecosistemas de las profundidades oce\u00e1nicas.<\/p>\n<p>La moratoria para detener los proyectos es por parte de 37 pa\u00edses que ven con preocupaci\u00f3n como en algunos proyectos existentes <strong>ya se est\u00e1n haciendo preparativos para la extracci\u00f3n de diversos minerales y otros elementos de inter\u00e9s comercial<\/strong>, lo cual ha hecho que se pronuncien:<\/p>\n<ul>\n<li>Instituciones financieras<\/li>\n<li>Empresas<\/li>\n<li>Expertos en derechos humanos<\/li>\n<li>Cient\u00edficos<\/li>\n<li>Comunidades de pescadores<\/li>\n<\/ul>\n<p class=\"ft-text\">Los expertos estiman que contar con una base cient\u00edfica adecuada es imprescindible para la toma de decisiones sobre estas actividades mineras pero requerir\u00e1 de una d\u00e9cada o m\u00e1s, seg\u00fan la asesora de pol\u00edticas del DSCC, Emma Wilson, mientras tanto es necesario calmar los \u00edmpetus de empresas sin conocimientos sobre la importancia del lecho oce\u00e1nico.<\/p>\n<p class=\"ft-text\">En conclusi\u00f3n, a la <a href=\"https:\/\/www.ecoticias.com\/residuos-reciclaje\/contaminacion-nanoplasticos-oceanos\">contaminaci\u00f3n por nanopl\u00e1sticos en los oc\u00e9anos<\/a> se suma el riesgo de la miner\u00eda submarina de all\u00ed que en la importante <strong>reuni\u00f3n<\/strong> que se llevar\u00e1 a cabo en Jamaica en los pr\u00f3ximos d\u00edas los expertos conservacionistas se esforzar\u00e1n en frenar la ambici\u00f3n desmedida destructora de algunas empresas mineras.<\/p>\n","protected":false},"excerpt":{"rendered":"<p>Dentro de pocos d\u00edas se llevar\u00e1 a cabo la reuni\u00f3n m\u00e1s importante de la historia porque en ella se decidir\u00e1 &#8230; <\/p>\n<p class=\"read-more-container\"><a title=\"La reuni\u00f3n m\u00e1s importante de la historia: \u00bfDejaremos que la ambici\u00f3n desmedida destruya el mundo?\" class=\"read-more button\" href=\"https:\/\/www.ecoticias.com\/hoyeco\/reunion-mineria-submarina\/26144\/#more-26144\" aria-label=\"Leer m\u00e1s sobre La reuni\u00f3n m\u00e1s importante de la historia: \u00bfDejaremos que la ambici\u00f3n desmedida destruya el mundo?\">Read more<\/a><\/p>\n","protected":false},"author":9,"featured_media":26164,"comment_status":"closed","ping_status":"closed","sticky":false,"template":"","format":"standard","meta":{"footnotes":""},"categories":[5],"tags":[],"class_list":["post-26144","post","type-post","status-publish","format-standard","has-post-thumbnail","hentry","category-energia","resize-featured-image"],"_links":{"self":[{"href":"https:\/\/www.ecoticias.com\/hoyeco\/wp-json\/wp\/v2\/posts\/26144","targetHints":{"allow":["GET"]}}],"collection":[{"href":"https:\/\/www.ecoticias.com\/hoyeco\/wp-json\/wp\/v2\/posts"}],"about":[{"href":"https:\/\/www.ecoticias.com\/hoyeco\/wp-json\/wp\/v2\/types\/post"}],"author":[{"embeddable":true,"href":"https:\/\/www.ecoticias.com\/hoyeco\/wp-json\/wp\/v2\/users\/9"}],"replies":[{"embeddable":true,"href":"https:\/\/www.ecoticias.com\/hoyeco\/wp-json\/wp\/v2\/comments?post=26144"}],"version-history":[{"count":0,"href":"https:\/\/www.ecoticias.com\/hoyeco\/wp-json\/wp\/v2\/posts\/26144\/revisions"}],"wp:featuredmedia":[{"embeddable":true,"href":"https:\/\/www.ecoticias.com\/hoyeco\/wp-json\/wp\/v2\/media\/26164"}],"wp:attachment":[{"href":"https:\/\/www.ecoticias.com\/hoyeco\/wp-json\/wp\/v2\/media?parent=26144"}],"wp:term":[{"taxonomy":"category","embeddable":true,"href":"https:\/\/www.ecoticias.com\/hoyeco\/wp-json\/wp\/v2\/categories?post=26144"},{"taxonomy":"post_tag","embeddable":true,"href":"https:\/\/www.ecoticias.com\/hoyeco\/wp-json\/wp\/v2\/tags?post=26144"}],"curies":[{"name":"wp","href":"https:\/\/api.w.org\/{rel}","templated":true}]}}