{"id":2633,"date":"2024-02-08T15:30:45","date_gmt":"2024-02-08T14:30:45","guid":{"rendered":"https:\/\/ecoticias.com\/hoyeco\/?p=2633"},"modified":"2024-02-08T15:30:45","modified_gmt":"2024-02-08T14:30:45","slug":"suv-vetados-en-esta-gran-ciudad","status":"publish","type":"post","link":"https:\/\/www.ecoticias.com\/hoyeco\/suv-vetados-en-esta-gran-ciudad\/2633\/","title":{"rendered":"Los SUV, vetados para siempre de esta gran ciudad: multas de casi 20 euros por hora a quienes se atrevan a circular"},"content":{"rendered":"<p>Los SUV son uno de los tipos de <a href=\"https:\/\/ecoticias.com\/hoyeco\/top-10-coches-mas-sostenibles\/1501\/\" target=\"_blank\" rel=\"noopener\">veh\u00edculos m\u00e1s vendidos en todo el mundo<\/a>, adorados por millones de personas gracias a sus m\u00faltiples ventajas, pero tienen tambi\u00e9n algunos detalles en contra que hay que plantearse. <strong>Los SUV han sido vetados en esta gran ciudad<\/strong>, y quienes se salten la norma tendr\u00e1n que pagar casi 20 euros por hora&#8230; \u00a1acabar\u00e1n con ellos!.<\/p>\n<h2>\u00bfC\u00f3mo son los veh\u00edculos SUV?<\/h2>\n<p>Un veh\u00edculo SUV tiene una carrocer\u00eda que destaca por tener las<strong> ruedas grandes y una mayor altura de conducci\u00f3n<\/strong> que ofrece una gran visibilidad, adem\u00e1s de mucho espacio \u00fatil en el interior. Con apariencia robusta y deportiva, su objetivo es llevarte a cualquier lugar, sea cual sea el terreno, ideal tanto para el transporte de pasajeros como de carga, incluso las m\u00e1s inc\u00f3modas o pesadas.<\/p>\n<p>Los SUV<strong> se adaptan perfectamente a todo tipo de condiciones en la carretera<\/strong>, sea cual sea la superficie, incluso las m\u00e1s irregulares, y para cualquier condici\u00f3n climatol\u00f3gica. Se le conoce por sus siglas, que significan Sport Utility Vehicle (en espa\u00f1ol, veh\u00edculo utilitario deportivo), y es un veh\u00edculo que aprovecha al m\u00e1ximo las ventajas de otras categor\u00edas de autom\u00f3viles, un todo en uno ideal para combinar actividades de ocio al aire libre con el d\u00eda a d\u00eda en la ciudad.<\/p>\n<h2>Par\u00eds veta los SUV y les pone una tarifa prohibitiva por circular en la ciudad<\/h2>\n<p>Los parisinos tuvieron que votar el pasado domingo sobre si estaban a favor o en contra de la creaci\u00f3n de una <strong>tarifa espec\u00edfica para el estacionamiento de veh\u00edculos pesados y contaminantes<\/strong>. Aunque \u00fanicamente fueron a las urnas el 5,7% de los ciudadanos que pod\u00edan hacerlo, m\u00e1s del 54% de los asistentes apoyaron la medida, lo que provoca que se hayan triplicado las tarifas de aparcamiento urbano para ese tipo de veh\u00edculos. Una hora de aparcamiento en la capital francesa para los SUV tendr\u00e1 un coste de casi 20 euros.<\/p>\n<p>El objetivo de esta medida propuesta por el ayuntamiento parisino es hacer de Par\u00eds una ciudad m\u00e1s sostenible, adem\u00e1s de m\u00e1s amigable para ciclistas y peatones. La votaci\u00f3n llevada a cabo forma parte de la campa\u00f1a dise\u00f1ada por la alcaldesa parisina, <strong>Anne Hidalgo<\/strong>, para poner a punto a la ciudad de cara a los Juegos Ol\u00edmpicos que acoger\u00e1 este mismo verano. Hidalgo justifica esta medida contra los <strong>SUV<\/strong> por ocupar demasiado espacio en las estrechas calles de la ciudad, por causar m\u00e1s accidentes que los coches m\u00e1s peque\u00f1os y por ser m\u00e1s contaminantes.<\/p>\n<p>Es importante dejar claro que estas desorbitadas tarifas no se van a aplicar a todos los veh\u00edculos grandes, \u00fanicamente a <strong>aquellos que pesen m\u00e1s de 1,6 toneladas<\/strong>, adem\u00e1s de a los coches el\u00e9ctricos que superen las 2 toneladas. La norma tendr\u00e1 excepciones, como en el caso de los conductores que tengan un permiso especial, ya sea por ser residentes, por tener un negocio en el centro de Par\u00eds, por ser un taxi, sanitarios, profesionales o Personas con Movilidad Reducida (PMR) entre otras.<\/p>\n<h2>Tarifas triplicadas por aparcar en Par\u00eds<\/h2>\n<p>Tras los resultados de esta votaci\u00f3n llevada a cabo por el ayuntamiento capitalino, aquellos veh\u00edculos SUV o pesados que quieran aparcar su coche en los distritos del 1 al 11 tendr\u00e1n que pagar 18 euros por hora durante las dos primeras, mientras que los veh\u00edculos peque\u00f1os \u00fanicamente pagar\u00e1n 6 euros la hora. Una vez transcurridas las dos primeras horas, el precio ir\u00e1 aumentando por hora hasta tener que<strong> pagar 225 euros por tan s\u00f3lo 6 horas de aparcamiento<\/strong>. En el caso de los distritos exteriores, del 12 al 20, el precio ser\u00e1 de 12 euros por cada una de las dos primeras horas, y un total de 150 por 6 horas.<\/p>\n<p>Si tienes un SUV o un gran veh\u00edculo y tienes pensado circular por Par\u00eds, ten en cuenta estas tarifas para saber lo que te espera. Merece la pena <a href=\"https:\/\/ecoticias.com\/hoyeco\/nuevos-suv-marcas-chinas\/1155\/\" target=\"_blank\" rel=\"noopener\">comprar uno de los SUV que est\u00e1n dominando el mercado<\/a>, pero en la capital francesa es mejor dejarlos fuera y moverte en transporte p\u00fablico.<\/p>\n","protected":false},"excerpt":{"rendered":"<p>Los SUV son uno de los tipos de veh\u00edculos m\u00e1s vendidos en todo el mundo, adorados por millones de personas &#8230; <\/p>\n<p class=\"read-more-container\"><a title=\"Los SUV, vetados para siempre de esta gran ciudad: multas de casi 20 euros por hora a quienes se atrevan a circular\" class=\"read-more button\" href=\"https:\/\/www.ecoticias.com\/hoyeco\/suv-vetados-en-esta-gran-ciudad\/2633\/#more-2633\" aria-label=\"Leer m\u00e1s sobre Los SUV, vetados para siempre de esta gran ciudad: multas de casi 20 euros por hora a quienes se atrevan a circular\">Read more<\/a><\/p>\n","protected":false},"author":5,"featured_media":2692,"comment_status":"closed","ping_status":"closed","sticky":false,"template":"","format":"standard","meta":{"footnotes":""},"categories":[6],"tags":[25],"class_list":["post-2633","post","type-post","status-publish","format-standard","has-post-thumbnail","hentry","category-movilidad","tag-coches","resize-featured-image"],"_links":{"self":[{"href":"https:\/\/www.ecoticias.com\/hoyeco\/wp-json\/wp\/v2\/posts\/2633","targetHints":{"allow":["GET"]}}],"collection":[{"href":"https:\/\/www.ecoticias.com\/hoyeco\/wp-json\/wp\/v2\/posts"}],"about":[{"href":"https:\/\/www.ecoticias.com\/hoyeco\/wp-json\/wp\/v2\/types\/post"}],"author":[{"embeddable":true,"href":"https:\/\/www.ecoticias.com\/hoyeco\/wp-json\/wp\/v2\/users\/5"}],"replies":[{"embeddable":true,"href":"https:\/\/www.ecoticias.com\/hoyeco\/wp-json\/wp\/v2\/comments?post=2633"}],"version-history":[{"count":0,"href":"https:\/\/www.ecoticias.com\/hoyeco\/wp-json\/wp\/v2\/posts\/2633\/revisions"}],"wp:featuredmedia":[{"embeddable":true,"href":"https:\/\/www.ecoticias.com\/hoyeco\/wp-json\/wp\/v2\/media\/2692"}],"wp:attachment":[{"href":"https:\/\/www.ecoticias.com\/hoyeco\/wp-json\/wp\/v2\/media?parent=2633"}],"wp:term":[{"taxonomy":"category","embeddable":true,"href":"https:\/\/www.ecoticias.com\/hoyeco\/wp-json\/wp\/v2\/categories?post=2633"},{"taxonomy":"post_tag","embeddable":true,"href":"https:\/\/www.ecoticias.com\/hoyeco\/wp-json\/wp\/v2\/tags?post=2633"}],"curies":[{"name":"wp","href":"https:\/\/api.w.org\/{rel}","templated":true}]}}