{"id":26335,"date":"2025-07-20T16:00:28","date_gmt":"2025-07-20T14:00:28","guid":{"rendered":"https:\/\/www.ecoticias.com\/hoyeco\/?p=26335"},"modified":"2025-07-20T16:00:28","modified_gmt":"2025-07-20T14:00:28","slug":"uber-problema-llega-lyft-freenow","status":"publish","type":"post","link":"https:\/\/www.ecoticias.com\/hoyeco\/uber-problema-llega-lyft-freenow\/26335\/","title":{"rendered":"Uber en problemas en Europa y Espa\u00f1a: Tendr\u00e1 que sacrificar para sobrevivir y te beneficiar\u00e1"},"content":{"rendered":"<p>En el mundo corporativo, los distintos modelos de negocios est\u00e1n a la orden del d\u00eda, sobre todo aquellos que en el pasado no eran concebidos como tales, sino que eran considerados m\u00e1s un oficio que desempe\u00f1aban algunos para ganarse la vida. Te presentamos una empresa que se encuentra en plena expansi\u00f3n internacional y que significar\u00e1 problemas para Uber en Espa\u00f1a y Europa. Veamos esto.<\/p>\n<h2>La amenaza que Uber no se esperaba<\/h2>\n<p>Una plataforma de transporte masivo colaborativo, tambi\u00e9n conocida como ride \u2013 hailing, la cual tiene su sede en San Francisco, California, en los Estados Unidos y funciona en m\u00e1s de 350 ciudades de ese pa\u00eds y se ha expandido a Canad\u00e1, quiere debutar en Europa. Es un servicio de taxis privado donde los usuarios pueden solicitar traslados a cualquier sitio, con recogida en distintos lugares, mediante una app m\u00f3vil.<\/p>\n<p>Que hace de enlace con conductores que prestan el servicio en sus propios coches particulares, seleccion\u00e1ndolos con un criterio de cercan\u00eda geogr\u00e1fica a fin de que lleguen en el menor tiempo posible a su destino. <strong>Esta empresa ofrece variadas opciones de viaje<\/strong> como la premium, standard, scooters, bicis, entre otros, asimismo tiene planes que incluyen suscripci\u00f3n, recogidas y cancelaciones a precios reducidos, etc. lo que es muy parecido a Uber.<\/p>\n<h2>Se avizoran problemas para Uber en Espa\u00f1a y Europa<\/h2>\n<p>Lyft, la empresa norteamericana, tiene planes para expandirse a Espa\u00f1a y Europa, para ello el nueve de este mes de julio ha comenzado informando a la Comisi\u00f3n Nacional de los Mercados y la Competencia de Espa\u00f1a sobre sus intenciones de adquirir FREENOW que es una <strong>app de servicio de taxis compartida por Mercedes \u2013 Benz y BMW<\/strong>. Esta operaci\u00f3n es motivo de preocupaci\u00f3n para otro gigante del sector como lo es Uber.<\/p>\n<p>Ya que Lyft viene con precios bajos y seguramente traer\u00e1 ofertas para poder entrar en el mercado en forma exitosa, esto har\u00e1 que ambas empresas compitan en el mercado, particularmente Uber se ver\u00e1 obligada a sacrificar parte de sus ganancias (a menos que esta empresa quiera dejar a millones de sus socios <a href=\"https:\/\/www.ecoticias.com\/hoyeco\/uber-conduccion-autonoma-robotaxi\/20657\/\">sin empleo en toda Europa<\/a>). Esta lucha en los costos de los viajes ser\u00e1 muy beneficiosa para los pasajeros.<\/p>\n<p>Es de destacar que la compra est\u00e1 pautada por 175 millones de euros aunque la misma a\u00fan no est\u00e1 completada, puesto que en esta fase el ente regulatorio dispone de un mes para dar respuesta. En caso de que se considere que debe estudiarse de manera m\u00e1s detenida, entrar\u00eda en una nueva etapa que se podr\u00eda prolongar unos tres o cuatro meses en dar un veredicto respecto a la compra.<\/p>\n<p>Si la respuesta es positiva, como bien lo se\u00f1ala la agencia<em> Europa Press<\/em>, entonces la operaci\u00f3n se realizar\u00eda, lo que significa que Lyft podr\u00e1 estar presente, prestando el servicio de taxis, en m\u00e1s de 150 ciudades europeas, entre las que se cuentan Madrid, Barcelona, Londres, Berl\u00edn, Par\u00eds, entre otras. Con esta compra, esta empresa <strong>ya cuenta con una plataforma operativa<\/strong> en el viejo continente.<\/p>\n<h2>FREENOW mantiene su propia identidad<\/h2>\n<p>Entre los acuerdos de la negociaci\u00f3n, est\u00e1 que la plataforma adquirida por Lyft conserva todo lo referente a su equipo y estructura, por lo que no le afectar\u00e1 funcionalmente. As\u00ed que la empresa contar\u00e1 con una red que ya est\u00e1 consolidada y esta ser\u00e1 otra fuente de competencia para Uber. De acuerdo a esto, en la pr\u00e1ctica no es otra simple fusi\u00f3n, sino m\u00e1s bien <strong>una colaboraci\u00f3n de dos entes exitosos<\/strong>.<\/p>\n<p>En definitiva, este crecimiento hacia Europa implica problemas para Uber (a la que <a href=\"https:\/\/www.ecoticias.com\/hoyeco\/uber-espana-red-de-recarga\/17785\/\">la pen\u00ednsula le ha dado opci\u00f3n para hacer algo grande<\/a>), ya que Lyft entrara \u00a0con precios competitivos, por lo que la primera deber\u00e1 sacrificar sus ganancias, por lo menos en parte, y los grandes beneficiados de esta competencia ser\u00e1n los usuarios. Por otra parte, la plataforma que permitir\u00e1 esta ampliaci\u00f3n por Europa mantendr\u00e1 su estructura.<\/p>\n","protected":false},"excerpt":{"rendered":"<p>En el mundo corporativo, los distintos modelos de negocios est\u00e1n a la orden del d\u00eda, sobre todo aquellos que en &#8230; <\/p>\n<p class=\"read-more-container\"><a title=\"Uber en problemas en Europa y Espa\u00f1a: Tendr\u00e1 que sacrificar para sobrevivir y te beneficiar\u00e1\" class=\"read-more button\" href=\"https:\/\/www.ecoticias.com\/hoyeco\/uber-problema-llega-lyft-freenow\/26335\/#more-26335\" aria-label=\"Leer m\u00e1s sobre Uber en problemas en Europa y Espa\u00f1a: Tendr\u00e1 que sacrificar para sobrevivir y te beneficiar\u00e1\">Read more<\/a><\/p>\n","protected":false},"author":6,"featured_media":26337,"comment_status":"closed","ping_status":"closed","sticky":false,"template":"","format":"standard","meta":{"footnotes":""},"categories":[6],"tags":[],"class_list":["post-26335","post","type-post","status-publish","format-standard","has-post-thumbnail","hentry","category-movilidad","resize-featured-image"],"_links":{"self":[{"href":"https:\/\/www.ecoticias.com\/hoyeco\/wp-json\/wp\/v2\/posts\/26335","targetHints":{"allow":["GET"]}}],"collection":[{"href":"https:\/\/www.ecoticias.com\/hoyeco\/wp-json\/wp\/v2\/posts"}],"about":[{"href":"https:\/\/www.ecoticias.com\/hoyeco\/wp-json\/wp\/v2\/types\/post"}],"author":[{"embeddable":true,"href":"https:\/\/www.ecoticias.com\/hoyeco\/wp-json\/wp\/v2\/users\/6"}],"replies":[{"embeddable":true,"href":"https:\/\/www.ecoticias.com\/hoyeco\/wp-json\/wp\/v2\/comments?post=26335"}],"version-history":[{"count":0,"href":"https:\/\/www.ecoticias.com\/hoyeco\/wp-json\/wp\/v2\/posts\/26335\/revisions"}],"wp:featuredmedia":[{"embeddable":true,"href":"https:\/\/www.ecoticias.com\/hoyeco\/wp-json\/wp\/v2\/media\/26337"}],"wp:attachment":[{"href":"https:\/\/www.ecoticias.com\/hoyeco\/wp-json\/wp\/v2\/media?parent=26335"}],"wp:term":[{"taxonomy":"category","embeddable":true,"href":"https:\/\/www.ecoticias.com\/hoyeco\/wp-json\/wp\/v2\/categories?post=26335"},{"taxonomy":"post_tag","embeddable":true,"href":"https:\/\/www.ecoticias.com\/hoyeco\/wp-json\/wp\/v2\/tags?post=26335"}],"curies":[{"name":"wp","href":"https:\/\/api.w.org\/{rel}","templated":true}]}}