{"id":26338,"date":"2025-07-18T14:30:48","date_gmt":"2025-07-18T12:30:48","guid":{"rendered":"https:\/\/www.ecoticias.com\/hoyeco\/?p=26338"},"modified":"2025-07-18T14:30:48","modified_gmt":"2025-07-18T12:30:48","slug":"inteligencia-espana-apagon","status":"publish","type":"post","link":"https:\/\/www.ecoticias.com\/hoyeco\/inteligencia-espana-apagon\/26338\/","title":{"rendered":"Una inteligencia superior advierte a toda Espa\u00f1a cu\u00e1ndo volver\u00e1 a ocurrir: Ser\u00eda demasiado pronto"},"content":{"rendered":"<p>En la actualidad, la llamada inteligencia superior ha tomado espacios en distintas \u00e1reas del saber humano como la medicina, ingenier\u00eda, el sector t\u00e9cnico, etc., en las cuales ha sido de mucha ayuda pero tambi\u00e9n, dependiendo de la pregunta, ofrece ciertas respuestas que se consideran sensacionalistas e improbables.\u00a0 Como ejemplo tenemos esta advertencia a Espa\u00f1a, a quien le augura un futuro pr\u00f3ximo desalentador.<\/p>\n<h2>\u00bfLa oscuridad acecha nuevamente en Espa\u00f1a?<\/h2>\n<p>El gran apag\u00f3n ocurri\u00f3 el 28 de abril de este a\u00f1o cuando, a las 12:33 horas de la pen\u00ednsula, hubo un corte masivo del servicio el\u00e9ctrico que afect\u00f3 la mayor parte del territorio de Espa\u00f1a, ciudades fronterizas con Portugal y la parte sur de Francia. Esta falla afect\u00f3 todos los servicios de transporte, emergencia, hospitalarios, seguridad, telecomunicaciones, entre muchos otros, perjudicando a una media de 60 millones de personas.<\/p>\n<p>Este corte de servicio tuvo una duraci\u00f3n aproximada de 10 horas hasta que se restableci\u00f3 en el \u00faltimo rinc\u00f3n de nuestra geograf\u00eda, no obstante, sus consecuencias a\u00fan durar\u00edan varios d\u00edas, como fue el caso de las comunicaciones. Desde entonces, se ha desatado una suerte de paranoia donde se prev\u00e9 que <strong>pueda repetirse un incidente de esta magnitud<\/strong>, para lo cual se ha acudido a una inteligencia superior.<\/p>\n<h2>Pr\u00f3ximos apagones en la pen\u00ednsula<\/h2>\n<p>Las preguntas realizadas por los usuarios a modelos especializados de Inteligencia Artificial, respecto a la posibilidad de que en Espa\u00f1a pudiera ocurrir otro apag\u00f3n como el sufrido en el mes de abril han generado respuestas interesantes que se prestan a m\u00faltiples interpretaciones. Ya que algunas, entre las que se cuenta ChatGPT, advierten de <strong>tensiones en las l\u00edneas para este mismo 25 de julio<\/strong>.<\/p>\n<p>Sin embargo, esta predicci\u00f3n no tiene ning\u00fan asidero t\u00e9cnico real (si bien nuestro pa\u00eds a\u00fan lo est\u00e1 superando mientras <a href=\"https:\/\/www.ecoticias.com\/hoyeco\/alemania-almacenamiento-hidrogeno\/23866\/\">Alemania va avanzando en blindarse<\/a>), aunque en los meses estivales siempre est\u00e1 latente un apag\u00f3n, aunque no de grandes dimensiones y que se extender\u00eda por mucho menos tiempo. Es decir, ser\u00edan m\u00e1s bien suspensiones de servicio temporales, en muchos casos programadas y con aviso previo.<\/p>\n<p>Con los que se tratar\u00eda de estabilizar el sistema en casos muy puntuales. Los factores que inducir\u00edan estos peque\u00f1os eventos son la falta de viento para impulsar los aerogeneradores de energ\u00eda e\u00f3lica y la sequ\u00eda que limita la producci\u00f3n de las centrales hidroel\u00e9ctricas. Seg\u00fan la IA estos elementos por s\u00ed solos, provocar\u00edan un colapso el\u00e9ctrico el 17 de agosto de este 2025, aunque no se les da mayor credibilidad.<\/p>\n<p>Puesto que nuevamente carece de fundamentos t\u00e9cnicos. Otros factores pudieran intervenir son los posibles ciberataques en instalaciones clave y cr\u00edticas, tal y como se ha visto en otros pa\u00edses. Los grandes incendios forestales tan comunes en Espa\u00f1a en esta temporada son un peligro para la continuidad del servicio, ya que la quema de las l\u00edneas de transmisi\u00f3n es una <strong>consecuencia, especialmente en las \u00e1reas rurales<\/strong>.<\/p>\n<h2>\u00bfQu\u00e9 probabilidades hay de que ocurra un apag\u00f3n que afecte a todo el planeta?<\/h2>\n<p>Los expertos se\u00f1alan que para Espa\u00f1a y el mundo <strong>es muy improbable este escenario<\/strong>. Si bien se sabe que los sistemas tienen interconexiones entre pa\u00edses tambi\u00e9n est\u00e1n regionalizados, es decir, cuentan con dispositivos que los a\u00edslan en caso de emergencia. En otras palabras, es posible que ocurra una falla el\u00e9ctrica por zonas pero no que la falla se propague de manera incontrolable por todo el planeta.<\/p>\n<p>Para finalizar, si bien la Inteligencia Artificial ha vaticinado que muy pronto volver\u00e1 a ocurrir en Espa\u00f1a otro apag\u00f3n (aunque este provoc\u00f3 un efecto inesperado al que <a href=\"https:\/\/www.ecoticias.com\/hoyeco\/apagon-espana-caja-de-respaldo\/20707\/\">todos debemos atender<\/a>), no se le debe prestar demasiada atenci\u00f3n puesto que no hay bases t\u00e9cnicas para tal predicci\u00f3n. Asimismo, aunque en el verano se acrecienta el riesgo de suspensi\u00f3n de servicio el\u00e9ctrico, esto ser\u00e1 en peque\u00f1as \u00e1reas.<\/p>\n","protected":false},"excerpt":{"rendered":"<p>En la actualidad, la llamada inteligencia superior ha tomado espacios en distintas \u00e1reas del saber humano como la medicina, ingenier\u00eda, &#8230; <\/p>\n<p class=\"read-more-container\"><a title=\"Una inteligencia superior advierte a toda Espa\u00f1a cu\u00e1ndo volver\u00e1 a ocurrir: Ser\u00eda demasiado pronto\" class=\"read-more button\" href=\"https:\/\/www.ecoticias.com\/hoyeco\/inteligencia-espana-apagon\/26338\/#more-26338\" aria-label=\"Leer m\u00e1s sobre Una inteligencia superior advierte a toda Espa\u00f1a cu\u00e1ndo volver\u00e1 a ocurrir: Ser\u00eda demasiado pronto\">Read more<\/a><\/p>\n","protected":false},"author":6,"featured_media":26340,"comment_status":"closed","ping_status":"closed","sticky":false,"template":"","format":"standard","meta":{"footnotes":""},"categories":[5],"tags":[],"class_list":["post-26338","post","type-post","status-publish","format-standard","has-post-thumbnail","hentry","category-energia","resize-featured-image"],"_links":{"self":[{"href":"https:\/\/www.ecoticias.com\/hoyeco\/wp-json\/wp\/v2\/posts\/26338","targetHints":{"allow":["GET"]}}],"collection":[{"href":"https:\/\/www.ecoticias.com\/hoyeco\/wp-json\/wp\/v2\/posts"}],"about":[{"href":"https:\/\/www.ecoticias.com\/hoyeco\/wp-json\/wp\/v2\/types\/post"}],"author":[{"embeddable":true,"href":"https:\/\/www.ecoticias.com\/hoyeco\/wp-json\/wp\/v2\/users\/6"}],"replies":[{"embeddable":true,"href":"https:\/\/www.ecoticias.com\/hoyeco\/wp-json\/wp\/v2\/comments?post=26338"}],"version-history":[{"count":0,"href":"https:\/\/www.ecoticias.com\/hoyeco\/wp-json\/wp\/v2\/posts\/26338\/revisions"}],"wp:featuredmedia":[{"embeddable":true,"href":"https:\/\/www.ecoticias.com\/hoyeco\/wp-json\/wp\/v2\/media\/26340"}],"wp:attachment":[{"href":"https:\/\/www.ecoticias.com\/hoyeco\/wp-json\/wp\/v2\/media?parent=26338"}],"wp:term":[{"taxonomy":"category","embeddable":true,"href":"https:\/\/www.ecoticias.com\/hoyeco\/wp-json\/wp\/v2\/categories?post=26338"},{"taxonomy":"post_tag","embeddable":true,"href":"https:\/\/www.ecoticias.com\/hoyeco\/wp-json\/wp\/v2\/tags?post=26338"}],"curies":[{"name":"wp","href":"https:\/\/api.w.org\/{rel}","templated":true}]}}