{"id":26441,"date":"2025-07-22T17:00:22","date_gmt":"2025-07-22T15:00:22","guid":{"rendered":"https:\/\/www.ecoticias.com\/hoyeco\/?p=26441"},"modified":"2025-07-22T17:00:22","modified_gmt":"2025-07-22T15:00:22","slug":"enemigo-cancer-pulmon-nanoplasticos","status":"publish","type":"post","link":"https:\/\/www.ecoticias.com\/hoyeco\/enemigo-cancer-pulmon-nanoplasticos\/26441\/","title":{"rendered":"Un enemigo invisible podr\u00eda provocar c\u00e1ncer de pulm\u00f3n a cualquiera: Nadie est\u00e1 a salvo"},"content":{"rendered":"<p>Recientes estudios han comprobado una posible causa de <strong>c\u00e1ncer<\/strong> de pulm\u00f3n que ha encendido las alarmas porque se trata de un elemento abundante y cotidiano. Un enemigo invisible que nos deja a todos expuestos a esta maligna enfermedad en el cuerpo humano.<\/p>\n<h2><span data-sheets-root=\"1\">Una nueva perspectiva: Ya no es considerado solo enemigo del ambiente\u00a0 \u00a0<\/span><\/h2>\n<p>Muchos estudios que se han realizado sobre el c\u00e1ncer concluyen que <strong>se trata de una enfermedad basada en una transformaci\u00f3n de las c\u00e9lulas<\/strong> debido a causas de tipo gen\u00e9tico o ambiental, y en relaci\u00f3n a estas \u00faltimas se han identificado como caracter\u00edsticas m\u00e1s peligrosa el caso de la radiactividad, por ejemplo.<\/p>\n<p>Algunas causas ambientales de las que se sospechaba cierta influencia hab\u00edan pasado desapercibidas hasta ahora, pues un nuevo estudio ha obtenido evidencias que prueban los efectos que tiene un elemento presente en el ambiente sobre la formaci\u00f3n de c\u00e9lulas cancer\u00edgenas, trat\u00e1ndose de un factor com\u00fanmente visto como un problema social.<\/p>\n<p>La investigaci\u00f3n reciente sostiene una <strong>estrecha relaci\u00f3n entre la contaminaci\u00f3n pl\u00e1stica y la enfermedad del c\u00e1ncer<\/strong>, espec\u00edficamente entre las part\u00edculas de poliestireno, el pl\u00e1stico con que se fabrican envases para alimentos, vasos y dem\u00e1s productos desechables que generalmente conforman la basura.<\/p>\n<header class=\"entry-header\">\n<p class=\"entry-title\">Las c\u00e9lulas sanas del pulm\u00f3n pueden enfermarse debido a la influencia de micropl\u00e1sticos y nanopl\u00e1sticos, seg\u00fan estudios realizados por cient\u00edficos de la MedUni de Viena, una vez que ingresan al sistema respiratorio del organismo, aunque todav\u00eda poco se sabe sobre los efectos de estas micropart\u00edculas.<\/p>\n<\/header>\n<div class=\"entry-content\">\n<h2><span data-sheets-root=\"1\">Cuando la basura provoca c\u00e1ncer ya no puede considerarse solo un problema ambiental<\/span><\/h2>\n<p>El elemento cancer\u00edgeno es una micropart\u00edcula porque sus dimensiones apenas alcanzan los 0,00025 mil\u00edmetros y tal vez sea <strong>por este \u00ednfimo tama\u00f1o que logra introducirse en las entra\u00f1as del sistema respiratorio<\/strong> hasta llegar a los alv\u00e9olos para entrar en contacto con las c\u00e9lulas del pulm\u00f3n.<\/p>\n<p class=\"wp-block-heading\">A trav\u00e9s del estudio se\u00f1alado se pudo comprobar que si <a href=\"https:\/\/www.ecoticias.com\/residuos-reciclaje\/tienes-microplasticos-acumulados-en-tus-vias-respiratorias\">tienes micropl\u00e1sticos acumulados en las v\u00edas respiratorias<\/a> existe la posibilidad de que las c\u00e9lulas pulmonares se vuelvan cancer\u00edgenas, observ\u00e1ndose mecanismos biol\u00f3gicos que anteceden a una transformaci\u00f3n maligna, suscitando la exposici\u00f3n efectos como:<\/p>\n<ul>\n<li>Aumento del estr\u00e9s oxidativo<\/li>\n<li>Da\u00f1o en el ADN<\/li>\n<li>Activaci\u00f3n de rutas moleculares asociadas al crecimiento celular descontrolado.<\/li>\n<\/ul>\n<p>Por otro lado, las <strong>c\u00e9lulas afectadas presentan una reducci\u00f3n de su capacidad para la reparaci\u00f3n del ADN lesionado<\/strong>, aumentando esto los riesgos de que se produzcan mutaciones celulares en el largo plazo, constituy\u00e9ndose en una v\u00eda por la que trasciende el proceso de formaci\u00f3n de tumores.<\/p>\n<\/div>\n<header class=\"entry-header\">\n<h2>Un desperdicio micro que una vez adentro inicia una revoluci\u00f3n celular<\/h2>\n<p>En el art\u00edculo publicado se se\u00f1ala que los investigadores pudieron comprobar que en estas c\u00e9lulas pueden producirse cambios desencadenantes en el desarrollo de un c\u00e1ncer pulmonar, sobre todo si el contacto es prolongado o si se permanece en un ambiente donde proliferan los micropl\u00e1sticos.<\/p>\n<p>Los investigadores austr\u00edacos sostienen que los micropl\u00e1sticos y nanopl\u00e1sticos, especialmente los de poliestireno, pueden provocar cambios malignos en las c\u00e9lulas pulmonares sanas y aunque el cuerpo estimula la defensa con la activaci\u00f3n de sistemas antioxidantes<strong> las defensas podr\u00edan ser rebasadas si se produce una exposici\u00f3n continua<\/strong>.<\/p>\n<p class=\"entry-title\">Estos hallazgos conllevan a plantear que los micropl\u00e1sticos dejen de ser vistos solamente como un residuo contaminante para empezar a percibirse como un alto riesgo para la salud p\u00fablica, surgiendo la necesidad de definir medidas al respecto, especialmente aquellas que conlleven a una reducci\u00f3n de estos residuos y se empiecen a tomar acciones como:<\/p>\n<\/header>\n<div id=\"ssm_container-640896146\" class=\"ssm_adunit_container aU-14116\" data-google-query-id=\"CPO6wKzixI4DFc20ywEdsKw6uw\" data-isempty=\"true\">\n<ul>\n<li>Reelaboraci\u00f3n de productos\u00a0con materiales biodegradables o reciclables<\/li>\n<li>Mejora de la gesti\u00f3n de residuos<\/li>\n<li>Implementaci\u00f3n de tecnolog\u00edas de captura de part\u00edculas antes de su difusi\u00f3n ambiental<\/li>\n<li>Reducci\u00f3n de la dependencia del pl\u00e1stico mediante una econom\u00eda circular<\/li>\n<li>Evaluaci\u00f3n continua de la calidad del aire<\/li>\n<li>Desarrollo de campa\u00f1as de concienciaci\u00f3n ambiental<\/li>\n<\/ul>\n<\/div>\n<div class=\"entry-content\">\n<p>En conclusi\u00f3n, en este caso <a href=\"https:\/\/www.ecoticias.com\/vida-saludable\/el-cancer-es-evitable\">el c\u00e1ncer es evitable<\/a> si se toman las medidas apropiadas para acabar con ese enemigo invisible de la salud que son los residuos pl\u00e1sticos, debiendo hacerse esfuerzos para ello sobre todo sabiendo que solo se estudiaron las c\u00e9lulas pulmonares y las manifestaciones a corto plazo y no los potenciales efectos cr\u00f3nicos que estos desechos podr\u00edan provocar a futuro.<\/p>\n<\/div>\n","protected":false},"excerpt":{"rendered":"<p>Recientes estudios han comprobado una posible causa de c\u00e1ncer de pulm\u00f3n que ha encendido las alarmas porque se trata de &#8230; <\/p>\n<p class=\"read-more-container\"><a title=\"Un enemigo invisible podr\u00eda provocar c\u00e1ncer de pulm\u00f3n a cualquiera: Nadie est\u00e1 a salvo\" class=\"read-more button\" href=\"https:\/\/www.ecoticias.com\/hoyeco\/enemigo-cancer-pulmon-nanoplasticos\/26441\/#more-26441\" aria-label=\"Leer m\u00e1s sobre Un enemigo invisible podr\u00eda provocar c\u00e1ncer de pulm\u00f3n a cualquiera: Nadie est\u00e1 a salvo\">Read more<\/a><\/p>\n","protected":false},"author":9,"featured_media":26463,"comment_status":"closed","ping_status":"closed","sticky":false,"template":"","format":"standard","meta":{"footnotes":""},"categories":[2],"tags":[],"class_list":["post-26441","post","type-post","status-publish","format-standard","has-post-thumbnail","hentry","category-actualidad","resize-featured-image"],"_links":{"self":[{"href":"https:\/\/www.ecoticias.com\/hoyeco\/wp-json\/wp\/v2\/posts\/26441","targetHints":{"allow":["GET"]}}],"collection":[{"href":"https:\/\/www.ecoticias.com\/hoyeco\/wp-json\/wp\/v2\/posts"}],"about":[{"href":"https:\/\/www.ecoticias.com\/hoyeco\/wp-json\/wp\/v2\/types\/post"}],"author":[{"embeddable":true,"href":"https:\/\/www.ecoticias.com\/hoyeco\/wp-json\/wp\/v2\/users\/9"}],"replies":[{"embeddable":true,"href":"https:\/\/www.ecoticias.com\/hoyeco\/wp-json\/wp\/v2\/comments?post=26441"}],"version-history":[{"count":0,"href":"https:\/\/www.ecoticias.com\/hoyeco\/wp-json\/wp\/v2\/posts\/26441\/revisions"}],"wp:featuredmedia":[{"embeddable":true,"href":"https:\/\/www.ecoticias.com\/hoyeco\/wp-json\/wp\/v2\/media\/26463"}],"wp:attachment":[{"href":"https:\/\/www.ecoticias.com\/hoyeco\/wp-json\/wp\/v2\/media?parent=26441"}],"wp:term":[{"taxonomy":"category","embeddable":true,"href":"https:\/\/www.ecoticias.com\/hoyeco\/wp-json\/wp\/v2\/categories?post=26441"},{"taxonomy":"post_tag","embeddable":true,"href":"https:\/\/www.ecoticias.com\/hoyeco\/wp-json\/wp\/v2\/tags?post=26441"}],"curies":[{"name":"wp","href":"https:\/\/api.w.org\/{rel}","templated":true}]}}