{"id":26523,"date":"2025-07-23T15:00:14","date_gmt":"2025-07-23T13:00:14","guid":{"rendered":"https:\/\/www.ecoticias.com\/hoyeco\/?p=26523"},"modified":"2025-07-23T15:00:14","modified_gmt":"2025-07-23T13:00:14","slug":"planeta-olas-de-calor-peor","status":"publish","type":"post","link":"https:\/\/www.ecoticias.com\/hoyeco\/planeta-olas-de-calor-peor\/26523\/","title":{"rendered":"El planeta est\u00e1 cambiando: Las olas de calor no solo ser\u00e1n m\u00e1s intensas, ocurrir\u00e1 algo peor"},"content":{"rendered":"<p>El incremento de las temperaturas se ha acentuado en todo el mundo, actualmente es com\u00fan ver c\u00f3mo un n\u00famero creciente de personas es afectado por esa situaci\u00f3n clim\u00e1tica, al igual que el resto de la naturaleza, que resulta a\u00fan m\u00e1s perjudicada. Es evidente que el planeta est\u00e1 cambiando de una manera acelerada, y ser\u00e1 muy notorio en las olas de calor, que no solo ser\u00e1n m\u00e1s intensas, sino que ocurrir\u00e1 algo peor.<\/p>\n<h2>Las repercusiones del cambio clim\u00e1tico ya est\u00e1n aqu\u00ed<\/h2>\n<p>Las investigaciones acerca del cambio clim\u00e1tico a nivel mundial no son una moda para un grupo de intelectuales, sino que son un factor esencial que <strong>va a ser determinante en el futuro y la continuidad de la vida misma<\/strong>. Por eso es necesario que los conocimientos de los expertos lleguen a la mayor cantidad de personas, sobre todo a quienes tienen la capacidad de tomar decisiones para actuar en consecuencia.<\/p>\n<p>Porque las repercusiones del calentamiento global no son meros acontecimientos que quiz\u00e1s suceder\u00e1n en un futuro lejano, sino que ya se est\u00e1n haciendo sentir de manera concreta por todas partes. Muchas personas se han percatado de que el planeta est\u00e1 cambiando r\u00e1pidamente, y todo indica que las olas de calor no solo ser\u00e1n m\u00e1s intensas, sino que incluso resulta muy probable que ocurra algo peor.<\/p>\n<h2>Las altas temperaturas son m\u00e1s frecuentes y duraderas<\/h2>\n<p>Un grupo de investigadores de varias universidades divulg\u00f3 recientemente en la revista Nature Geoscience los resultados de su estudio acerca del incremento del calor en diversas regiones del planeta. Y demostraron sin lugar a duda que su relaci\u00f3n con el calentamiento global no sigue un patr\u00f3n lineal, sino que <strong>su intensidad y durabilidad resulta mucho peor en la actualidad<\/strong> comparado con lo que pasaba en \u00e9pocas anteriores.<\/p>\n<p>Al llevar a cabo sus an\u00e1lisis, result\u00f3 evidente que hoy en d\u00eda el calentamiento global contribuye al aumento de la temperatura de una manera mucho m\u00e1s acentuada que hace 20 a\u00f1os. Por eso desarrollaron un modelo que permita establecer una correspondencia clara, as\u00ed que elaboraron una f\u00f3rmula matem\u00e1tica que demuestra la relaci\u00f3n que existe entre el nivel de la temperatura de un d\u00eda respecto al pr\u00f3ximo.<\/p>\n<p>Los resultados que han conseguido ponen en evidencia que los periodos extremadamente c\u00e1lidos son m\u00e1s duraderos que hace 10 a\u00f1os, esto se est\u00e1 acelerando de una manera s\u00fabita, mucho antes de lo esperado. Y adicionalmente, el tiempo que transcurre entre una onda c\u00e1lida y la siguiente es cada vez m\u00e1s breve (aunque para enfrentarlo en los hogares espa\u00f1oles, <a href=\"https:\/\/www.ecoticias.com\/hoyeco\/calor-espana-ventana-inteligente\/25859\/\">Corea trae una soluci\u00f3n innovadora<\/a>).<\/p>\n<p>Lo peor es que <strong>cada incremento en el calentamiento global, as\u00ed sea el m\u00e1s m\u00ednimo, genera consecuencias de mayor gravedad que en el pasado<\/strong>, y sus efectos son diferentes en cada regi\u00f3n, siendo las m\u00e1s sensibles aquellas en las que predomina el clima tropical. El cambio que est\u00e1 sufriendo el planeta es muy significativo, as\u00ed que hay que prepararse para experimentar olas de calor m\u00e1s frecuentes, intensas y largas.<\/p>\n<h2>Ciertas zonas sentir\u00e1n el calor con m\u00e1s fuerza<\/h2>\n<p>Las zonas que se encuentran pr\u00f3ximas al Ecuador son las que van a sentir las oleadas de calor con m\u00e1s fuerza, por eso el empleo de la f\u00f3rmula matem\u00e1tica elaborada por los investigadores de varias universidades cobra mayor relevancia. Porque permite observar el comportamiento diario del clima, con lo cual es posible estudiar su evoluci\u00f3n en extensiones bien delimitadas, para <strong>actuar con mayor eficiencia y precisi\u00f3n.<\/strong><\/p>\n<p>En definitiva, con el paso del tiempo las repercusiones del calentamiento global se manifiestan con m\u00e1s fuerza, y ahora provocan oleadas de calor cada vez m\u00e1s intensas, prolongadas y frecuentes. Esto fue demostrado por medio de una f\u00f3rmula matem\u00e1tica que muestra la relaci\u00f3n entre el nivel de la temperatura de un d\u00eda respecto al pr\u00f3ximo (no debes dejar que el calor te desespere porque te arriesgas a una <a href=\"https:\/\/www.ecoticias.com\/hoyeco\/multa-instalar-aire-acondicionado\/25814\/\">multa hasta por 20 000<\/a>).<\/p>\n","protected":false},"excerpt":{"rendered":"<p>El incremento de las temperaturas se ha acentuado en todo el mundo, actualmente es com\u00fan ver c\u00f3mo un n\u00famero creciente &#8230; <\/p>\n<p class=\"read-more-container\"><a title=\"El planeta est\u00e1 cambiando: Las olas de calor no solo ser\u00e1n m\u00e1s intensas, ocurrir\u00e1 algo peor\" class=\"read-more button\" href=\"https:\/\/www.ecoticias.com\/hoyeco\/planeta-olas-de-calor-peor\/26523\/#more-26523\" aria-label=\"Leer m\u00e1s sobre El planeta est\u00e1 cambiando: Las olas de calor no solo ser\u00e1n m\u00e1s intensas, ocurrir\u00e1 algo peor\">Read more<\/a><\/p>\n","protected":false},"author":6,"featured_media":26525,"comment_status":"closed","ping_status":"closed","sticky":false,"template":"","format":"standard","meta":{"footnotes":""},"categories":[2],"tags":[],"class_list":["post-26523","post","type-post","status-publish","format-standard","has-post-thumbnail","hentry","category-actualidad","resize-featured-image"],"_links":{"self":[{"href":"https:\/\/www.ecoticias.com\/hoyeco\/wp-json\/wp\/v2\/posts\/26523","targetHints":{"allow":["GET"]}}],"collection":[{"href":"https:\/\/www.ecoticias.com\/hoyeco\/wp-json\/wp\/v2\/posts"}],"about":[{"href":"https:\/\/www.ecoticias.com\/hoyeco\/wp-json\/wp\/v2\/types\/post"}],"author":[{"embeddable":true,"href":"https:\/\/www.ecoticias.com\/hoyeco\/wp-json\/wp\/v2\/users\/6"}],"replies":[{"embeddable":true,"href":"https:\/\/www.ecoticias.com\/hoyeco\/wp-json\/wp\/v2\/comments?post=26523"}],"version-history":[{"count":0,"href":"https:\/\/www.ecoticias.com\/hoyeco\/wp-json\/wp\/v2\/posts\/26523\/revisions"}],"wp:featuredmedia":[{"embeddable":true,"href":"https:\/\/www.ecoticias.com\/hoyeco\/wp-json\/wp\/v2\/media\/26525"}],"wp:attachment":[{"href":"https:\/\/www.ecoticias.com\/hoyeco\/wp-json\/wp\/v2\/media?parent=26523"}],"wp:term":[{"taxonomy":"category","embeddable":true,"href":"https:\/\/www.ecoticias.com\/hoyeco\/wp-json\/wp\/v2\/categories?post=26523"},{"taxonomy":"post_tag","embeddable":true,"href":"https:\/\/www.ecoticias.com\/hoyeco\/wp-json\/wp\/v2\/tags?post=26523"}],"curies":[{"name":"wp","href":"https:\/\/api.w.org\/{rel}","templated":true}]}}