{"id":26731,"date":"2025-07-29T15:00:05","date_gmt":"2025-07-29T13:00:05","guid":{"rendered":"https:\/\/www.ecoticias.com\/hoyeco\/?p=26731"},"modified":"2025-07-29T15:00:05","modified_gmt":"2025-07-29T13:00:05","slug":"bunkeres-nucleares-suiza","status":"publish","type":"post","link":"https:\/\/www.ecoticias.com\/hoyeco\/bunkeres-nucleares-suiza\/26731\/","title":{"rendered":"\u00bfPara qu\u00e9 se prepara este pa\u00eds europeo?: Est\u00e1 gastando cientos de millones en b\u00fankeres nucleares"},"content":{"rendered":"<p>Desde la \u00e9poca de la Guerra Fr\u00eda, la construcci\u00f3n de b\u00fankeres nucleares ha sido considerada una prioridad en los diferentes pa\u00edses, tanto los que est\u00e1n en riesgo de conflictos como aquellos considerados \u201cneutrales\u201d. Consisten en escondites que son efectivos cuando existe contaminaci\u00f3n qu\u00edmica o nuclear. Tenemos un pa\u00eds europeo que los est\u00e1 modernizando a costa de gastar varios cientos de millones. \u00bfacaso sabe algo que el resto no?<\/p>\n<h2>Los b\u00fankeres nucleares: estructuras de anta\u00f1o<\/h2>\n<p>Los b\u00fankeres nucleares eran construcciones \u201csecretas\u201d que se pod\u00edan encontrar lo mismo en bosques, sitios remotos o ciudades. Las entradas pod\u00edan ser directas o camufladas con la vegetaci\u00f3n, debajo de mont\u00edculos, disimuladas por diferentes materiales e incluso suelen estar debajo de edificios que pueden ser relativamente nuevos o muy antiguos mientras presten una fachada que los oculte.<\/p>\n<p>Sus paredes, generalmente, son de hormig\u00f3n armado y tienen unos dos metros de espesor y carecen de ventanas, los m\u00e1s antiguos tienen agujeros para el ca\u00f1\u00f3n de un fusil. Fueron hechos con el objeto de <strong>proteger y dar refugio a la poblaci\u00f3n civil durante la Guerra Fr\u00eda<\/strong> contra ataques nucleares. Sin embargo, en la actualidad est\u00e1n abandonados y muchos fueron vendidos y ahora son establecimientos como galer\u00edas, restaurantes, etc.<\/p>\n<h2>Prep\u00e1rate para la guerra si deseas la paz<\/h2>\n<p>Suiza as\u00ed lo pens\u00f3 desde la d\u00e9cada de los a\u00f1os 50 cuando construy\u00f3 a grandes profundidades una red de t\u00faneles que comunican a cientos de b\u00fankeres nucleares. Cuenta con el mayor n\u00famero de construcciones de este tipo per c\u00e1pita del mundo, con poco m\u00e1s de 375 000 con plazas para m\u00e1s de sus 8,9 millones de pobladores. <strong>En los \u00faltimos meses est\u00e1n haciendo una gran inversi\u00f3n de 250 millones de d\u00f3lares para modernizarlos<\/strong> \u00bfpara qu\u00e9 se prepara?<\/p>\n<p>Las autoridades civiles y militares han asegurado que las rehabilitaciones y modernizaci\u00f3n de estos refugios no se deben a preparativos para una guerra, sino por razones de seguridad p\u00fablica como terremotos y otras calamidades naturales (algo similar a la <a href=\"https:\/\/www.ecoticias.com\/hoyeco\/cambio-climatico-bunker-canarias\/4506\/\">construcci\u00f3n que est\u00e1 haciendo esta regi\u00f3n espa\u00f1ola<\/a> por el cambio clim\u00e1tico). El ej\u00e9rcito suizo est\u00e1 planeando la reconstrucci\u00f3n de m\u00e1s de 8000 albergues.<\/p>\n<p>Los cuales se encuentran situados a lo largo de todo el territorio suizo, aplicando para ello metodolog\u00edas que son baratas pero innovadoras, aunque no se han especificado sus caracter\u00edsticas. En este programa se incluyen algunos antiguos que fueron construidos en 1890. En este sentido, el Estado ha suspendido la venta de estas estructuras y se dice que se debe a las posibles consecuencias de la guerra en Ucrania.<\/p>\n<p>Raz\u00f3n por la cual el gobierno suizo quiere modernizarlos y hacerlos habitables, incluyendo un m\u00ednimo de personal. Esto tambi\u00e9n tiene un motivo legal, ya que desde 1963 est\u00e1 vigente una ley que garantiza que, tanto suizos como extranjeros, deben tener un espacio asegurado dentro de los b\u00fankeres nucleares, bien sea por una guerra o desastre natural que <strong>ocurran en Suiza o en otra naci\u00f3n vecina<\/strong>.<\/p>\n<h2>Las caracter\u00edsticas de estos refugios nucleares<\/h2>\n<p>Entre las principales caracter\u00edsticas de los b\u00fankeres nucleares, est\u00e1 que el que tengas asignado debe estar a una distancia m\u00e1xima de 30 minutos andando desde tu domicilio, pero si el \u00e1rea es del tipo monta\u00f1osa entonces este tiempo ser\u00eda de 60 minutos, adem\u00e1s, es obligaci\u00f3n de los propietarios de viviendas, construirlos y equiparlos. <strong>Cada persona debe disponer de una litera y de un espacio m\u00ednimo de un metro cuadrado<\/strong>.<\/p>\n<p>Concluyendo, Suiza est\u00e1 gastando millones de d\u00f3lares para modernizar y devolver la habitabilidad a todos sus b\u00fankeres nucleares \u00bfsabr\u00e1n algo que nosotros no? (esto es similar al caso de las construcciones que har\u00e1 Espa\u00f1a por la <a href=\"https:\/\/www.ecoticias.com\/hoyeco\/nueva-energia-ilegal-espana\/5075\/\">nueva energ\u00eda creada por los Estados Unidos<\/a>). Aunque las autoridades dicen que es por seguridad p\u00fablica, otras versiones aseguran que es por causa de la guerra en Ucrania.<\/p>\n","protected":false},"excerpt":{"rendered":"<p>Desde la \u00e9poca de la Guerra Fr\u00eda, la construcci\u00f3n de b\u00fankeres nucleares ha sido considerada una prioridad en los diferentes &#8230; <\/p>\n<p class=\"read-more-container\"><a title=\"\u00bfPara qu\u00e9 se prepara este pa\u00eds europeo?: Est\u00e1 gastando cientos de millones en b\u00fankeres nucleares\" class=\"read-more button\" href=\"https:\/\/www.ecoticias.com\/hoyeco\/bunkeres-nucleares-suiza\/26731\/#more-26731\" aria-label=\"Leer m\u00e1s sobre \u00bfPara qu\u00e9 se prepara este pa\u00eds europeo?: Est\u00e1 gastando cientos de millones en b\u00fankeres nucleares\">Read more<\/a><\/p>\n","protected":false},"author":6,"featured_media":26733,"comment_status":"closed","ping_status":"closed","sticky":false,"template":"","format":"standard","meta":{"footnotes":""},"categories":[2],"tags":[],"class_list":["post-26731","post","type-post","status-publish","format-standard","has-post-thumbnail","hentry","category-actualidad","resize-featured-image"],"_links":{"self":[{"href":"https:\/\/www.ecoticias.com\/hoyeco\/wp-json\/wp\/v2\/posts\/26731","targetHints":{"allow":["GET"]}}],"collection":[{"href":"https:\/\/www.ecoticias.com\/hoyeco\/wp-json\/wp\/v2\/posts"}],"about":[{"href":"https:\/\/www.ecoticias.com\/hoyeco\/wp-json\/wp\/v2\/types\/post"}],"author":[{"embeddable":true,"href":"https:\/\/www.ecoticias.com\/hoyeco\/wp-json\/wp\/v2\/users\/6"}],"replies":[{"embeddable":true,"href":"https:\/\/www.ecoticias.com\/hoyeco\/wp-json\/wp\/v2\/comments?post=26731"}],"version-history":[{"count":0,"href":"https:\/\/www.ecoticias.com\/hoyeco\/wp-json\/wp\/v2\/posts\/26731\/revisions"}],"wp:featuredmedia":[{"embeddable":true,"href":"https:\/\/www.ecoticias.com\/hoyeco\/wp-json\/wp\/v2\/media\/26733"}],"wp:attachment":[{"href":"https:\/\/www.ecoticias.com\/hoyeco\/wp-json\/wp\/v2\/media?parent=26731"}],"wp:term":[{"taxonomy":"category","embeddable":true,"href":"https:\/\/www.ecoticias.com\/hoyeco\/wp-json\/wp\/v2\/categories?post=26731"},{"taxonomy":"post_tag","embeddable":true,"href":"https:\/\/www.ecoticias.com\/hoyeco\/wp-json\/wp\/v2\/tags?post=26731"}],"curies":[{"name":"wp","href":"https:\/\/api.w.org\/{rel}","templated":true}]}}