{"id":26795,"date":"2025-07-30T16:00:35","date_gmt":"2025-07-30T14:00:35","guid":{"rendered":"https:\/\/www.ecoticias.com\/hoyeco\/?p=26795"},"modified":"2025-07-30T16:00:35","modified_gmt":"2025-07-30T14:00:35","slug":"coche-dgt-minimo-dos-ocupantes","status":"publish","type":"post","link":"https:\/\/www.ecoticias.com\/hoyeco\/coche-dgt-minimo-dos-ocupantes\/26795\/","title":{"rendered":"Adi\u00f3s a la privacidad en tu coche: La DGT quiere un m\u00ednimo de dos ocupantes para poder circular"},"content":{"rendered":"<p>Uno de los sectores m\u00e1s contaminantes en el mundo moderno es el de la movilidad, a pesar de que ya se est\u00e1n tomando medidas como su electrificaci\u00f3n, esto no est\u00e1 avanzando con la rapidez esperada. Por otra parte, est\u00e1 la congesti\u00f3n vehicular en las grandes ciudades que se ha convertido en el pan de cada d\u00eda. Es por ello que la Direcci\u00f3n General de Tr\u00e1fico (DGT) ha comenzado a pensar una serie de medidas que podr\u00edan invadir tu privacidad.<\/p>\n<h2>Un suplicio diario: la gran cantidad de coches en las v\u00edas<\/h2>\n<p>Cada vez que salimos de casa, especialmente en el d\u00eda, nos preparamos para pasar el suplicio diario de sumergirnos en un mar de veh\u00edculos automotores y no importa que estemos a pie o en nuestro coche, la tortura es igual. Y no solo son los autom\u00f3viles y motos en s\u00ed, sino el ruido insoportable, el nivel de contaminaci\u00f3n que hace el aire casi irrespirable, entre otros. Todo ello eleva a\u00fan m\u00e1s el nivel de estr\u00e9s, ya de por s\u00ed muy alto.<\/p>\n<p>Sin embargo, debemos estar claros en que conseguir una soluci\u00f3n no es tan f\u00e1cil, ya que, aun logrando electrificar el sector, a\u00fan persiste el problema del n\u00famero de coches que, por cierto, pareciera crecer d\u00eda a d\u00eda. Ahora, apelar a la conciencia ciudadana ser\u00eda in\u00fatil, pues cada quien tiene necesidad de su coche. Por ello, la DGT <strong>tiene en estudio una serie de medidas<\/strong> que buscan solventar el problema para humanizar las ciudades.<\/p>\n<h2>La DGT exigir\u00e1 un m\u00ednimo de dos personas por coche<\/h2>\n<p>Esta exigencia de la DGT ser\u00eda para que los coches puedan circular por los carriles de Veh\u00edculos de Alta Ocupaci\u00f3n o VAO, este ser\u00eda una especie de premio que es implementado mediante el uso de sensores para veh\u00edculos. El sistema, que es copiado de Francia donde funciona con mucho \u00e9xito desde hace algunos meses<strong>, permitir\u00eda contar el n\u00famero de personas que van dentro del autom\u00f3vil<\/strong>.<\/p>\n<p>Otro punto a favor es que, mediante infrarrojos, podr\u00e1n diferenciar si es una persona real o solo un mu\u00f1eco que es la nueva estrategia de enga\u00f1o que siguen algunos conductores (estas restricciones de circulaci\u00f3n se vienen a sumar a esta <a href=\"https:\/\/www.ecoticias.com\/hoyeco\/prohibicion-dgt-conducir\/25386\/\">prohibici\u00f3n que nos afectar\u00e1 a todos<\/a> para reducir la contaminaci\u00f3n ambiental). Esto persigue una meta que es la de no realizar desplazamientos que sean innecesarios.<\/p>\n<p>Los cuales involucren a un solo ocupante para que los espacios en las v\u00edas sean optimizados al m\u00e1ximo en uso y ocupaci\u00f3n. Por otra parte, esta medida de la DGT tambi\u00e9n estimula el concepto de uso del coche \u201cpor turno\u201d, donde varias personas que vivan cerca se turnen en el uso de un solo veh\u00edculo para ir al trabajo o a actividades comunes. Algunos consideran que <strong>esta norma es una invasi\u00f3n a la privacidad en el coche<\/strong>.<\/p>\n<h2>Otras medidas que se encuentran en estudio para su implantaci\u00f3n<\/h2>\n<p>La DGT est\u00e1 plante\u00e1ndose <strong>una serie de medidas adicionales para reducir el tr\u00e1fico<\/strong>, sobre todo urbano, que se encuentran en debate para su implementaci\u00f3n los pr\u00f3ximos meses y que prometen un radical cambio urbano en la movilidad de Espa\u00f1a. Una de las que m\u00e1s comentadas se refiere a la limitaci\u00f3n de un solo coche por domicilio fiscal, contemplando excepciones como posibilidad de emergencias debidamente sustentadas.<\/p>\n<p>Otra norma bajo escrutinio es la de cobrar una tasa a los coches que no sean residentes de la regi\u00f3n, aunque esta norma ya se est\u00e1 aplicando en forma auton\u00f3mica en Formentera e Ibiza, donde los veh\u00edculos de otras regiones deben pagar un euro al d\u00eda. En estos sitios, ya se est\u00e1 analizando c\u00f3mo colocar este sistema m\u00e1s r\u00edgido, implementando l\u00edmites de hora o aumentando los impuestos en temporada alta.<\/p>\n<p>Para finalizar, la DGT est\u00e1 estudiando imponer una serie de normas para reducir el tr\u00e1fico urbano de coches, como la obligatoriedad de que cada veh\u00edculo que vaya a utilizar un VAO debe llevar en su interior, al menos, dos personas para lo cual se colocar\u00edan sensores que permitir\u00e1n contar el n\u00famero de viajeros (adem\u00e1s, se est\u00e1 proponiendo un <a href=\"https:\/\/www.ecoticias.com\/hoyeco\/etiquetas-dgt-cambio-afectara\/25166\/\">cambio en las etiquetas ambientales<\/a> que seguramente te afectar\u00e1).<\/p>\n","protected":false},"excerpt":{"rendered":"<p>Uno de los sectores m\u00e1s contaminantes en el mundo moderno es el de la movilidad, a pesar de que ya &#8230; <\/p>\n<p class=\"read-more-container\"><a title=\"Adi\u00f3s a la privacidad en tu coche: La DGT quiere un m\u00ednimo de dos ocupantes para poder circular\" class=\"read-more button\" href=\"https:\/\/www.ecoticias.com\/hoyeco\/coche-dgt-minimo-dos-ocupantes\/26795\/#more-26795\" aria-label=\"Leer m\u00e1s sobre Adi\u00f3s a la privacidad en tu coche: La DGT quiere un m\u00ednimo de dos ocupantes para poder circular\">Read more<\/a><\/p>\n","protected":false},"author":6,"featured_media":26798,"comment_status":"closed","ping_status":"closed","sticky":false,"template":"","format":"standard","meta":{"footnotes":""},"categories":[6],"tags":[],"class_list":["post-26795","post","type-post","status-publish","format-standard","has-post-thumbnail","hentry","category-movilidad","resize-featured-image"],"_links":{"self":[{"href":"https:\/\/www.ecoticias.com\/hoyeco\/wp-json\/wp\/v2\/posts\/26795","targetHints":{"allow":["GET"]}}],"collection":[{"href":"https:\/\/www.ecoticias.com\/hoyeco\/wp-json\/wp\/v2\/posts"}],"about":[{"href":"https:\/\/www.ecoticias.com\/hoyeco\/wp-json\/wp\/v2\/types\/post"}],"author":[{"embeddable":true,"href":"https:\/\/www.ecoticias.com\/hoyeco\/wp-json\/wp\/v2\/users\/6"}],"replies":[{"embeddable":true,"href":"https:\/\/www.ecoticias.com\/hoyeco\/wp-json\/wp\/v2\/comments?post=26795"}],"version-history":[{"count":0,"href":"https:\/\/www.ecoticias.com\/hoyeco\/wp-json\/wp\/v2\/posts\/26795\/revisions"}],"wp:featuredmedia":[{"embeddable":true,"href":"https:\/\/www.ecoticias.com\/hoyeco\/wp-json\/wp\/v2\/media\/26798"}],"wp:attachment":[{"href":"https:\/\/www.ecoticias.com\/hoyeco\/wp-json\/wp\/v2\/media?parent=26795"}],"wp:term":[{"taxonomy":"category","embeddable":true,"href":"https:\/\/www.ecoticias.com\/hoyeco\/wp-json\/wp\/v2\/categories?post=26795"},{"taxonomy":"post_tag","embeddable":true,"href":"https:\/\/www.ecoticias.com\/hoyeco\/wp-json\/wp\/v2\/tags?post=26795"}],"curies":[{"name":"wp","href":"https:\/\/api.w.org\/{rel}","templated":true}]}}