{"id":27142,"date":"2025-08-07T14:30:58","date_gmt":"2025-08-07T12:30:58","guid":{"rendered":"https:\/\/www.ecoticias.com\/hoyeco\/?p=27142"},"modified":"2025-08-07T14:30:58","modified_gmt":"2025-08-07T12:30:58","slug":"multas-20-000-aires-acondicionados","status":"publish","type":"post","link":"https:\/\/www.ecoticias.com\/hoyeco\/multas-20-000-aires-acondicionados\/27142\/","title":{"rendered":"No dejes que el calor te desespere: Multas de 20 000 por instalar un aire acondicionado en casa"},"content":{"rendered":"<p>La ola de calor que actualmente asola a Espa\u00f1a es la peor registrada en la pen\u00ednsula, lo que agrava la situaci\u00f3n es que tambi\u00e9n afecta a toda Europa. Esto provoca un escenario que es muy peligroso para todas las personas. Aunque realmente las altas temperaturas pueden provocar mucha incomodidad, no debes dejar que te desesperen, ya que puedes caer en una multa de hasta 20 000 euros solo por colocar un nuevo aire acondicionado en tu casa.<\/p>\n<h2>La ola de calor en Espa\u00f1a y sus consecuencias<\/h2>\n<p>Muchos d\u00edas de este incinerante verano han sido declarados en alerta naranja en el territorio espa\u00f1ol, con temperaturas de hasta 42 \u00baC en zonas como Arag\u00f3n, Andaluc\u00eda, Catalu\u00f1a, Extremadura y otros. <strong>Esto de acuerdo a la informaci\u00f3n suministrada<\/strong> por la Agencia Estatal de Meteorolog\u00eda de la pen\u00ednsula o Aemet por lo que Protecci\u00f3n Civil ha dado recomendaciones muy espec\u00edficas a todos los habitantes.<\/p>\n<p>Especialmente dirigidas a los ciudadanos de mayor vulnerabilidad como personas de la tercera edad y ni\u00f1os, entre las medidas a tomar sugeridas est\u00e1n mantenerse hidratados bebiendo mucha agua de manera constante y evitar exponerse al sol durante largos periodos. Se debe recordar que durante esta misma \u00e9poca, el a\u00f1o pasado, se tuvieron 2015 v\u00edctimas mortales que se atribuyeron directamente a la ola de calor.<\/p>\n<h2>Si te desesperas, pueden darte una multa hasta por 20 000 euros<\/h2>\n<p>Debido a la ola de calor que es cada vez m\u00e1s insoportable, se ha incrementado la venta de equipos de refrigeraci\u00f3n como los aires acondicionados, pero a ello se le suman los altos precios por la instalaci\u00f3n. Esto ha tra\u00eddo como consecuencia que muchas veces, desesperados por las altas temperaturas, <strong>tomemos malas decisiones que nos pueden significar hasta 20 000 euros de multa<\/strong> por cada instalaci\u00f3n.<\/p>\n<p>Y es que la Asociaci\u00f3n de Empresas del Sector de las Instalaciones y la Energ\u00eda, o Agremia, ha denunciado un aumento en el n\u00famero de compa\u00f1\u00edas dedicadas a la instalaci\u00f3n de equipos, las cuales no est\u00e1n debidamente certificadas (aunque podr\u00edas optar por <a href=\"https:\/\/www.ecoticias.com\/hoyeco\/adios-aire-acondicionado-enfria\/8737\/\">este material que enfriar\u00e1 tu hogar<\/a> y que es futurista). Esto porque los grandes almacenes venden estos aparatos a los consumidores finales.<\/p>\n<p>Algunos de estos \u00faltimos, por ahorrarse algunos euros en el precio, recurren a instaladores que no est\u00e1n habilitados por la Agremia. En este sentido, de acuerdo al Real Decreto 115\/2017 estos equipos deben ser colocados por organizaciones que est\u00e9n certificadas para la manipulaci\u00f3n y comercializaci\u00f3n de aparatos de climatizaci\u00f3n dom\u00e9sticos que utilizan como refrigerante gas fluorocarbonado.<\/p>\n<p>Igualmente, los t\u00e9cnicos deben estar certificados como expertos en el <strong>Reglamento de Instalaciones T\u00e9rmicas en los Edificios o RITE<\/strong>. Los \u00fanicos equipos que se except\u00faan de esta condici\u00f3n son los del tipo port\u00e1til, tambi\u00e9n llamados ping\u00fcinos. Por lo que, a pesar de que el calor apriete, es necesario que la instalaci\u00f3n se haga por un personal que tenga conocimientos de sistemas de climatizaci\u00f3n sostenible.<\/p>\n<h2>Lo que recomienda Agremia<\/h2>\n<p>La raz\u00f3n por la que la Agremia recomienda utilizar los servicios de empresas habilitadas, especialmente en esta \u00e9poca de calor, es que adem\u00e1s de que la instalaci\u00f3n cumplir\u00e1 con toda la normativa vigente, la misma gozar\u00e1 de garant\u00edas de eficiencia y seguridad. Recuerda que la ley impone la obligaci\u00f3n de demostrar que <strong>todos los equipos de aire acondicionado sean instalados por un personal certificado<\/strong>.<\/p>\n<p>En conclusi\u00f3n, el calor puede ser desesperante pero al comprar un equipo de climatizaci\u00f3n ten en cuenta que el mismo debe ser instalado por compa\u00f1\u00edas que tiene que estar habilitadas en estos menesteres (pero tambi\u00e9n hay otras maneras de <a href=\"https:\/\/www.ecoticias.com\/hoyeco\/aislante-sandwich-construccion\/8011\/\">enfriar tu casa como este aislante<\/a>). Ya que, de no hacerlo as\u00ed, corres el riesgo de que te multen hasta por 20 000 euros por cada equipo indebidamente colocado.<\/p>\n","protected":false},"excerpt":{"rendered":"<p>La ola de calor que actualmente asola a Espa\u00f1a es la peor registrada en la pen\u00ednsula, lo que agrava la &#8230; <\/p>\n<p class=\"read-more-container\"><a title=\"No dejes que el calor te desespere: Multas de 20 000 por instalar un aire acondicionado en casa\" class=\"read-more button\" href=\"https:\/\/www.ecoticias.com\/hoyeco\/multas-20-000-aires-acondicionados\/27142\/#more-27142\" aria-label=\"Leer m\u00e1s sobre No dejes que el calor te desespere: Multas de 20 000 por instalar un aire acondicionado en casa\">Read more<\/a><\/p>\n","protected":false},"author":6,"featured_media":27144,"comment_status":"closed","ping_status":"closed","sticky":false,"template":"","format":"standard","meta":{"footnotes":""},"categories":[5],"tags":[],"class_list":["post-27142","post","type-post","status-publish","format-standard","has-post-thumbnail","hentry","category-energia","resize-featured-image"],"_links":{"self":[{"href":"https:\/\/www.ecoticias.com\/hoyeco\/wp-json\/wp\/v2\/posts\/27142","targetHints":{"allow":["GET"]}}],"collection":[{"href":"https:\/\/www.ecoticias.com\/hoyeco\/wp-json\/wp\/v2\/posts"}],"about":[{"href":"https:\/\/www.ecoticias.com\/hoyeco\/wp-json\/wp\/v2\/types\/post"}],"author":[{"embeddable":true,"href":"https:\/\/www.ecoticias.com\/hoyeco\/wp-json\/wp\/v2\/users\/6"}],"replies":[{"embeddable":true,"href":"https:\/\/www.ecoticias.com\/hoyeco\/wp-json\/wp\/v2\/comments?post=27142"}],"version-history":[{"count":0,"href":"https:\/\/www.ecoticias.com\/hoyeco\/wp-json\/wp\/v2\/posts\/27142\/revisions"}],"wp:featuredmedia":[{"embeddable":true,"href":"https:\/\/www.ecoticias.com\/hoyeco\/wp-json\/wp\/v2\/media\/27144"}],"wp:attachment":[{"href":"https:\/\/www.ecoticias.com\/hoyeco\/wp-json\/wp\/v2\/media?parent=27142"}],"wp:term":[{"taxonomy":"category","embeddable":true,"href":"https:\/\/www.ecoticias.com\/hoyeco\/wp-json\/wp\/v2\/categories?post=27142"},{"taxonomy":"post_tag","embeddable":true,"href":"https:\/\/www.ecoticias.com\/hoyeco\/wp-json\/wp\/v2\/tags?post=27142"}],"curies":[{"name":"wp","href":"https:\/\/api.w.org\/{rel}","templated":true}]}}