{"id":27250,"date":"2025-08-11T14:30:27","date_gmt":"2025-08-11T12:30:27","guid":{"rendered":"https:\/\/www.ecoticias.com\/hoyeco\/?p=27250"},"modified":"2025-08-11T14:30:27","modified_gmt":"2025-08-11T12:30:27","slug":"espana-mas-cara-energia","status":"publish","type":"post","link":"https:\/\/www.ecoticias.com\/hoyeco\/espana-mas-cara-energia\/27250\/","title":{"rendered":"La paradoja energ\u00e9tica de Espa\u00f1a que drena tu bolsillo: Cuando m\u00e1s&#8230; tambi\u00e9n es m\u00e1s"},"content":{"rendered":"<p>En un presente que transcurre entre tantos conflictos y amenazas, una de las preocupaciones m\u00e1s relevantes es c\u00f3mo todas esas situaciones afectar\u00e1n la disponibilidad de la energ\u00eda que necesitan las naciones para impulsar su industria y su comercio. Esa es una de las razones por las que Espa\u00f1a enfrenta una paradoja energ\u00e9tica que drena tus bolsillos, porque resulta que cuando hay m\u00e1s, tambi\u00e9n es m\u00e1s cara.<\/p>\n<h2>La transici\u00f3n de las energ\u00edas a\u00fan no se consolida<\/h2>\n<p><strong>Actualmente, el manejo de las energ\u00edas est\u00e1 pasando por un periodo de importantes transformaciones<\/strong>, causado por diversos motivos, entre los que se puede destacar el calentamiento global que ha sido provocado principalmente por el empleo del petr\u00f3leo y sus derivados. As\u00ed que, para tratar de corregir ese problema, se est\u00e1n desarrollando diferentes clases de combustibles renovables que no contaminen el ambiente.<\/p>\n<p>Sin embargo, esa transici\u00f3n no termina de consolidarse porque todav\u00eda quedan pendientes muchos detalles t\u00e9cnicos que deben ser resueltos, as\u00ed que frecuentemente es necesario seguir utilizando los elementos del pasado, porque las naciones no pueden detener sus actividades. Por eso Espa\u00f1a est\u00e1 inmersa en una paradoja energ\u00e9tica, pues, aunque ahora tiene m\u00e1s, tambi\u00e9n es m\u00e1s cara, y drena los bolsillos de los usuarios.<\/p>\n<h2>Se desperdicia el potencial energ\u00e9tico de Espa\u00f1a<\/h2>\n<p>El pasado mes de julio, Espa\u00f1a rebas\u00f3 todas las expectativas con respecto a la generaci\u00f3n de electricidad conseguida mediante las energ\u00edas renovables e\u00f3lica y solar, con m\u00e1s de 10 500 GWh. Ahora bien, esto resulta contradictorio para los usuarios, pues, a pesar de que ahora hay una mayor productividad energ\u00e9tica, esto <strong>no ha servido para reducir los costos de las facturas, que han alcanzado los 164 euros por MWH.<\/strong><\/p>\n<p>Para resolver la paradoja de pagar m\u00e1s justo cuando hay mayor producci\u00f3n de energ\u00eda, hay que tener en cuenta que, aunque en esta temporada la e\u00f3lica y la solar est\u00e1n entregando su m\u00e1xima capacidad de energ\u00eda, esto ocurre en horas del d\u00eda siempre que las condiciones atmosf\u00e9ricas lo permitan (para evitar para de m\u00e1s puedes <a href=\"https:\/\/www.ecoticias.com\/hoyeco\/luz-espana-paneles-inteligentes\/26934\/\">adquirir alguno de estos dispositivos<\/a>). Pero en las noches se consume mucha electricidad.<\/p>\n<p>Lo curioso es que aproximadamente un 30% de la energ\u00eda que se genera a partir del viento y el sol es desperdiciada porque el sistema el\u00e9ctrico se satura y no puede absorberla, y hasta el momento, no ha sido posible que la red nacional la guarde para usarla en las noches o cuando no haya producci\u00f3n. Otro hecho que contribuye a encarecer las facturas es el incremento del IVA que desde los primeros d\u00edas del a\u00f1o lleg\u00f3 al 21%.<\/p>\n<p>A ello hay que sumar la negativa del Congreso a aprobar el Real Decreto-ley 7\/2025 que conten\u00eda directivas para incentivar el autoconsumo, reforzar los controles a las el\u00e9ctricas e impulsar m\u00e9todos de almacenamiento, as\u00ed como optimizar la red de infraestructura.<\/p>\n<p>Pese a que es un contrasentido, en Espa\u00f1a se est\u00e1 pagando m\u00e1s por el servicio de electricidad precisamente en la temporada en que las renovables est\u00e1n incrementando su producci\u00f3n, cuando lo m\u00e1s l\u00f3gico ser\u00eda que los costos bajaran. Esto indica que <strong>no se est\u00e1 sacando ventaja del inmenso potencial que ofrece el pa\u00eds para alcanzar la autonom\u00eda energ\u00e9tica<\/strong> de forma sostenible y cuidando el bolsillo de los usuarios.<\/p>\n<h2>Las renovables necesitan ser administradas adecuadamente<\/h2>\n<p>Los altos costos que tiene actualmente la electricidad en Espa\u00f1a demuestran que el desarrollo de <strong>las renovables requiere de otras cosas adem\u00e1s de los paneles solares y las turbinas e\u00f3licas <\/strong>que permiten obtener energ\u00eda, tambi\u00e9n es necesario administrarla adecuadamente. Eso implica gastos significativos en sistemas de control inteligente para las redes el\u00e9ctricas, as\u00ed como tambi\u00e9n para su almacenamiento y distribuci\u00f3n oportuna.<\/p>\n<p>Concluyendo, Espa\u00f1a est\u00e1 experimentando una paradoja energ\u00e9tica, pues en el pasado mes de julio se sobrepasaron las expectativas respecto a la generaci\u00f3n de electricidad mediante las energ\u00edas renovables e\u00f3lica y solar, con m\u00e1s de 10 500 GWh. A pesar de eso, los usuarios tuvieron que pagar facturas m\u00e1s caras por ese servicio (este es un extra\u00f1o fen\u00f3meno donde deber\u00e1s pagar facturas m\u00e1s caras a pesar de haber un super\u00e1vit de energ\u00eda).<\/p>\n","protected":false},"excerpt":{"rendered":"<p>En un presente que transcurre entre tantos conflictos y amenazas, una de las preocupaciones m\u00e1s relevantes es c\u00f3mo todas esas &#8230; <\/p>\n<p class=\"read-more-container\"><a title=\"La paradoja energ\u00e9tica de Espa\u00f1a que drena tu bolsillo: Cuando m\u00e1s&#8230; tambi\u00e9n es m\u00e1s\" class=\"read-more button\" href=\"https:\/\/www.ecoticias.com\/hoyeco\/espana-mas-cara-energia\/27250\/#more-27250\" aria-label=\"Leer m\u00e1s sobre La paradoja energ\u00e9tica de Espa\u00f1a que drena tu bolsillo: Cuando m\u00e1s&#8230; tambi\u00e9n es m\u00e1s\">Read more<\/a><\/p>\n","protected":false},"author":6,"featured_media":27253,"comment_status":"closed","ping_status":"closed","sticky":false,"template":"","format":"standard","meta":{"footnotes":""},"categories":[5],"tags":[],"class_list":["post-27250","post","type-post","status-publish","format-standard","has-post-thumbnail","hentry","category-energia","resize-featured-image"],"_links":{"self":[{"href":"https:\/\/www.ecoticias.com\/hoyeco\/wp-json\/wp\/v2\/posts\/27250","targetHints":{"allow":["GET"]}}],"collection":[{"href":"https:\/\/www.ecoticias.com\/hoyeco\/wp-json\/wp\/v2\/posts"}],"about":[{"href":"https:\/\/www.ecoticias.com\/hoyeco\/wp-json\/wp\/v2\/types\/post"}],"author":[{"embeddable":true,"href":"https:\/\/www.ecoticias.com\/hoyeco\/wp-json\/wp\/v2\/users\/6"}],"replies":[{"embeddable":true,"href":"https:\/\/www.ecoticias.com\/hoyeco\/wp-json\/wp\/v2\/comments?post=27250"}],"version-history":[{"count":0,"href":"https:\/\/www.ecoticias.com\/hoyeco\/wp-json\/wp\/v2\/posts\/27250\/revisions"}],"wp:featuredmedia":[{"embeddable":true,"href":"https:\/\/www.ecoticias.com\/hoyeco\/wp-json\/wp\/v2\/media\/27253"}],"wp:attachment":[{"href":"https:\/\/www.ecoticias.com\/hoyeco\/wp-json\/wp\/v2\/media?parent=27250"}],"wp:term":[{"taxonomy":"category","embeddable":true,"href":"https:\/\/www.ecoticias.com\/hoyeco\/wp-json\/wp\/v2\/categories?post=27250"},{"taxonomy":"post_tag","embeddable":true,"href":"https:\/\/www.ecoticias.com\/hoyeco\/wp-json\/wp\/v2\/tags?post=27250"}],"curies":[{"name":"wp","href":"https:\/\/api.w.org\/{rel}","templated":true}]}}