{"id":27292,"date":"2025-08-12T15:30:04","date_gmt":"2025-08-12T13:30:04","guid":{"rendered":"https:\/\/www.ecoticias.com\/hoyeco\/?p=27292"},"modified":"2025-08-12T15:30:04","modified_gmt":"2025-08-12T13:30:04","slug":"oriente-medio-calor-paneles-solares","status":"publish","type":"post","link":"https:\/\/www.ecoticias.com\/hoyeco\/oriente-medio-calor-paneles-solares\/27292\/","title":{"rendered":"Oriente Medio desaf\u00eda el calor de los desiertos: Espa\u00f1a que se quema en verano podr\u00eda tomar nota"},"content":{"rendered":"<p>Como consecuencia de la crisis ambiental en todo el planeta derivada de las actividades del hombre, todos los pa\u00edses est\u00e1n inmersos en la transici\u00f3n energ\u00e9tica que tiene por objetivo el uso de fuentes renovables. Hay algunos factores que limitan su eficiencia, pero hay naciones actuando para la mejora de su rendimiento, como este pa\u00eds del Oriente Medio que est\u00e1 combatiendo la temperatura del desierto y Espa\u00f1a toma nota.<\/p>\n<h2>Oriente Medio encuentra una f\u00f3rmula eficiente para reutilizar el calor<\/h2>\n<p>Entre los par\u00e1metros ambientales que m\u00e1s influyen sobre la producci\u00f3n de energ\u00eda de los paneles solares est\u00e1 la temperatura, uno de los mayores enemigos de las estructuras fotovoltaicas. Y no solo la ambiental como en Espa\u00f1a, puesto que cuando una c\u00e9lula fotovoltaica convencional capta la luz solar, solo se convierte en electricidad entre el 16 y el 21 % del total, el resto se transforma en calor incrementando la temperatura del m\u00f3dulo, lo que reduce el rendimiento y acelera la degradaci\u00f3n.<\/p>\n<p>Se ha determinado que, con cada grado de temperatura sobre los 25 grados, que es el nivel de mayor rendimiento de energ\u00eda generada se reduce en 0,45 % su eficiencia relativa. A esto se le llama \u201ccoeficiente de temperatura de la potencia\u201d, es m\u00e1s, la tasa de degradaci\u00f3n del m\u00f3dulo solar se duplica con cada 10 grados de aumento de temperatura. <strong>Por ello surge la necesidad de implementar mecanismos de enfriamiento<\/strong>.<\/p>\n<h2>Un m\u00e9todo revolucionario para la refrigeraci\u00f3n de los paneles fotovoltaicos<\/h2>\n<p>Un grupo de cient\u00edficos y acad\u00e9micos suscritos a la Universidad de Sharjah, ubicada en los Emiratos \u00c1rabes Unidos, han desarrollado un <strong>m\u00e9todo pasivo de refrigeraci\u00f3n orientado a los m\u00f3dulos solares<\/strong> con el fin de reducir las consecuencias negativas del calor ambiental al que diariamente se ven sometidos en distintas localizaciones del planeta, como en Espa\u00f1a. Esta t\u00e9cnica aumenta su rendimiento hasta en un 10 %.<\/p>\n<p>El desarrollo se basa en el aprovechamiento del aire caliente, que es liberado a la atm\u00f3sfera por las condensadoras de los equipos de aire acondicionado de las diferentes estructuras, para refrigerar la parte trasera de los paneles solares (esto podr\u00eda evitar un <a href=\"https:\/\/www.ecoticias.com\/hoyeco\/paneles-solares-aeropuerto-amsterdam\/18563\/\">exceso de paneles solares<\/a> al hacerlos m\u00e1s rendidores). Por otra parte, con este invento se evitar\u00e1 otro problema del uso de estos elementos en el desierto, como lo es la acumulaci\u00f3n de suciedad y polvo.<\/p>\n<p>Consiste en una estructura sobre la cual se colocan los paneles solares con su parte posterior orientada hacia las salidas de aire caliente de los equipos climatizadores de los edificios cercanos, la cual incluye un ventilador que est\u00e1 regulado para dirigir con temperatura controlada, la masa de aire, esto da como resultado que gran parte del calor se desplace ocasionando una disminuci\u00f3n dr\u00e1stica de la temperatura.<\/p>\n<p>Lo que hace que la generaci\u00f3n el\u00e9ctrica se incremente hasta un 10%. Este m\u00e9todo es tan efectivo que Espa\u00f1a se ha mostrado interesada a fin de combatir el calor extremo que reduce su generaci\u00f3n fotovoltaica. Lo m\u00e1s innovador de ese sistema es que no se tiene necesidad de hacer cambios estructurales ni de gran impacto en edificios en construcci\u00f3n y es aplicable sobre estructuras existentes <strong>sin incrementar su demanda<\/strong>.<\/p>\n<h2>Algunos beneficios de este sistema aplicables a Espa\u00f1a<\/h2>\n<p>Si este m\u00e9todo es importado a Espa\u00f1a, brindar\u00eda muchos beneficios sobre todo en estos meses de intenso calor y donde el rendimiento de las instalaciones fotovoltaicas ha sido afectado. Entre estas utilidades est\u00e1n que los paneles solares tendr\u00e1n una mayor vida \u00fatil, disminuci\u00f3n de necesidad de energ\u00eda para enfriamiento de los paneles, menos p\u00e9rdidas el\u00e9ctricas, entre otros.<\/p>\n<p>Finalizando, esta t\u00e9cnica ha ayudado a los Emiratos \u00c1rabes Unidos a combatir su calor tradicional. Espa\u00f1a est\u00e1 muy interesada en este sistema tomando en cuenta los efectos de la ola de calor en sus renovables fotovoltaicas (lo peor es que se vaticina que en un futuro este fen\u00f3meno ser\u00e1 <a href=\"https:\/\/www.ecoticias.com\/hoyeco\/planeta-olas-de-calor-peor\/26523\/\">m\u00e1s intenso y frecuente<\/a>). Con esta refrigeraci\u00f3n ser\u00e1 posible disminuir el n\u00famero de paneles solares porque se aumenta su eficiencia.<\/p>\n","protected":false},"excerpt":{"rendered":"<p>Como consecuencia de la crisis ambiental en todo el planeta derivada de las actividades del hombre, todos los pa\u00edses est\u00e1n &#8230; <\/p>\n<p class=\"read-more-container\"><a title=\"Oriente Medio desaf\u00eda el calor de los desiertos: Espa\u00f1a que se quema en verano podr\u00eda tomar nota\" class=\"read-more button\" href=\"https:\/\/www.ecoticias.com\/hoyeco\/oriente-medio-calor-paneles-solares\/27292\/#more-27292\" aria-label=\"Leer m\u00e1s sobre Oriente Medio desaf\u00eda el calor de los desiertos: Espa\u00f1a que se quema en verano podr\u00eda tomar nota\">Read more<\/a><\/p>\n","protected":false},"author":6,"featured_media":27294,"comment_status":"closed","ping_status":"closed","sticky":false,"template":"","format":"standard","meta":{"footnotes":""},"categories":[5],"tags":[],"class_list":["post-27292","post","type-post","status-publish","format-standard","has-post-thumbnail","hentry","category-energia","resize-featured-image"],"_links":{"self":[{"href":"https:\/\/www.ecoticias.com\/hoyeco\/wp-json\/wp\/v2\/posts\/27292","targetHints":{"allow":["GET"]}}],"collection":[{"href":"https:\/\/www.ecoticias.com\/hoyeco\/wp-json\/wp\/v2\/posts"}],"about":[{"href":"https:\/\/www.ecoticias.com\/hoyeco\/wp-json\/wp\/v2\/types\/post"}],"author":[{"embeddable":true,"href":"https:\/\/www.ecoticias.com\/hoyeco\/wp-json\/wp\/v2\/users\/6"}],"replies":[{"embeddable":true,"href":"https:\/\/www.ecoticias.com\/hoyeco\/wp-json\/wp\/v2\/comments?post=27292"}],"version-history":[{"count":0,"href":"https:\/\/www.ecoticias.com\/hoyeco\/wp-json\/wp\/v2\/posts\/27292\/revisions"}],"wp:featuredmedia":[{"embeddable":true,"href":"https:\/\/www.ecoticias.com\/hoyeco\/wp-json\/wp\/v2\/media\/27294"}],"wp:attachment":[{"href":"https:\/\/www.ecoticias.com\/hoyeco\/wp-json\/wp\/v2\/media?parent=27292"}],"wp:term":[{"taxonomy":"category","embeddable":true,"href":"https:\/\/www.ecoticias.com\/hoyeco\/wp-json\/wp\/v2\/categories?post=27292"},{"taxonomy":"post_tag","embeddable":true,"href":"https:\/\/www.ecoticias.com\/hoyeco\/wp-json\/wp\/v2\/tags?post=27292"}],"curies":[{"name":"wp","href":"https:\/\/api.w.org\/{rel}","templated":true}]}}