{"id":27349,"date":"2025-08-17T14:30:37","date_gmt":"2025-08-17T12:30:37","guid":{"rendered":"https:\/\/www.ecoticias.com\/hoyeco\/?p=27349"},"modified":"2025-08-17T14:30:37","modified_gmt":"2025-08-17T12:30:37","slug":"europa-depender-africa-energia","status":"publish","type":"post","link":"https:\/\/www.ecoticias.com\/hoyeco\/europa-depender-africa-energia\/27349\/","title":{"rendered":"Una realidad que pocos quieren admitir: Europa podr\u00eda depender de \u00c1frica, necesita esto"},"content":{"rendered":"<p>La transici\u00f3n energ\u00e9tica que busca alinear la demanda el\u00e9ctrica con fuentes renovables, es un plan que tienen todos los pa\u00edses en favor de la lucha contra el cambio clim\u00e1tico y el calentamiento global. Por esto, es necesario que admitamos la posibilidad de que Europa dependa del continente africano ya que necesita de esto que ellos tienen. Vamos a ver a que nos referimos con esta realidad.<\/p>\n<h2>Europa y la imposibilidad de generar su energ\u00eda renovable<\/h2>\n<p>La regi\u00f3n que ha hecho las apuestas m\u00e1s elevadas por la energ\u00eda renovable, con el fin de revertir los efectos del cambio clim\u00e1tico a trav\u00e9s de la reducci\u00f3n de la emisi\u00f3n de gases nocivos y de dejar de depender de combustibles de origen f\u00f3sil, es Europa, pero tiene muchos problemas que le impiden producir energ\u00eda para su consumo con fuentes que sean renovables. Esto se debe a varios factores, sobre todo de tipo geogr\u00e1fico.<\/p>\n<p>Esto porque la mayor\u00eda de sus estados no tiene el terreno suficiente para la instalaci\u00f3n de grandes construcciones renovables, adem\u00e1s de contar con pocos espacios que tengan las condiciones \u00f3ptimas para generar energ\u00eda en cantidades que sean financieramente viables. Otro punto en contra es que muchos de los habitantes est\u00e1n en contra de estas estructuras. Todo ello <strong>pone en duda la capacidad de autoabastecimiento energ\u00e9tico del continente<\/strong>.<\/p>\n<h2>Una soluci\u00f3n para el suministro de electricidad verde para el continente europeo<\/h2>\n<p>La Uni\u00f3n Europea se ha concientizado de que no ser\u00e1 capaz de generar por s\u00ed sola toda la potencia el\u00e9ctrica de origen renovable que requiere, por lo que ha decidido traerla desde el norte africano, estableciendo una relaci\u00f3n de dependencia. Para ello ha tra\u00eddo a colaci\u00f3n un nuevo plan que obtendr\u00eda una financiaci\u00f3n preferente del Mecanismo Conectar Europa que le dar\u00eda m\u00e1s visibilidad. <strong>El nombre de este proyecto es Medlink<\/strong>.<\/p>\n<p>El mismo contempla la instalaci\u00f3n de fuentes fotovoltaicas y e\u00f3licas que suministrar\u00edan 10 GWh de electricidad junto con un sistema de almacenamiento robusto (esta potencia seria mayor a la de la <a href=\"https:\/\/www.ecoticias.com\/hoyeco\/energia-nuclear-espana-estragos\/26154\/\">energ\u00eda nuclear en Espa\u00f1a<\/a> que se niega a morir). La ubicaci\u00f3n id\u00f3nea de este gran sistema ser\u00eda en las llanuras des\u00e9rticas de Argelia y T\u00fanez. La electricidad producida ser\u00e1 enviada utilizando dos conductores marinos.<\/p>\n<p>Que ser\u00edan de alta tensi\u00f3n, transmitir\u00edan una potencia 28 TWh al a\u00f1o y llegar\u00edan hasta Italia. Esta capacidad ser\u00e1 suficiente para satisfacer m\u00e1s del 7 % de la demanda energ\u00e9tica de este pa\u00eds. Pero como entre las normas para este proyecto, de la Comisi\u00f3n Europea, se aclara que los mismos deben beneficiar como m\u00ednimo a dos pa\u00edses se proyecta que, una vez construido, ser\u00e1 extensivo a Suiza, Austria y Alemania.<\/p>\n<p>Como promotor de este proyecto se ha seleccionado a la empresa Zhero, que es de origen italiano y se especializa en el dise\u00f1o y desarrollo de proyectos de renovables. Con esta iniciativa Europa, adem\u00e1s de que sigue en el sendero de la transici\u00f3n energ\u00e9tica, busca <strong>independizarse de la energ\u00eda proveniente de Rusia<\/strong> como afianzamiento de la pol\u00edtica de sanciones por la invasi\u00f3n a Ucrania.<\/p>\n<h2>Otros proyectos que se desarrollan en paralelo<\/h2>\n<p>Existen otros proyectos donde intervienen empresas multinacionales de Espa\u00f1a, Suiza, Alemania y otros estados de Europa que no solo act\u00faan en el campo solar y e\u00f3lico, sino que tambi\u00e9n producir\u00e1n <strong>hidr\u00f3geno, combustible y amoniaco ecol\u00f3gicos<\/strong> elaborados con energ\u00edas sostenibles para el abastecimiento interno del viejo continente, as\u00ed como de otros mercados internacionales.<\/p>\n<p>En definitiva, Europa muy pronto depender\u00e1 de \u00c1frica para su abastecimiento de energ\u00eda renovable (el cual complementar\u00e1 el <a href=\"https:\/\/www.ecoticias.com\/hoyeco\/europa-africa-corredor-de-hidrogeno\/17396\/\">puente gaseoso que est\u00e1 proyectado<\/a> entre ambos continentes), esta es una realidad que muy pocos quieren admitir. Aunque Italia ser\u00eda la puerta de entrada, muy pronto se sumar\u00edan otros pa\u00edses como Austria, Suiza y Alemania para tener un s\u00f3lido piso energ\u00e9tico.<\/p>\n","protected":false},"excerpt":{"rendered":"<p>La transici\u00f3n energ\u00e9tica que busca alinear la demanda el\u00e9ctrica con fuentes renovables, es un plan que tienen todos los pa\u00edses &#8230; <\/p>\n<p class=\"read-more-container\"><a title=\"Una realidad que pocos quieren admitir: Europa podr\u00eda depender de \u00c1frica, necesita esto\" class=\"read-more button\" href=\"https:\/\/www.ecoticias.com\/hoyeco\/europa-depender-africa-energia\/27349\/#more-27349\" aria-label=\"Leer m\u00e1s sobre Una realidad que pocos quieren admitir: Europa podr\u00eda depender de \u00c1frica, necesita esto\">Read more<\/a><\/p>\n","protected":false},"author":6,"featured_media":27351,"comment_status":"closed","ping_status":"closed","sticky":false,"template":"","format":"standard","meta":{"footnotes":""},"categories":[5],"tags":[],"class_list":["post-27349","post","type-post","status-publish","format-standard","has-post-thumbnail","hentry","category-energia","resize-featured-image"],"_links":{"self":[{"href":"https:\/\/www.ecoticias.com\/hoyeco\/wp-json\/wp\/v2\/posts\/27349","targetHints":{"allow":["GET"]}}],"collection":[{"href":"https:\/\/www.ecoticias.com\/hoyeco\/wp-json\/wp\/v2\/posts"}],"about":[{"href":"https:\/\/www.ecoticias.com\/hoyeco\/wp-json\/wp\/v2\/types\/post"}],"author":[{"embeddable":true,"href":"https:\/\/www.ecoticias.com\/hoyeco\/wp-json\/wp\/v2\/users\/6"}],"replies":[{"embeddable":true,"href":"https:\/\/www.ecoticias.com\/hoyeco\/wp-json\/wp\/v2\/comments?post=27349"}],"version-history":[{"count":0,"href":"https:\/\/www.ecoticias.com\/hoyeco\/wp-json\/wp\/v2\/posts\/27349\/revisions"}],"wp:featuredmedia":[{"embeddable":true,"href":"https:\/\/www.ecoticias.com\/hoyeco\/wp-json\/wp\/v2\/media\/27351"}],"wp:attachment":[{"href":"https:\/\/www.ecoticias.com\/hoyeco\/wp-json\/wp\/v2\/media?parent=27349"}],"wp:term":[{"taxonomy":"category","embeddable":true,"href":"https:\/\/www.ecoticias.com\/hoyeco\/wp-json\/wp\/v2\/categories?post=27349"},{"taxonomy":"post_tag","embeddable":true,"href":"https:\/\/www.ecoticias.com\/hoyeco\/wp-json\/wp\/v2\/tags?post=27349"}],"curies":[{"name":"wp","href":"https:\/\/api.w.org\/{rel}","templated":true}]}}