{"id":27410,"date":"2025-08-14T14:30:53","date_gmt":"2025-08-14T12:30:53","guid":{"rendered":"https:\/\/www.ecoticias.com\/hoyeco\/?p=27410"},"modified":"2025-08-14T14:30:53","modified_gmt":"2025-08-14T12:30:53","slug":"espana-europa-energia-solar","status":"publish","type":"post","link":"https:\/\/www.ecoticias.com\/hoyeco\/espana-europa-energia-solar\/27410\/","title":{"rendered":"Espa\u00f1a le muestra m\u00fasculo a Europa y reta a Alemania: La carrera por drenar el Sol"},"content":{"rendered":"<p>La Uni\u00f3n Europea ha mostrado un gran inter\u00e9s en convertirse en la primera zona descarbonizada del planeta, llevando a cabo diversos proyectos cuya finalidad es disminuir la dependencia de los combustibles f\u00f3siles, que son la fuente principal de las emisiones de di\u00f3xido de carbono. En ese sentido, Espa\u00f1a le muestra m\u00fasculo a Europa, y tambi\u00e9n se atreve a retar a Alemania en la carrera por drenar el Sol.<\/p>\n<h2>Europa deja el pasado y busca alternativas energ\u00e9ticas<\/h2>\n<p>El calentamiento global y todas sus implicaciones <strong>est\u00e1n generando una transformaci\u00f3n total en lo que respecta a la obtenci\u00f3n de energ\u00eda<\/strong>, es necesario ir m\u00e1s all\u00e1 para dejar en el pasado el uso de los hidrocarburos, que son eficientes, pero a la larga acabar\u00e1n por perjudicar todav\u00eda m\u00e1s el medioambiente. Por eso, es necesario expandir el empleo de alternativas distintas y confiables que puedan sustituirlos.<\/p>\n<p>El continente europeo es donde se ha visto el mayor inter\u00e9s por esa labor, y resulta muy l\u00f3gico, pues las circunstancias geopol\u00edticas le han complicado el suministro energ\u00e9tico desde Rusia, as\u00ed que ahora debe salir adelante con sus propios recursos. Por ese motivo, tenemos a Espa\u00f1a haciendo todo lo necesario para mostrar m\u00fasculo a Europa y retando a Alemania, para tomar la delantera en la carrera por drenar el Sol.<\/p>\n<h2>Espa\u00f1a posee la mayor capacidad fotovoltaica de Europa<\/h2>\n<p><strong>La expansi\u00f3n de las renovables est\u00e1 en pleno florecimiento en Europa<\/strong>, y como la fotovoltaica es la favorita de los asentamientos urbanos, cada vez resulta m\u00e1s frecuente observar los techos y balcones de las viviendas equipados con paneles solares. La Comisi\u00f3n Europea realiz\u00f3 un estudio que determin\u00f3 que Espa\u00f1a es el pa\u00eds con la mayor capacidad para la producci\u00f3n de esta clase de energ\u00eda, con 2842 TWh por a\u00f1o.<\/p>\n<p>Actualmente, las energ\u00edas renovables aportan el 57% de la electricidad para los espa\u00f1oles, la e\u00f3lica est\u00e1 en primer lugar, mientras que las c\u00e9lulas fotovoltaicas son la segunda fuente energ\u00e9tica, con unos 8000 MW instalados. Esto constituye menos del 50% de las aspiraciones del Plan Nacional Integrado de Energ\u00eda y Clima (PNIEC), que espera estar produciendo 19 000 MW en el 2030, aunque parece dif\u00edcil de lograr.<\/p>\n<p>Porque en los periodos correspondientes al 2023 y 2024, hubo una reducci\u00f3n del 30% en la puesta en funcionamiento de nuevos paneles solares en las viviendas, de forma que hubo aproximadamente otros 1000 MW de generaci\u00f3n, pero el objetivo del PNIEC requiere de 2000 MW cada a\u00f1o. Posiblemente, si existieran mayores est\u00edmulos, la poblaci\u00f3n en general se animar\u00eda a usar este recurso que reduce los costos de la energ\u00eda.<\/p>\n<p>Aunque Espa\u00f1a tiene la mayor capacidad para la generaci\u00f3n de energ\u00eda fotovoltaica entre los pa\u00edses europeos, apenas el 5% de las casas lo usan, mientras que Alemania se ha convertido en el mayor productor, debido a que el 20% de sus hogares est\u00e1n equipados con paneles solares (aunque tambi\u00e9n ha creado <a href=\"https:\/\/www.ecoticias.com\/hoyeco\/alemania-mar-energia-hidrogeno\/26439\/\">esta incre\u00edble energ\u00eda<\/a>). Los espa\u00f1oles <strong>tienen el recurso disponible, y solo necesitan utilizarlo <\/strong>para poder lograr y superar los 19 000 MW en el 2030.<\/p>\n<h2>Es posible favorecer la expansi\u00f3n de la fotovoltaica<\/h2>\n<p>Contar con la mayor capacidad de producci\u00f3n de energ\u00eda solar de Europa, podr\u00eda permitir que Espa\u00f1a ocupe en primer lugar en la generaci\u00f3n de renovables, para convertirse en el elemento central que lleve al continente hacia la independencia energ\u00e9tica. El recurso natural est\u00e1 all\u00ed, solo <strong>hace falta adaptar de forma inteligente las diversas normas que regulan el uso de la fotovoltaica<\/strong> para favorecer su expansi\u00f3n.<\/p>\n<p>Concluyendo, Espa\u00f1a muestra m\u00fasculo en Europa porque posee la mayor capacidad de generar energ\u00eda el\u00e9ctrica a trav\u00e9s de la solar, con 2842 TWh anuales, pero hasta ahora solo se est\u00e1n generando 8000 MW. El Plan Nacional Integrado de Energ\u00eda y Clima (PNIEC) espera estar produciendo 19 000 MW en el 2030 (pero tiene que enfrentar este extra\u00f1o <a href=\"https:\/\/www.ecoticias.com\/hoyeco\/espana-aumento-luz\/26371\/\">fen\u00f3meno el\u00e9ctrico<\/a>)pero ha disminuido en 30% la puesta en marcha de nuevos paneles solares.<\/p>\n","protected":false},"excerpt":{"rendered":"<p>La Uni\u00f3n Europea ha mostrado un gran inter\u00e9s en convertirse en la primera zona descarbonizada del planeta, llevando a cabo &#8230; <\/p>\n<p class=\"read-more-container\"><a title=\"Espa\u00f1a le muestra m\u00fasculo a Europa y reta a Alemania: La carrera por drenar el Sol\" class=\"read-more button\" href=\"https:\/\/www.ecoticias.com\/hoyeco\/espana-europa-energia-solar\/27410\/#more-27410\" aria-label=\"Leer m\u00e1s sobre Espa\u00f1a le muestra m\u00fasculo a Europa y reta a Alemania: La carrera por drenar el Sol\">Read more<\/a><\/p>\n","protected":false},"author":6,"featured_media":27412,"comment_status":"closed","ping_status":"closed","sticky":false,"template":"","format":"standard","meta":{"footnotes":""},"categories":[5],"tags":[],"class_list":["post-27410","post","type-post","status-publish","format-standard","has-post-thumbnail","hentry","category-energia","resize-featured-image"],"_links":{"self":[{"href":"https:\/\/www.ecoticias.com\/hoyeco\/wp-json\/wp\/v2\/posts\/27410","targetHints":{"allow":["GET"]}}],"collection":[{"href":"https:\/\/www.ecoticias.com\/hoyeco\/wp-json\/wp\/v2\/posts"}],"about":[{"href":"https:\/\/www.ecoticias.com\/hoyeco\/wp-json\/wp\/v2\/types\/post"}],"author":[{"embeddable":true,"href":"https:\/\/www.ecoticias.com\/hoyeco\/wp-json\/wp\/v2\/users\/6"}],"replies":[{"embeddable":true,"href":"https:\/\/www.ecoticias.com\/hoyeco\/wp-json\/wp\/v2\/comments?post=27410"}],"version-history":[{"count":0,"href":"https:\/\/www.ecoticias.com\/hoyeco\/wp-json\/wp\/v2\/posts\/27410\/revisions"}],"wp:featuredmedia":[{"embeddable":true,"href":"https:\/\/www.ecoticias.com\/hoyeco\/wp-json\/wp\/v2\/media\/27412"}],"wp:attachment":[{"href":"https:\/\/www.ecoticias.com\/hoyeco\/wp-json\/wp\/v2\/media?parent=27410"}],"wp:term":[{"taxonomy":"category","embeddable":true,"href":"https:\/\/www.ecoticias.com\/hoyeco\/wp-json\/wp\/v2\/categories?post=27410"},{"taxonomy":"post_tag","embeddable":true,"href":"https:\/\/www.ecoticias.com\/hoyeco\/wp-json\/wp\/v2\/tags?post=27410"}],"curies":[{"name":"wp","href":"https:\/\/api.w.org\/{rel}","templated":true}]}}