{"id":27577,"date":"2025-08-19T14:30:50","date_gmt":"2025-08-19T12:30:50","guid":{"rendered":"https:\/\/www.ecoticias.com\/hoyeco\/?p=27577"},"modified":"2025-08-19T14:30:50","modified_gmt":"2025-08-19T12:30:50","slug":"espana-desperdicio-electrico-curtailment","status":"publish","type":"post","link":"https:\/\/www.ecoticias.com\/hoyeco\/espana-desperdicio-electrico-curtailment\/27577\/","title":{"rendered":"Europa y el mundo miran hacia Espa\u00f1a: El mayor desperdicio de la historia"},"content":{"rendered":"<p>La escasez se comprende cuando la disponibilidad de un recurso est\u00e1 limitada por circunstancias imposibles de controlar, como en el caso de cualquier clase de suceso natural que se escapa por completo de alg\u00fan tipo de control humano. Sin embargo, en Espa\u00f1a est\u00e1 ocurriendo una situaci\u00f3n realmente sorprendente, y es tal su dimensi\u00f3n que Europa y el mundo han fijado su mirada all\u00ed, en el mayor desperdicio de la historia.<\/p>\n<h2>El desperdicio de un recurso valioso en Espa\u00f1a<\/h2>\n<p>Todos los pa\u00edses que han alcanzado un desarrollo pleno han sabido sacar el m\u00e1ximo provecho de todas las riquezas que les ha brindado la naturaleza mediante su explotaci\u00f3n directa o por medio de su transformaci\u00f3n en bienes industrializados de alto valor. Para llegar a ese punto, se requiere contar con un recurso humano lo suficientemente capacitado para valorar las posibilidades y trabajarlas adecuadamente.<\/p>\n<p>En contraste, tambi\u00e9n hay naciones que por diversas razones viven en la escasez y el atraso, sin ninguna perspectiva de tener alguna vez la oportunidad de salir de esa situaci\u00f3n. Por eso, a Europa y el mundo les causa mucha extra\u00f1eza observar que <strong>Espa\u00f1a, en lugar de obtener el mayor beneficio de un recurso valioso, solo lo usa hasta cierto punto<\/strong>, y el resto se pierde como si se tratara de un desperdicio cualquiera.<\/p>\n<h2>El excedente energ\u00e9tico no se valora<\/h2>\n<p><strong>El apag\u00f3n ocurrido el 28 de abril tuvo graves repercusiones para Espa\u00f1a<\/strong>, no solo por los momentos de intranquilidad que experimentaron sus habitantes, sino que tambi\u00e9n dej\u00f3 una marca importante desde el punto de vista energ\u00e9tico. Pues a partir de ese momento se empez\u00f3 a fortalecer un fen\u00f3meno verdaderamente significativo, y es el desperdicio sistem\u00e1tico de las energ\u00edas renovables, para proteger la integridad del sistema el\u00e9ctrico.<\/p>\n<p>Ante la preocupaci\u00f3n de que se llegara a repetir este suceso, la compa\u00f1\u00eda a cargo, Red El\u00e9ctrica Espa\u00f1ola, ha optado por la paralizaci\u00f3n o disminuci\u00f3n de la generaci\u00f3n de energ\u00eda e\u00f3lica y solar para impedir el deterioro de su infraestructura. Esta es una de las principales secuelas del apag\u00f3n, ya que desde entonces se ha ido incrementando de forma gradual la p\u00e9rdida de energ\u00eda renovable, pasando del 2% al 10%.<\/p>\n<p>Esto ocurre porque, a pesar de que existen grandes parques e\u00f3licos y solares, todav\u00eda no se ha realizado la inversi\u00f3n para adecuar la red de electricidad al aumento de la producci\u00f3n de energ\u00eda. Por eso, si hay poca demanda, es necesario disminuir la producci\u00f3n porque actualmente no existe c\u00f3mo guardar el excedente energ\u00e9tico (aunque Espa\u00f1a tiene una propuesta innovadora y es <a href=\"https:\/\/www.ecoticias.com\/hoyeco\/energia-bajo-el-agua-espana\/8875\/\">almacenar energ\u00eda bajo el mar<\/a>).<\/p>\n<p>Si Espa\u00f1a desea tener un sistema el\u00e9ctrico basado en las renovables, tendr\u00e1 que modernizarse y buscar la manera de guardar la energ\u00eda generada mediante el uso de bater\u00edas y la instalaci\u00f3n de equipos inteligentes. <strong>Una gesti\u00f3n apropiada podr\u00eda maximizar el aprovechamiento de este recurso<\/strong>, pues resulta doloroso el desperdicio de tanta electricidad justamente en este periodo de transici\u00f3n cuando es tan necesaria.<\/p>\n<h2>El sistema el\u00e9ctrico necesita adaptarse a las renovables<\/h2>\n<p>Durante el 2024 se determin\u00f3 que hubo un desperdicio aproximado de 1,7\u202fTWh de energ\u00eda renovable, una cantidad m\u00e1s que suficiente para satisfacer los requerimientos de unas 600 mil viviendas. Por eso es necesario llevar a cabo la actualizaci\u00f3n del sistema el\u00e9ctrico de Espa\u00f1a, porque, adem\u00e1s de generar toda la energ\u00eda que necesita, tambi\u00e9n <strong>tiene el potencial para brindar un suministro seguro a los pa\u00edses vecinos<\/strong>.<\/p>\n<p>En conclusi\u00f3n, Espa\u00f1a tiene todo lo necesario para generar grandes cantidades de electricidad a partir de las energ\u00edas e\u00f3lica y solar, pero desde el apag\u00f3n del pasado mes de abril ha crecido el desperdicio de este recurso para prevenir da\u00f1os a su infraestructura. Por eso es necesario actualizar el sistema el\u00e9ctrico, para que se adapte a las renovables (para esto se puede seguir el ejemplo de <a href=\"https:\/\/www.ecoticias.com\/hoyeco\/almacenar-energia-aire-china\/17660\/\">este pa\u00eds asi\u00e1tico<\/a>) y evitar este <em>curtailment.<\/em><\/p>\n","protected":false},"excerpt":{"rendered":"<p>La escasez se comprende cuando la disponibilidad de un recurso est\u00e1 limitada por circunstancias imposibles de controlar, como en el &#8230; <\/p>\n<p class=\"read-more-container\"><a title=\"Europa y el mundo miran hacia Espa\u00f1a: El mayor desperdicio de la historia\" class=\"read-more button\" href=\"https:\/\/www.ecoticias.com\/hoyeco\/espana-desperdicio-electrico-curtailment\/27577\/#more-27577\" aria-label=\"Leer m\u00e1s sobre Europa y el mundo miran hacia Espa\u00f1a: El mayor desperdicio de la historia\">Read more<\/a><\/p>\n","protected":false},"author":6,"featured_media":27579,"comment_status":"closed","ping_status":"closed","sticky":false,"template":"","format":"standard","meta":{"footnotes":""},"categories":[5],"tags":[],"class_list":["post-27577","post","type-post","status-publish","format-standard","has-post-thumbnail","hentry","category-energia","resize-featured-image"],"_links":{"self":[{"href":"https:\/\/www.ecoticias.com\/hoyeco\/wp-json\/wp\/v2\/posts\/27577","targetHints":{"allow":["GET"]}}],"collection":[{"href":"https:\/\/www.ecoticias.com\/hoyeco\/wp-json\/wp\/v2\/posts"}],"about":[{"href":"https:\/\/www.ecoticias.com\/hoyeco\/wp-json\/wp\/v2\/types\/post"}],"author":[{"embeddable":true,"href":"https:\/\/www.ecoticias.com\/hoyeco\/wp-json\/wp\/v2\/users\/6"}],"replies":[{"embeddable":true,"href":"https:\/\/www.ecoticias.com\/hoyeco\/wp-json\/wp\/v2\/comments?post=27577"}],"version-history":[{"count":0,"href":"https:\/\/www.ecoticias.com\/hoyeco\/wp-json\/wp\/v2\/posts\/27577\/revisions"}],"wp:featuredmedia":[{"embeddable":true,"href":"https:\/\/www.ecoticias.com\/hoyeco\/wp-json\/wp\/v2\/media\/27579"}],"wp:attachment":[{"href":"https:\/\/www.ecoticias.com\/hoyeco\/wp-json\/wp\/v2\/media?parent=27577"}],"wp:term":[{"taxonomy":"category","embeddable":true,"href":"https:\/\/www.ecoticias.com\/hoyeco\/wp-json\/wp\/v2\/categories?post=27577"},{"taxonomy":"post_tag","embeddable":true,"href":"https:\/\/www.ecoticias.com\/hoyeco\/wp-json\/wp\/v2\/tags?post=27577"}],"curies":[{"name":"wp","href":"https:\/\/api.w.org\/{rel}","templated":true}]}}