{"id":27732,"date":"2025-08-22T16:30:54","date_gmt":"2025-08-22T14:30:54","guid":{"rendered":"https:\/\/www.ecoticias.com\/hoyeco\/?p=27732"},"modified":"2025-08-22T16:30:54","modified_gmt":"2025-08-22T14:30:54","slug":"portugal-energia-marruecos","status":"publish","type":"post","link":"https:\/\/www.ecoticias.com\/hoyeco\/portugal-energia-marruecos\/27732\/","title":{"rendered":"Portugal ya no conf\u00eda y se distancia de Espa\u00f1a: Lleva cientos de millones hacia el otro lado del Estrecho"},"content":{"rendered":"<p><strong>Portugal<\/strong> y Espa\u00f1a mantienen relaciones comerciales desde hace siglos pero recientemente se ha producido un distanciamiento entre ellos como parte de la p\u00e9rdida de confianza y evidencia de esto ha sido el prop\u00f3sito del gobierno luso de invertir millones en otro pa\u00eds del otro lado del Estrecho.<\/p>\n<h2><span data-sheets-root=\"1\">Se han hecho mejoras pero son insuficientes por lo que Portugal ve hacia otro lado<\/span><\/h2>\n<p>Existe un intercambio de energ\u00eda entre Espa\u00f1a y Portugal a trav\u00e9s de una interconexi\u00f3n el\u00e9ctrica que <strong>permite suministrar electricidad desde centrales espa\u00f1olas hasta estaciones lusas de distribuci\u00f3n<\/strong>, siendo esta forma de conexi\u00f3n la que permite integrar las energ\u00edas renovables y darle mayor fiabilidad y eficiencia al sistema.<\/p>\n<p>Previo a abril de este a\u00f1o se hab\u00edan estado realizando mejoras importantes a esta infraestructura el\u00e9ctrica como ha sido la puesta en servicio de nuevas subestaciones como la Fontefr\u00eda, buscando con ello incrementar la capacidad de intercambio y refleja los esfuerzos de parte de Espa\u00f1a.<\/p>\n<p>Sin embargo, pese a los esfuerzos realizados en pro de la <strong>mejora de la infraestructura el\u00e9ctrica de la pen\u00ednsula ib\u00e9rica<\/strong> y su integraci\u00f3n en el mercado energ\u00e9tico de Europa se pudo evidenciar que todav\u00eda falta mucho por hacer cuando lleg\u00f3 la fat\u00eddica fecha del 28 de abril.<\/p>\n<p>Ese aciago d\u00eda de abril en la pen\u00ednsula ib\u00e9rica quedaron 60 millones de personas completamente a oscuras, dejando en evidencia las debilidades que enfrenta Portugal en materia el\u00e9ctrica al depender casi enteramente de la electricidad suministrada por Espa\u00f1a a trav\u00e9s de la interconexi\u00f3n.<\/p>\n<h2>Comenzar de nuevo tiene sus costos por ello los portugueses se arriman a los que ya est\u00e1n<\/h2>\n<p data-mrf-recirculation=\"Enlaces p\u00e1rrafos\">Ante esta fragilidad en Portugal ha dispuesto romper el acuerdo energ\u00e9tico con Espa\u00f1a y <strong>se est\u00e1 preparando para invertir 400 millones de euros para el fortalecimiento de su sistema el\u00e9ctrico<\/strong> y la construcci\u00f3n de una conexi\u00f3n con Marruecos de forma directa.<\/p>\n<p data-mrf-recirculation=\"Enlaces p\u00e1rrafos\">Antes del 28 de abril la importaci\u00f3n de electricidad desde Espa\u00f1a por parte de Portugal era de 33%, pero desde el 30 de abril la compa\u00f1\u00eda operadora REN como medida preventiva procedi\u00f3 a la desconexi\u00f3n del sistema espa\u00f1ol, seg\u00fan informara su director Jo\u00e3o Faria Concei\u00e7\u00e3o.<\/p>\n<p class=\"paragraph\" data-mrf-recirculation=\"Enlaces p\u00e1rrafos\">Considerando que iniciar proyectos nuevos resulta muy costoso Portugal <strong>ha previsto sumarse a los que ya se encuentran en desarrollo realizando para ello estudios previos de viabilidad<\/strong>, esto como una estrategia para evitar volver a experimentar una interrupci\u00f3n el\u00e9ctrica como la suscitada el pasado 28 de abril, seg\u00fan se\u00f1ala Mar\u00eda da Gra\u00e7a Carvalho, ministra de Energ\u00eda.<\/p>\n<p data-mrf-recirculation=\"Enlaces p\u00e1rrafos\">A diferencia de las autoridades de Portugal que se muestran m\u00e1s dispuestas, Espa\u00f1a no avanza mucho en la presentaci\u00f3n de planes y soluciones frente a la crisis del sistema el\u00e9ctrico, siendo evidencia de ello el <a href=\"https:\/\/www.ecoticias.com\/energias-renovables\/transicion-ecologica-real-decreto-reforzar-sistema-electrico\">rechazo del Real Decreto-ley 7\/2025 presentado ante el Congreso<\/a>.<\/p>\n<h2 data-mrf-recirculation=\"Enlaces p\u00e1rrafos\">En momentos cuando reina la oscuridad la ayuda que necesita Europa viene de \u00c1frica<\/h2>\n<p data-mrf-recirculation=\"Enlaces p\u00e1rrafos\">Espa\u00f1a ha suspendido varios procedimientos que apuntan a la modernizaci\u00f3n de la red, reflejando una baja motivaci\u00f3n o lasa actitud hacia la toma de decisiones frente a los problemas que provocaron el apag\u00f3n. Entre las medidas que han sido diferidas o paralizadas sin fecha definida se encuentran:<\/p>\n<ul>\n<li data-mrf-recirculation=\"Enlaces p\u00e1rrafos\">El otorgamiento de incentivos al almacenamiento<\/li>\n<li data-mrf-recirculation=\"Enlaces p\u00e1rrafos\">Fijaci\u00f3n de mecanismos de control de voltaje<\/li>\n<li data-mrf-recirculation=\"Enlaces p\u00e1rrafos\">Repotenciaci\u00f3n de parques e\u00f3licos<\/li>\n<\/ul>\n<p class=\"paragraph\" data-mrf-recirculation=\"Enlaces p\u00e1rrafos\">En cambio, en el gobierno luso hay mayor voluntad y prueba de ello es que <strong>la ministra de Emerg\u00eda ha informado acerca del objetivo de pasar de 13 a 750 MW<\/strong> en la capacidad de almacenamiento de las bater\u00edas con el prop\u00f3sito de alcanzar una mayor resiliencia frente a las deficiencias energ\u00e9ticas que presenta el sistema.<\/p>\n<p class=\"paragraph\" data-mrf-recirculation=\"Enlaces p\u00e1rrafos\">Marruecos demostr\u00f3 su capacidad el\u00e9ctrica al suministrar 900 MW a Espa\u00f1a durante el colosal apag\u00f3n, equivalente al 38% de su capacidad productiva, apoy\u00e1ndose en la interconexi\u00f3n submarina entre Tarifa y Fardioua que est\u00e1 en funcionamiento desde 1997 y que fue objeto de ampliaci\u00f3n en 2006.<\/p>\n<p data-mrf-recirculation=\"Enlaces p\u00e1rrafos\"><span data-sheets-root=\"1\">En conclusi\u00f3n, Portugal ya no conf\u00eda en la robustez y seguridad de la interconexi\u00f3n el\u00e9ctrica con Espa\u00f1a y planea<\/span><span data-sheets-root=\"1\"> cientos de millones hacia el otro lado del Estrecho, es decir, en el sistema el\u00e9ctrico marroqu\u00ed que apunta a tener mayor capacidad para enfrentar las <a href=\"https:\/\/www.ecoticias.com\/energias-renovables\/renovables-apagon-2\">deficiencias que causaron el apag\u00f3n en abril<\/a>.<\/span><\/p>\n","protected":false},"excerpt":{"rendered":"<p>Portugal y Espa\u00f1a mantienen relaciones comerciales desde hace siglos pero recientemente se ha producido un distanciamiento entre ellos como parte &#8230; <\/p>\n<p class=\"read-more-container\"><a title=\"Portugal ya no conf\u00eda y se distancia de Espa\u00f1a: Lleva cientos de millones hacia el otro lado del Estrecho\" class=\"read-more button\" href=\"https:\/\/www.ecoticias.com\/hoyeco\/portugal-energia-marruecos\/27732\/#more-27732\" aria-label=\"Leer m\u00e1s sobre Portugal ya no conf\u00eda y se distancia de Espa\u00f1a: Lleva cientos de millones hacia el otro lado del Estrecho\">Read more<\/a><\/p>\n","protected":false},"author":9,"featured_media":27760,"comment_status":"closed","ping_status":"closed","sticky":false,"template":"","format":"standard","meta":{"footnotes":""},"categories":[5],"tags":[],"class_list":["post-27732","post","type-post","status-publish","format-standard","has-post-thumbnail","hentry","category-energia","resize-featured-image"],"_links":{"self":[{"href":"https:\/\/www.ecoticias.com\/hoyeco\/wp-json\/wp\/v2\/posts\/27732","targetHints":{"allow":["GET"]}}],"collection":[{"href":"https:\/\/www.ecoticias.com\/hoyeco\/wp-json\/wp\/v2\/posts"}],"about":[{"href":"https:\/\/www.ecoticias.com\/hoyeco\/wp-json\/wp\/v2\/types\/post"}],"author":[{"embeddable":true,"href":"https:\/\/www.ecoticias.com\/hoyeco\/wp-json\/wp\/v2\/users\/9"}],"replies":[{"embeddable":true,"href":"https:\/\/www.ecoticias.com\/hoyeco\/wp-json\/wp\/v2\/comments?post=27732"}],"version-history":[{"count":0,"href":"https:\/\/www.ecoticias.com\/hoyeco\/wp-json\/wp\/v2\/posts\/27732\/revisions"}],"wp:featuredmedia":[{"embeddable":true,"href":"https:\/\/www.ecoticias.com\/hoyeco\/wp-json\/wp\/v2\/media\/27760"}],"wp:attachment":[{"href":"https:\/\/www.ecoticias.com\/hoyeco\/wp-json\/wp\/v2\/media?parent=27732"}],"wp:term":[{"taxonomy":"category","embeddable":true,"href":"https:\/\/www.ecoticias.com\/hoyeco\/wp-json\/wp\/v2\/categories?post=27732"},{"taxonomy":"post_tag","embeddable":true,"href":"https:\/\/www.ecoticias.com\/hoyeco\/wp-json\/wp\/v2\/tags?post=27732"}],"curies":[{"name":"wp","href":"https:\/\/api.w.org\/{rel}","templated":true}]}}