{"id":28366,"date":"2025-09-08T15:30:09","date_gmt":"2025-09-08T13:30:09","guid":{"rendered":"https:\/\/www.ecoticias.com\/hoyeco\/?p=28366"},"modified":"2025-09-08T15:30:09","modified_gmt":"2025-09-08T13:30:09","slug":"fuente-energia-espana-lemoniz","status":"publish","type":"post","link":"https:\/\/www.ecoticias.com\/hoyeco\/fuente-energia-espana-lemoniz\/28366\/","title":{"rendered":"Iba a ser una fuente de energ\u00eda para Espa\u00f1a: Qu\u00e9 ocurri\u00f3 casi medio siglo despu\u00e9s"},"content":{"rendered":"<p>Espa\u00f1a ha sido un pa\u00eds que siempre se ha distinguido por ser muy innovador y dado a experimentar con nuevas tecnolog\u00edas, especialmente cuando nos referimos al sector energ\u00e9tico. Por eso es que desde varias d\u00e9cadas atr\u00e1s se ha dedicado a la construcci\u00f3n de infraestructuras de fuentes de energ\u00eda, aunque como ya lleva tiempo ponderando las verdes, ha tenido un gran avance en las que no tienen emisiones de gases de efecto invernadero. Pero hay algunas que incre\u00edblemente nunca entraron en servicio, como esta que iba a proveer a la pen\u00ednsula de energ\u00eda, hace casi medio siglo.<\/p>\n<h2>El visitante que transform\u00f3 a Espa\u00f1a<\/h2>\n<p>Un 21 de diciembre del a\u00f1o 1959 Espa\u00f1a recibi\u00f3 una visita no esperada pero bienvenida, el presidente de los Estados Unidos Dwight D. Eisenhower, lleg\u00f3 a Madrid para una reuni\u00f3n con Francisco Franco. La misma ten\u00eda como fin ultimar detalles de los acuerdos firmados hace a\u00f1os atr\u00e1s, para que la pen\u00ednsula <strong>iniciara su camino por la energ\u00eda nuclear<\/strong>, utilizando la tecnolog\u00eda del pa\u00eds norteamericano.<\/p>\n<p>Esto vino como anillo al dedo ya que, por la gran industrializaci\u00f3n, el consumo el\u00e9ctrico se hab\u00eda disparado por lo que era muy dif\u00edcil satisfacerlo con las centrales de carb\u00f3n, adem\u00e1s de que aumentar la generaci\u00f3n hidr\u00e1ulica no era f\u00edsicamente posible. Por lo que la \u00fanica manera era la apuesta por la energ\u00eda at\u00f3mica como fuente que era limpia e inagotable.<\/p>\n<h2>La instalaci\u00f3n m\u00e1s moderna de energ\u00eda, para la \u00e9poca, de Espa\u00f1a<\/h2>\n<p>Como parte del Plan Energ\u00e9tico Nacional de Espa\u00f1a, creado en 1972, se contemplaba la implementaci\u00f3n de siete nuevos reactores que ser\u00edan albergados en tres infraestructuras nucleares en el Pa\u00eds Vasco, los cuales llevar\u00edan la potencia instalada en la pen\u00ednsula hasta los 15 000 MWe. Entre ellas estaba la central at\u00f3mica de Lem\u00f3niz, <strong>cuya construcci\u00f3n arrancar\u00eda en 1973<\/strong>.<\/p>\n<p>Para la misma se preve\u00edan dos reactores de agua a presi\u00f3n marca Westinghouse con capacidad, cada uno, de 930 MW los cuales ser\u00edan construidos con la tecnolog\u00eda m\u00e1s reciente para el momento (aunque actualmente esta energ\u00eda es un dilema por la <a href=\"https:\/\/www.ecoticias.com\/hoyeco\/espana-fusion-nuclear-rodas\/18888\/\">paradoja que representa<\/a>). Las obras de infraestructura de esta central se dieron por terminadas en 1983, aunque nunca comenz\u00f3 a funcionar.<\/p>\n<p>Debido a la muerte de Franco en 1975, aunque se continuaron las obras, el pa\u00eds comenz\u00f3 una traum\u00e1tica transici\u00f3n hacia la democracia que incluy\u00f3 una serie de protestas que exig\u00edan la paralizaci\u00f3n de la construcci\u00f3n. A pesar de todo, en 1983 se dio por culminada la obra dejando todo listo para la colocaci\u00f3n de los reactores. Sin embargo, ese mismo a\u00f1o el gobierno decidi\u00f3 detener la instalaci\u00f3n.<\/p>\n<p>En 1984 el gobierno socialista de turno, dio la paralizaci\u00f3n definitiva por las protestas y los repetidos atentados provocados por la ETA, el grupo armado separatista que pretend\u00eda que el Pa\u00eds Vasco fuera independiente. Desde entonces, estas instalaciones han permanecido abandonadas y Espa\u00f1a no sabe qu\u00e9 hacer con ellas, pues representan una muy <strong>importante inversi\u00f3n en materiales y mano de obra<\/strong>.<\/p>\n<h2>Las propuestas para las instalaciones de la central at\u00f3mica de Lem\u00f3niz<\/h2>\n<p>A lo largo de m\u00e1s de cuatro d\u00e9cadas de abandono, se han hecho muchas propuestas para la utilizaci\u00f3n de esta infraestructura por Espa\u00f1a. La que hasta el momento se ha considerado mejor y tiene buenas posibilidades de aprobaci\u00f3n es el denominado Proyecto de conversi\u00f3n de la Central Nuclear de Lem\u00f3niz y los terrenos afectados en un espacio de uso p\u00fablico, que propone convertirlo en un parque tem\u00e1tico patrimonial.<\/p>\n<p>En conclusi\u00f3n, la central at\u00f3mica de Lem\u00f3niz iba a ser la fuente de electricidad m\u00e1s moderna de Espa\u00f1a, hace medio siglo, ya que generar\u00eda casi 2 GW de potencia (quiz\u00e1s hubiese sido de gran ayuda para la regi\u00f3n durante el apag\u00f3n, <a href=\"https:\/\/www.ecoticias.com\/hoyeco\/espana-apagon-plantas-nucleares\/20482\/\">a menos que se hubiera \u201cenvenenado\u201d<\/a>). Sin embargo, por protestas y sucesivos ataques de ETA, el gobierno se vio obligado en 1984 a cerrarla antes de que se pusiera en operaci\u00f3n, cuando solo faltaban los reactores. Ahora la mejor propuesta es convertir estas instalaciones en un parque tem\u00e1tico para el disfrute de todos.<\/p>\n","protected":false},"excerpt":{"rendered":"<p>Espa\u00f1a ha sido un pa\u00eds que siempre se ha distinguido por ser muy innovador y dado a experimentar con nuevas &#8230; <\/p>\n<p class=\"read-more-container\"><a title=\"Iba a ser una fuente de energ\u00eda para Espa\u00f1a: Qu\u00e9 ocurri\u00f3 casi medio siglo despu\u00e9s\" class=\"read-more button\" href=\"https:\/\/www.ecoticias.com\/hoyeco\/fuente-energia-espana-lemoniz\/28366\/#more-28366\" aria-label=\"Leer m\u00e1s sobre Iba a ser una fuente de energ\u00eda para Espa\u00f1a: Qu\u00e9 ocurri\u00f3 casi medio siglo despu\u00e9s\">Read more<\/a><\/p>\n","protected":false},"author":6,"featured_media":28368,"comment_status":"closed","ping_status":"closed","sticky":false,"template":"","format":"standard","meta":{"footnotes":""},"categories":[5],"tags":[],"class_list":["post-28366","post","type-post","status-publish","format-standard","has-post-thumbnail","hentry","category-energia","resize-featured-image"],"_links":{"self":[{"href":"https:\/\/www.ecoticias.com\/hoyeco\/wp-json\/wp\/v2\/posts\/28366","targetHints":{"allow":["GET"]}}],"collection":[{"href":"https:\/\/www.ecoticias.com\/hoyeco\/wp-json\/wp\/v2\/posts"}],"about":[{"href":"https:\/\/www.ecoticias.com\/hoyeco\/wp-json\/wp\/v2\/types\/post"}],"author":[{"embeddable":true,"href":"https:\/\/www.ecoticias.com\/hoyeco\/wp-json\/wp\/v2\/users\/6"}],"replies":[{"embeddable":true,"href":"https:\/\/www.ecoticias.com\/hoyeco\/wp-json\/wp\/v2\/comments?post=28366"}],"version-history":[{"count":0,"href":"https:\/\/www.ecoticias.com\/hoyeco\/wp-json\/wp\/v2\/posts\/28366\/revisions"}],"wp:featuredmedia":[{"embeddable":true,"href":"https:\/\/www.ecoticias.com\/hoyeco\/wp-json\/wp\/v2\/media\/28368"}],"wp:attachment":[{"href":"https:\/\/www.ecoticias.com\/hoyeco\/wp-json\/wp\/v2\/media?parent=28366"}],"wp:term":[{"taxonomy":"category","embeddable":true,"href":"https:\/\/www.ecoticias.com\/hoyeco\/wp-json\/wp\/v2\/categories?post=28366"},{"taxonomy":"post_tag","embeddable":true,"href":"https:\/\/www.ecoticias.com\/hoyeco\/wp-json\/wp\/v2\/tags?post=28366"}],"curies":[{"name":"wp","href":"https:\/\/api.w.org\/{rel}","templated":true}]}}