{"id":28849,"date":"2025-09-19T15:00:53","date_gmt":"2025-09-19T13:00:53","guid":{"rendered":"https:\/\/www.ecoticias.com\/hoyeco\/?p=28849"},"modified":"2025-09-19T15:00:53","modified_gmt":"2025-09-19T13:00:53","slug":"visible-espana-cuando-siglo","status":"publish","type":"post","link":"https:\/\/www.ecoticias.com\/hoyeco\/visible-espana-cuando-siglo\/28849\/","title":{"rendered":"Ser\u00e1 visible desde Espa\u00f1a: Cu\u00e1ndo y c\u00f3mo ver el m\u00e1s largo del siglo"},"content":{"rendered":"<p>Hay ciertos acontecimientos c\u00f3smicos que, desde que fueron notados por los seres humanos, han despertado su curiosidad, y tambi\u00e9n algunos temores. Porque la observaci\u00f3n de los cielos siempre ha resultado muy interesante, pero comprender lo que ocurr\u00eda ha sido algo m\u00e1s complejo. E incluso, cuando algunos cre\u00edan entender el significado de algunos sucesos celestes, ese conocimiento era reservado solo para unos pocos. Pero muy pronto, uno de ellos ser\u00e1 visible desde Espa\u00f1a, y todos podr\u00e1n saber cu\u00e1ndo y c\u00f3mo podr\u00e1n ver el m\u00e1s largo de este siglo.<\/p>\n<h2>Un gran evento ser\u00e1 visto por algunos privilegiados<\/h2>\n<p>Las antiguas civilizaciones observaban los cielos y deseaban comprender si exist\u00eda alguna relaci\u00f3n entre los movimientos de los astros que pod\u00edan ver y los sucesos terrestres. As\u00ed que varios de ellos, tal vez los m\u00e1s inteligentes, se centraron en esa tarea, y fueron capaces de elaborar calendarios para sus actividades. E incluso, llegaron a predecir ciertos fen\u00f3menos astron\u00f3micos, aun cuando carec\u00edan de instrumentos sofisticados.<\/p>\n<p>Pero en la actualidad, la astronom\u00eda cuenta con unas herramientas de enorme precisi\u00f3n y capacidades, con las que pueden estudiar el universo en profundidad. Por eso pueden predecir de forma segura y detallada diferentes clases de eventos celestes, de hecho, ya informaron que <strong>se acerca el m\u00e1s largo que se podr\u00e1 ver en el presente siglo<\/strong>. Tambi\u00e9n indicaron cu\u00e1ndo y c\u00f3mo verlo, y que ser\u00e1 visible en Espa\u00f1a.<\/p>\n<h2>Espa\u00f1a disfrutar\u00e1 de un evento astron\u00f3mico excepcional<\/h2>\n<p>No es muy frecuente tener la posibilidad de experimentar en vivo un eclipse solar total, pues en el caso de Espa\u00f1a esto no se ha vuelto a ver desde 1959. Afortunadamente para las nuevas generaciones, el 2 de agosto del 2027 tendr\u00e1n la oportunidad de disfrutar de uno de ellos, pero no de cualquiera. Porque <strong>ser\u00e1 el m\u00e1s largo de este siglo, con 6 minutos y 22 segundos<\/strong>, y ser\u00e1 visible desde las regiones del sur del pa\u00eds.<\/p>\n<p>Quienes deseen ver este espect\u00e1culo celeste en todo su esplendor tendr\u00e1n que acercarse a C\u00e1diz, Ceuta, M\u00e1laga, Melilla, Almer\u00eda y Granada en Espa\u00f1a. Este acontecimiento se podr\u00e1 observar alrededor de las 10:50 de la ma\u00f1ana, cuando la Luna se interpondr\u00e1 entre el Sol y la Tierra, dejando a oscuras esas regiones. Mientras que, en el resto del pa\u00eds, aunque tambi\u00e9n se podr\u00e1 observar el acontecimiento, se apreciar\u00e1 solo de forma parcial.<\/p>\n<p><strong>Este no ser\u00e1 el \u00fanico suceso astron\u00f3mico<\/strong> que tendr\u00e1 Espa\u00f1a en estos a\u00f1os, pues entre el 7 y 8 de septiembre de 2025 tuvo lugar <a href=\"https:\/\/www.ecoticias.com\/hoyeco\/superluna-de-sangre-eclipse-lunar\/27560\/\">la luna de sangre<\/a>. El 12 de agosto del 2026, habr\u00e1 otro eclipse total de sol que se ver\u00e1 en la parte central de la pen\u00ednsula, pero ser\u00e1 m\u00e1s breve, 1 minuto con 32 segundos, aproximadamente a las 20:30. Y para cerrar la fiesta celeste, el 26 de enero del 2028 habr\u00e1 un eclipse anular solar de 7 minutos, visible en el suroeste del pa\u00eds alrededor de las 17:55.<\/p>\n<h2>Hay que prepararse para ver los eclipses<\/h2>\n<p>Indudablemente, resulta emocionante ver un acontecimiento celeste como un eclipse de sol, sobre todo en Espa\u00f1a, donde la mayor\u00eda no ha podido disfrutar de uno de ellos en vivo. As\u00ed que bien vale la pena trasladarse a los lugares correspondientes, porque la pr\u00f3xima oportunidad llegar\u00e1 en el 2052. Sin embargo, para prepararse adecuadamente, no ser\u00e1 suficiente llevar el equipaje de costumbre, hay que protegerse adecuadamente.<\/p>\n<p>Pues no solo es cuesti\u00f3n de ver el eclipse, hay que saber c\u00f3mo hacerlo, y jam\u00e1s se debe hacer de forma directa o usando gafas de sol. Tampoco a trav\u00e9s de c\u00e1maras fotogr\u00e1ficas o de video sin filtros profesionales especiales. Solo se puede observar brevemente con lentes de eclipse, homologados por la CE, porque, <strong>aunque el sol est\u00e9 tapado, siempre emite radiaciones invisibles que da\u00f1an irreversiblemente los ojos<\/strong>.<\/p>\n<p>En conclusi\u00f3n, se aproxima el d\u00eda en que Espa\u00f1a experimentar\u00e1 el eclipse total de sol m\u00e1s largo de este siglo, quedando a oscuras durante 6 minutos y 22 segundos. Este acontecimiento ser\u00e1 visible el 2 de agosto del 2027, a eso de las 10:50 de la ma\u00f1ana en la zona sur. Y m\u00e1s espec\u00edficamente en C\u00e1diz, Ceuta, M\u00e1laga, Melilla, Almer\u00eda y Granada, en el resto del pa\u00eds tambi\u00e9n se ver\u00e1, pero solo de forma parcial, como se observ\u00f3 el espect\u00e1culo que <a href=\"https:\/\/www.ecoticias.com\/hoyeco\/marte-oposicion-se-ve-desde-tierra\/16523\/\">dio Marte en el pasado<\/a>. Se espera otro evento m\u00e1s corto en 2026 y uno de tipo anular en el 2028, y para observarlos, es necesario tomar precauciones para evitar da\u00f1os en los ojos.<\/p>\n","protected":false},"excerpt":{"rendered":"<p>Hay ciertos acontecimientos c\u00f3smicos que, desde que fueron notados por los seres humanos, han despertado su curiosidad, y tambi\u00e9n algunos &#8230; <\/p>\n<p class=\"read-more-container\"><a title=\"Ser\u00e1 visible desde Espa\u00f1a: Cu\u00e1ndo y c\u00f3mo ver el m\u00e1s largo del siglo\" class=\"read-more button\" href=\"https:\/\/www.ecoticias.com\/hoyeco\/visible-espana-cuando-siglo\/28849\/#more-28849\" aria-label=\"Leer m\u00e1s sobre Ser\u00e1 visible desde Espa\u00f1a: Cu\u00e1ndo y c\u00f3mo ver el m\u00e1s largo del siglo\">Read more<\/a><\/p>\n","protected":false},"author":6,"featured_media":28851,"comment_status":"closed","ping_status":"closed","sticky":false,"template":"","format":"standard","meta":{"footnotes":""},"categories":[2],"tags":[],"class_list":["post-28849","post","type-post","status-publish","format-standard","has-post-thumbnail","hentry","category-actualidad","resize-featured-image"],"_links":{"self":[{"href":"https:\/\/www.ecoticias.com\/hoyeco\/wp-json\/wp\/v2\/posts\/28849","targetHints":{"allow":["GET"]}}],"collection":[{"href":"https:\/\/www.ecoticias.com\/hoyeco\/wp-json\/wp\/v2\/posts"}],"about":[{"href":"https:\/\/www.ecoticias.com\/hoyeco\/wp-json\/wp\/v2\/types\/post"}],"author":[{"embeddable":true,"href":"https:\/\/www.ecoticias.com\/hoyeco\/wp-json\/wp\/v2\/users\/6"}],"replies":[{"embeddable":true,"href":"https:\/\/www.ecoticias.com\/hoyeco\/wp-json\/wp\/v2\/comments?post=28849"}],"version-history":[{"count":0,"href":"https:\/\/www.ecoticias.com\/hoyeco\/wp-json\/wp\/v2\/posts\/28849\/revisions"}],"wp:featuredmedia":[{"embeddable":true,"href":"https:\/\/www.ecoticias.com\/hoyeco\/wp-json\/wp\/v2\/media\/28851"}],"wp:attachment":[{"href":"https:\/\/www.ecoticias.com\/hoyeco\/wp-json\/wp\/v2\/media?parent=28849"}],"wp:term":[{"taxonomy":"category","embeddable":true,"href":"https:\/\/www.ecoticias.com\/hoyeco\/wp-json\/wp\/v2\/categories?post=28849"},{"taxonomy":"post_tag","embeddable":true,"href":"https:\/\/www.ecoticias.com\/hoyeco\/wp-json\/wp\/v2\/tags?post=28849"}],"curies":[{"name":"wp","href":"https:\/\/api.w.org\/{rel}","templated":true}]}}