{"id":29105,"date":"2025-09-26T14:30:50","date_gmt":"2025-09-26T12:30:50","guid":{"rendered":"https:\/\/www.ecoticias.com\/hoyeco\/?p=29105"},"modified":"2025-09-26T14:30:50","modified_gmt":"2025-09-26T12:30:50","slug":"adiccion-energia-negra-enfermedad","status":"publish","type":"post","link":"https:\/\/www.ecoticias.com\/hoyeco\/adiccion-energia-negra-enfermedad\/29105\/","title":{"rendered":"La adicci\u00f3n por las tierras y la energ\u00eda negra empeorar\u00e1: Una enfermedad diseminada por el mundo"},"content":{"rendered":"<p>En la actualidad, la tendencia para el cuidado del ambiente ha contagiado a la gran mayor\u00eda de los pueblos de la Tierra, quienes a trav\u00e9s del Acuerdo de Par\u00eds mostraron sus intenciones. Sin embargo, hoy, 10 a\u00f1os despu\u00e9s, vemos como si m\u00e1s bien fuera un convenio para acabar ambientalmente con nuestro planeta. En este sentido hay una gran enfermedad diseminada por todo el planeta, lo peor es que sabemos que la padecemos, pero nadie hace nada para curarla o, por lo menos mitigar sus efectos. Ella consiste en una adicci\u00f3n por la energ\u00eda y las tierras negras las cuales ser\u00e1n nuestra perdici\u00f3n.<\/p>\n<h2>Conoce el principal objetivo del Acuerdo de Par\u00eds y los compromisos para alcanzarlo<\/h2>\n<p>Este acuerdo fue suscrito por la mayor\u00eda de los pa\u00edses del mundo en 2015 y su meta es limitar la temperatura del calentamiento global a menos de 2 \u00b0C tomando como referencia la \u00e9poca preindustrial. Para alcanzarla, las naciones se comprometieron a reducir la producci\u00f3n y uso del gas natural, energ\u00eda negra y tierras negras, que son los <strong>principales contaminantes por sus emisiones de gases de efecto invernadero<\/strong>.<\/p>\n<p>Yendo de forma gradual a una transici\u00f3n energ\u00e9tica hacia fuentes que sean renovables, ecol\u00f3gicas, sustentables y amigables con el medio ambiente. Aunque se debe tener claro que este documento no impone sanciones para aquellos pa\u00edses que incumplan, ya que m\u00e1s bien apela a la presi\u00f3n internacional y a la conciencia gubernamental. Con el fin de que los pueblos tomen el camino hacia la descarbonizaci\u00f3n de sus procesos.<\/p>\n<h2>La adicci\u00f3n al gas natural, la energ\u00eda y las tierras negras\u00a0 a pesar del Acuerdo de Par\u00eds<\/h2>\n<p>El informe llamado Brecha de Producci\u00f3n 2025, elaborado por Climate Analytics estudia el cumplimiento del tratado de Par\u00eds por parte de todos los pa\u00edses firmantes en cuanto a su contribuci\u00f3n. El cual se refleja en la producci\u00f3n y uso de las tierras negras o carb\u00f3n, energ\u00eda negra o petr\u00f3leo y gas natural. <strong>Al final, presenta una serie de conclusiones las cuales son, a lo menos, preocupantes<\/strong>.<\/p>\n<p>Sobre todo, en referencia al carb\u00f3n, cuya producci\u00f3n se est\u00e1 elevando, proyectando que alcance un pico y luego comenzar\u00e1 a reducirse su producci\u00f3n y consumo para el 2035, es decir, la situaci\u00f3n empeorar\u00e1 y luego mejorar\u00e1. No obstante, de los 20 principales productores del gas natural y el petr\u00f3leo del mundo, 18 proyectan elevar su extracci\u00f3n un 78 % m\u00e1s de lo acordado en Par\u00eds.<\/p>\n<p>Este incremento lo realizar\u00edan a\u00f1o a a\u00f1o hasta el 2050 cuando comenzar\u00eda su declive lo que se agrava con el <a href=\"https:\/\/www.ecoticias.com\/hoyeco\/energia-negra-estrecho-ormuz\/25389\/\">desv\u00edo intencional de estos minerales<\/a>. Lo peor es que las emisiones del 2024 fueron mayores que las del 2023, por la energ\u00eda negra, de acuerdo al informe citado. Por lo que, si se desea volver a los objetivos originales del acuerdo, ser\u00eda necesario un mayor nivel de compromiso por todos los pa\u00edses del mundo, <strong>comenzando por la reducci\u00f3n de emisiones<\/strong>.<\/p>\n<h2>La crisis del cambio clim\u00e1tico<\/h2>\n<p>Esta crisis deriva de las emisiones de CO2 producidas por la quema de combustibles como la energ\u00eda negra, carb\u00f3n y gas natural. <strong>Ellas se acumulan en la atm\u00f3sfera creando un efecto invernadero<\/strong> que no deja salir el calor al espacio. Lo que produce una elevaci\u00f3n anormal de la temperatura ambiente en todo el planeta, que est\u00e1 provocando el derretimiento de los glaciares en los polos.<\/p>\n<p>Tambi\u00e9n trae una alteraci\u00f3n clim\u00e1tica que nos afecta a todos, ya que es la causa de olas de calor las que son cada vez m\u00e1s frecuentes, sequ\u00edas muy fuertes y violentas precipitaciones. Pero lo grave no son los sucesos en s\u00ed, sino que se presentan en regiones donde las condiciones climatol\u00f3gicas son inversas al fen\u00f3meno. Es decir, hay muchas lluvias en desiertos y falta de agua en zonas donde hab\u00eda grandes precipitaciones.<\/p>\n<p>Concluyendo, el mundo tiene una gran adicci\u00f3n por el uso de tierras negras, energ\u00eda negra y gas natural como fuentes energ\u00e9ticas, pero son muy contaminantes, tanto as\u00ed que estamos <a href=\"https:\/\/www.ecoticias.com\/hoyeco\/punto-no-retorno-calentamiento-global\/25955\/\">llegando al punto de no retorno<\/a>. Esta situaci\u00f3n se trat\u00f3 de evitar con la firma del Acuerdo de Par\u00eds, donde los pa\u00edses del mundo se comprometieron a realizar acciones en contra del calentamiento global. Pero los 20 mayores productores del mundo de combustibles f\u00f3siles est\u00e1n proyectando elevar su producci\u00f3n y consumo en los pr\u00f3ximos a\u00f1os, aunque despu\u00e9s los disminuir\u00e1n, pero ser\u00e1 demasiado tarde.<\/p>\n","protected":false},"excerpt":{"rendered":"<p>En la actualidad, la tendencia para el cuidado del ambiente ha contagiado a la gran mayor\u00eda de los pueblos de &#8230; <\/p>\n<p class=\"read-more-container\"><a title=\"La adicci\u00f3n por las tierras y la energ\u00eda negra empeorar\u00e1: Una enfermedad diseminada por el mundo\" class=\"read-more button\" href=\"https:\/\/www.ecoticias.com\/hoyeco\/adiccion-energia-negra-enfermedad\/29105\/#more-29105\" aria-label=\"Leer m\u00e1s sobre La adicci\u00f3n por las tierras y la energ\u00eda negra empeorar\u00e1: Una enfermedad diseminada por el mundo\">Read more<\/a><\/p>\n","protected":false},"author":6,"featured_media":29108,"comment_status":"closed","ping_status":"closed","sticky":false,"template":"","format":"standard","meta":{"footnotes":""},"categories":[5],"tags":[],"class_list":["post-29105","post","type-post","status-publish","format-standard","has-post-thumbnail","hentry","category-energia","resize-featured-image"],"_links":{"self":[{"href":"https:\/\/www.ecoticias.com\/hoyeco\/wp-json\/wp\/v2\/posts\/29105","targetHints":{"allow":["GET"]}}],"collection":[{"href":"https:\/\/www.ecoticias.com\/hoyeco\/wp-json\/wp\/v2\/posts"}],"about":[{"href":"https:\/\/www.ecoticias.com\/hoyeco\/wp-json\/wp\/v2\/types\/post"}],"author":[{"embeddable":true,"href":"https:\/\/www.ecoticias.com\/hoyeco\/wp-json\/wp\/v2\/users\/6"}],"replies":[{"embeddable":true,"href":"https:\/\/www.ecoticias.com\/hoyeco\/wp-json\/wp\/v2\/comments?post=29105"}],"version-history":[{"count":0,"href":"https:\/\/www.ecoticias.com\/hoyeco\/wp-json\/wp\/v2\/posts\/29105\/revisions"}],"wp:featuredmedia":[{"embeddable":true,"href":"https:\/\/www.ecoticias.com\/hoyeco\/wp-json\/wp\/v2\/media\/29108"}],"wp:attachment":[{"href":"https:\/\/www.ecoticias.com\/hoyeco\/wp-json\/wp\/v2\/media?parent=29105"}],"wp:term":[{"taxonomy":"category","embeddable":true,"href":"https:\/\/www.ecoticias.com\/hoyeco\/wp-json\/wp\/v2\/categories?post=29105"},{"taxonomy":"post_tag","embeddable":true,"href":"https:\/\/www.ecoticias.com\/hoyeco\/wp-json\/wp\/v2\/tags?post=29105"}],"curies":[{"name":"wp","href":"https:\/\/api.w.org\/{rel}","templated":true}]}}