{"id":29477,"date":"2025-10-07T15:00:59","date_gmt":"2025-10-07T13:00:59","guid":{"rendered":"https:\/\/www.ecoticias.com\/hoyeco\/?p=29477"},"modified":"2025-10-07T15:00:59","modified_gmt":"2025-10-07T13:00:59","slug":"renace-espana-siglo-extincion","status":"publish","type":"post","link":"https:\/\/www.ecoticias.com\/hoyeco\/renace-espana-siglo-extincion\/29477\/","title":{"rendered":"Renace en Espa\u00f1a tras m\u00e1s de un siglo de su extinci\u00f3n: El m\u00e1s grande de Europa"},"content":{"rendered":"<p>La naturaleza en los diferentes pa\u00edses posee distintos procesos con maravillosos resultados, ello es m\u00e1s visible en lo que a su fauna se refiere, la cual est\u00e1 en un delicado equilibrio. Que cuando se rompe, generalmente por causa de la actividad humana, es motivo de un desastre ecol\u00f3gico que siempre nos afecta, aunque no nos demos cuenta. Un ejemplo de esta situaci\u00f3n podemos verlo a continuaci\u00f3n, donde tenemos una extinci\u00f3n en Espa\u00f1a, aunque tambi\u00e9n hemos visto un renacer, cosa que no es muy com\u00fan. Por otra parte, es el de mayor tama\u00f1o en toda Europa.<\/p>\n<h2>Ent\u00e9rate de por qu\u00e9 es tan alta la tasa de extinci\u00f3n de animales en Espa\u00f1a<\/h2>\n<p>Espa\u00f1a es uno de los territorios del continente, que posee una rica biodiversidad debido a sus m\u00faltiples paisajes que van desde monta\u00f1a y costa pasando por humedales. En contraste, tambi\u00e9n se ha dado la extinci\u00f3n de varias especies de animales durante las \u00faltimas d\u00e9cadas por una <strong>combinaci\u00f3n de variables causadas por actividades del hombre<\/strong>. Entre ellas se encuentra el cambio clim\u00e1tico, que trae olas de calor, sequ\u00edas y modificaci\u00f3n en las lluvias.<\/p>\n<p>Por otra parte, se tiene la p\u00e9rdida y los cambios en los h\u00e1bitats ocasionados por la ampliaci\u00f3n de ciudades y asentamientos humanos, reduciendo as\u00ed el espacio vital. La contaminaci\u00f3n de la tierra, mar y aire es un factor que produce la muerte de miles de animales, a lo que se suma el uso indiscriminado de los pesticidas en la agricultura. Es por ello que diferentes instituciones est\u00e1n trabajando para restituir algunas especies.<\/p>\n<h2>Un siglo despu\u00e9s de su extinci\u00f3n en Espa\u00f1a ha renacido<\/h2>\n<p>Despu\u00e9s de m\u00e1s de un siglo de haberse extinguido en Espa\u00f1a, aunque a\u00fan existe en los pa\u00edses escandinavos, ha nacido una cr\u00eda de la especie pigargo en la pen\u00ednsula. La que es el ave rapaz de mayor tama\u00f1o en Europa. Este logro se ha conseguido gracias al trabajo del Grupo de Rehabilitaci\u00f3n de la Fauna Aut\u00f3ctona y su H\u00e1bitat o GREFA quien desde el 2021 llev\u00f3 a cabo el proyecto de su reintroducci\u00f3n en nuestro pa\u00eds.<\/p>\n<p>Luego de cuatro a\u00f1os, este proceso dio sus frutos, espec\u00edficamente en la comunidad aut\u00f3noma de Castilla y Le\u00f3n lo que es equivalente a <a href=\"https:\/\/www.ecoticias.com\/hoyeco\/criatura-extinta-alce-europeo\/24091\/\">traer este animal de hace millones de a\u00f1os<\/a>. La iniciativa que permite la reproducci\u00f3n de esta \u00e1guila gigante, que llega a medir 2,6 metros con las alas extendidas, fue financiada por el Ministerio para la Transici\u00f3n Ecol\u00f3gica en el a\u00f1o 2021 y de inmediato la citada organizaci\u00f3n empez\u00f3 a trabajar.<\/p>\n<p>La reintroducci\u00f3n empez\u00f3 en las regiones de Cantabria y Asturias en Espa\u00f1a, debido a que reun\u00edan las condiciones ideales para su supervivencia, pero luego de haber soltado los primeros ejemplares, el proceso se paraliz\u00f3 por cr\u00edticas desatadas por ecologistas y bi\u00f3logos. Aun as\u00ed, se formaron seis parejas que se <strong>desplazaron a distintas partes del territorio nacional<\/strong> hasta llegar donde hicieron su nido, del cual naci\u00f3 el pollo.<\/p>\n<h2>El proceso de reintroducci\u00f3n del ave no fue f\u00e1cil<\/h2>\n<p>Para realizar este proceso en Espa\u00f1a, fue necesario seguir las instrucciones dadas por la Uni\u00f3n Internacional para la Conservaci\u00f3n de la Naturaleza <strong>a fin de evaluar la viabilidad del h\u00e1bitat<\/strong>. Por lo que fue necesario analizar muchos factores como los ecosistemas de alimentaci\u00f3n y nidificaci\u00f3n. As\u00ed como la disposici\u00f3n de un ambiente que pueda mantener a una creciente poblaci\u00f3n de individuos de este tama\u00f1o en un largo plazo.<\/p>\n<p>Es de destacar que los padres de esta primera cr\u00eda de la especie se llaman Mansolea y Pimiango quienes comenzaron a formar v\u00ednculos en las jaulas en que se aclimataban antes de ser soltadas. Posteriormente, los estrecharon cuando fueron liberadas, es de se\u00f1alar que estuvieron entre las primeras en volar por los cielos de Cantabria hasta llegar a Castilla y Le\u00f3n, donde finalmente anidaron.<\/p>\n<p>En resumen, despu\u00e9s de m\u00e1s de un siglo de haberse extinguido en Espa\u00f1a, ha nacido una cr\u00eda del \u00e1guila gigante de la especie pigargo en la comunidad de Castilla y Le\u00f3n. Lo que ocurri\u00f3 gracias a un proceso de reintroducci\u00f3n de esta ave que se realiz\u00f3 en el a\u00f1o 2021, que es como el <a href=\"https:\/\/www.ecoticias.com\/hoyeco\/programa-animales-salvajes-espana\/17133\/\">programa piloto que salva animales<\/a>. Esta iniciativa fue financiada por el Ministerio para la Transici\u00f3n Ecol\u00f3gica y llevada a cabo por el Grupo de Rehabilitaci\u00f3n de la Fauna Aut\u00f3ctona y su H\u00e1bitat que vio sus frutos este 2025, despu\u00e9s de cuatro a\u00f1os de espera. En esa oportunidad fueron liberados 25 ejemplares, de los que sobreviven 17 y se formaron seis parejas.<\/p>\n","protected":false},"excerpt":{"rendered":"<p>La naturaleza en los diferentes pa\u00edses posee distintos procesos con maravillosos resultados, ello es m\u00e1s visible en lo que a &#8230; <\/p>\n<p class=\"read-more-container\"><a title=\"Renace en Espa\u00f1a tras m\u00e1s de un siglo de su extinci\u00f3n: El m\u00e1s grande de Europa\" class=\"read-more button\" href=\"https:\/\/www.ecoticias.com\/hoyeco\/renace-espana-siglo-extincion\/29477\/#more-29477\" aria-label=\"Leer m\u00e1s sobre Renace en Espa\u00f1a tras m\u00e1s de un siglo de su extinci\u00f3n: El m\u00e1s grande de Europa\">Read more<\/a><\/p>\n","protected":false},"author":6,"featured_media":29479,"comment_status":"closed","ping_status":"closed","sticky":false,"template":"","format":"standard","meta":{"footnotes":""},"categories":[2],"tags":[],"class_list":["post-29477","post","type-post","status-publish","format-standard","has-post-thumbnail","hentry","category-actualidad","resize-featured-image"],"_links":{"self":[{"href":"https:\/\/www.ecoticias.com\/hoyeco\/wp-json\/wp\/v2\/posts\/29477","targetHints":{"allow":["GET"]}}],"collection":[{"href":"https:\/\/www.ecoticias.com\/hoyeco\/wp-json\/wp\/v2\/posts"}],"about":[{"href":"https:\/\/www.ecoticias.com\/hoyeco\/wp-json\/wp\/v2\/types\/post"}],"author":[{"embeddable":true,"href":"https:\/\/www.ecoticias.com\/hoyeco\/wp-json\/wp\/v2\/users\/6"}],"replies":[{"embeddable":true,"href":"https:\/\/www.ecoticias.com\/hoyeco\/wp-json\/wp\/v2\/comments?post=29477"}],"version-history":[{"count":0,"href":"https:\/\/www.ecoticias.com\/hoyeco\/wp-json\/wp\/v2\/posts\/29477\/revisions"}],"wp:featuredmedia":[{"embeddable":true,"href":"https:\/\/www.ecoticias.com\/hoyeco\/wp-json\/wp\/v2\/media\/29479"}],"wp:attachment":[{"href":"https:\/\/www.ecoticias.com\/hoyeco\/wp-json\/wp\/v2\/media?parent=29477"}],"wp:term":[{"taxonomy":"category","embeddable":true,"href":"https:\/\/www.ecoticias.com\/hoyeco\/wp-json\/wp\/v2\/categories?post=29477"},{"taxonomy":"post_tag","embeddable":true,"href":"https:\/\/www.ecoticias.com\/hoyeco\/wp-json\/wp\/v2\/tags?post=29477"}],"curies":[{"name":"wp","href":"https:\/\/api.w.org\/{rel}","templated":true}]}}