{"id":29648,"date":"2025-10-09T15:30:17","date_gmt":"2025-10-09T13:30:17","guid":{"rendered":"https:\/\/www.ecoticias.com\/hoyeco\/?p=29648"},"modified":"2025-10-09T15:30:17","modified_gmt":"2025-10-09T13:30:17","slug":"espana-decimos-no-quieren-nuclear","status":"publish","type":"post","link":"https:\/\/www.ecoticias.com\/hoyeco\/espana-decimos-no-quieren-nuclear\/29648\/","title":{"rendered":"Ya es casi oficial, Espa\u00f1a nada sola en contra de la corriente: Decimos \u00abno\u00bb a lo que todos quieren"},"content":{"rendered":"<p>La Uni\u00f3n Europea les brinda a los Estados miembros la oportunidad de disfrutar un mercado com\u00fan y, al mismo tiempo, les permite mantener sus propios valores. Por eso, cada uno tiene la libertad de tomar sus propias decisiones respecto a muchos de los diversos aspectos de su inter\u00e9s. Y uno de los que tiene mayor relevancia es el desarrollo de las fuentes energ\u00e9ticas. Y en ese sentido, ya casi es oficial que Espa\u00f1a ahora nada sola en contra de la corriente. As\u00ed que nos ponemos firmes y decimos \u00abno\u00bb\u00a0 a lo que todos quieren.<\/p>\n<h2>Espa\u00f1a dice \u00abno\u00bb a lo que todos quieren<\/h2>\n<p>Sin lugar a duda, <strong>la energ\u00eda constituye la esencia misma del desarrollo de cualquier naci\u00f3n<\/strong>, y al parecer, por una u otra raz\u00f3n, nunca hay de sobra. Sobre todo en la actualidad, porque los requerimientos resultan cada vez m\u00e1s exigentes, casi exagerados. Pues si lo que se desea es estar a la cabeza de las nuevas tecnolog\u00edas, es indispensable contar con una fuente segura y confiable.<\/p>\n<p>Ahora bien, para cada pa\u00eds la mejor fuente energ\u00e9tica ser\u00e1 diferente, porque solo le funcionar\u00e1 de manera adecuada aquella que se adapte mejor a sus condiciones. Pues solo as\u00ed puede garantizar un suministro seguro a su poblaci\u00f3n, y mejorar\u00e1 su progreso. En ese aspecto, ya es casi oficial que Espa\u00f1a decidi\u00f3 que prefiere nadar sola en contra de la corriente, y dice \u00abno\u00bb a lo que todos quieren.<\/p>\n<h2>La energ\u00eda nuclear se impone en Europa<\/h2>\n<p>Espa\u00f1a es el pa\u00eds europeo que posee la mayor capacidad instalada de energ\u00eda renovable. Y tambi\u00e9n <strong>es uno de los pocos que se mantiene firme en su pol\u00edtica de eliminar la nuclear<\/strong>, a pesar de que \u00faltimamente la tendencia va en sentido contrario. Pues algunas naciones, como Suecia, han decidido llevar a cabo un plan con la finalidad de incrementar el n\u00famero de sus instalaciones at\u00f3micas.<\/p>\n<p>Tras permanecer por m\u00e1s de 40 a\u00f1os con la misma capacidad at\u00f3mica, e incluso pensar en descartarla, el gobierno decidi\u00f3 darle un nuevo impulso. Para esto, se elabor\u00f3 un proyecto que facilitar\u00e1 pr\u00e9stamos p\u00fablicos por alrededor de 20 000 millones de euros. Con esto ser\u00eda posible la edificaci\u00f3n de centrales nucleares modulares, SMR, para generar unos 5000 MW de energ\u00eda, incluso con la <a href=\"https:\/\/www.ecoticias.com\/hoyeco\/rusia-mayor-avance-energia-nuclear\/29370\/\">nueva tecnolog\u00eda de Rusia<\/a>.<\/p>\n<p>El proyecto se llevar\u00e1 a cabo durante 20 a\u00f1os, y se espera que aproximadamente <strong>en el 2045 se haya triplicado la producci\u00f3n de la nuclear<\/strong>. As\u00ed como tambi\u00e9n que esta duplique la disponibilidad de electricidad, para satisfacer sus necesidades. Sin embargo, este plan ha recibido algunas cr\u00edticas, pues a diferencia de Espa\u00f1a, obviaron por completo el potencial energ\u00e9tico que ofrecen las renovables.<\/p>\n<h2>Alemania se acerca sutilmente a la nuclear<\/h2>\n<p>Seg\u00fan parece, Espa\u00f1a ser\u00e1 el \u00fanico pa\u00eds que dir\u00e1 no a lo que todos ya est\u00e1n aceptando. Pues Alemania, uno de los grandes paladines de la eliminaci\u00f3n de la energ\u00eda at\u00f3mica, ahora se acerca sutilmente a ella. Porque concedi\u00f3 el permiso para que su sector industrial utilice hidr\u00f3geno rosa proveniente de Francia. Este se produce usando electricidad generada por la nuclear.<\/p>\n<p>Y aunque no es un regreso a esa fuente energ\u00e9tica, s\u00ed demuestra que, en su caso, necesita un respaldo adicional a las renovables. Y esta <strong>parece ser una tendencia creciente en Europa<\/strong>, si se tienen en cuenta los proyectos de crecimiento nuclear de Suecia. As\u00ed como tambi\u00e9n el inter\u00e9s de varios pa\u00edses de la UE en la construcci\u00f3n de reactores modulares peque\u00f1os (SMR).<\/p>\n<p>En definitiva, parece que ya casi es oficial el hecho de que Espa\u00f1a nada sola contra la corriente de la proliferaci\u00f3n de la energ\u00eda nuclear en Europa, aunque <a href=\"https:\/\/www.ecoticias.com\/hoyeco\/gobierno-espana-comunidad-detiene\/28853\/\">hay comunidades que tienen otro plan<\/a>. Y se mantiene firme en su pol\u00edtica para eliminarla. Todo lo contrario ocurre en Suecia, donde el gobierno elabor\u00f3 un plan para triplicar su capacidad energ\u00e9tica at\u00f3mica. E incluso Alemania, que la elimin\u00f3 totalmente de su territorio, aprob\u00f3 el uso industrial del hidr\u00f3geno rosa franc\u00e9s. Estos dos casos se suman a otros pa\u00edses que ven en la nuclear una posibilidad, a pesar de sus riesgos.<\/p>\n","protected":false},"excerpt":{"rendered":"<p>La Uni\u00f3n Europea les brinda a los Estados miembros la oportunidad de disfrutar un mercado com\u00fan y, al mismo tiempo, &#8230; <\/p>\n<p class=\"read-more-container\"><a title=\"Ya es casi oficial, Espa\u00f1a nada sola en contra de la corriente: Decimos \u00abno\u00bb a lo que todos quieren\" class=\"read-more button\" href=\"https:\/\/www.ecoticias.com\/hoyeco\/espana-decimos-no-quieren-nuclear\/29648\/#more-29648\" aria-label=\"Leer m\u00e1s sobre Ya es casi oficial, Espa\u00f1a nada sola en contra de la corriente: Decimos \u00abno\u00bb a lo que todos quieren\">Read more<\/a><\/p>\n","protected":false},"author":6,"featured_media":29670,"comment_status":"closed","ping_status":"closed","sticky":false,"template":"","format":"standard","meta":{"footnotes":""},"categories":[5],"tags":[],"class_list":["post-29648","post","type-post","status-publish","format-standard","has-post-thumbnail","hentry","category-energia","resize-featured-image"],"_links":{"self":[{"href":"https:\/\/www.ecoticias.com\/hoyeco\/wp-json\/wp\/v2\/posts\/29648","targetHints":{"allow":["GET"]}}],"collection":[{"href":"https:\/\/www.ecoticias.com\/hoyeco\/wp-json\/wp\/v2\/posts"}],"about":[{"href":"https:\/\/www.ecoticias.com\/hoyeco\/wp-json\/wp\/v2\/types\/post"}],"author":[{"embeddable":true,"href":"https:\/\/www.ecoticias.com\/hoyeco\/wp-json\/wp\/v2\/users\/6"}],"replies":[{"embeddable":true,"href":"https:\/\/www.ecoticias.com\/hoyeco\/wp-json\/wp\/v2\/comments?post=29648"}],"version-history":[{"count":0,"href":"https:\/\/www.ecoticias.com\/hoyeco\/wp-json\/wp\/v2\/posts\/29648\/revisions"}],"wp:featuredmedia":[{"embeddable":true,"href":"https:\/\/www.ecoticias.com\/hoyeco\/wp-json\/wp\/v2\/media\/29670"}],"wp:attachment":[{"href":"https:\/\/www.ecoticias.com\/hoyeco\/wp-json\/wp\/v2\/media?parent=29648"}],"wp:term":[{"taxonomy":"category","embeddable":true,"href":"https:\/\/www.ecoticias.com\/hoyeco\/wp-json\/wp\/v2\/categories?post=29648"},{"taxonomy":"post_tag","embeddable":true,"href":"https:\/\/www.ecoticias.com\/hoyeco\/wp-json\/wp\/v2\/tags?post=29648"}],"curies":[{"name":"wp","href":"https:\/\/api.w.org\/{rel}","templated":true}]}}