{"id":29790,"date":"2025-10-18T15:00:37","date_gmt":"2025-10-18T13:00:37","guid":{"rendered":"https:\/\/www.ecoticias.com\/hoyeco\/?p=29790"},"modified":"2025-10-18T15:00:37","modified_gmt":"2025-10-18T13:00:37","slug":"primera-multa-velocidad-dgt","status":"publish","type":"post","link":"https:\/\/www.ecoticias.com\/hoyeco\/primera-multa-velocidad-dgt\/29790\/","title":{"rendered":"La historia de la primera multa por \u00abexceso de velocidad\u00bb de la humanidad: Y no, no fue la DGT"},"content":{"rendered":"<p>Desde la aparici\u00f3n de los autom\u00f3viles, una de las preguntas que m\u00e1s se hizo presente fue la de si su uso deb\u00eda estar regulado. En los inicios de los veh\u00edculos a motor, no exist\u00edan normas claras, ni demasiadas experiencias previas como para anticipar los peligros. Con el tiempo, esas reglas han ido evolucionando y fueron guiadas por incidentes que marcaron un antes y un despu\u00e9s. As\u00ed, los <strong>primeros pasos de la movilidad<\/strong> como la conocemos actualmente estuvieron llenos de experimentos, errores e historias.<\/p>\n<h2>Cuando la modernidad empieza a incomodar<\/h2>\n<p>A finales del siglo XIX, la aparici\u00f3n de los primeros autom\u00f3viles cambio por completo la manera en que nos movemos. Lo que antes era un paseo tranquilo sobre un carruaje. Con el tiempo empez\u00f3 a transformarse en una experiencia cada vez <strong>m\u00e1s veloz, ruidosa y a veces hasta peligrosa<\/strong>. Los habitantes de los pueblos y ciudades no sab\u00edan muy bien c\u00f3mo reaccionar ante estos nuevos inventos.<\/p>\n<p>Los gobiernos, se vieron obligados a<strong> crear reglas casi de manera simult\u00e1nea<\/strong> con la creaci\u00f3n de estos modernos carruajes. Algunas de ellas resultaban algo ins\u00f3litas si las vemos con una perspectiva moderna. Los l\u00edmites de velocidad eran realmente bajos, las se\u00f1ales eran improvisadas y hasta exist\u00eda la obligaci\u00f3n de que una persona caminara delante del autom\u00f3vil para avisar su llegada. La tecnolog\u00eda avanzaba, pero en casos como este, la sociedad no sab\u00eda muy bien como regularla. Fue en este contexto de prueba y error cuando un conductor fue m\u00e1s all\u00e1 de lo permitido.<\/p>\n<h2>El d\u00eda que todo cambi\u00f3 en una calle inglesa<\/h2>\n<p>El protagonista de esta historia fue <strong>Walter Arnold, un brit\u00e1nico que en 1896 se anim\u00f3 a probar su grandioso Benz<\/strong>. En esta \u00e9poca, la velocidad en la que se pod\u00eda circular era de apenas 3 km\/h. Pero Arnold fue m\u00e1s all\u00e1 y alcanz\u00f3<strong> los 13 km\/h, una velocidad que para ese momento era impensada<\/strong> y hasta generaba algo de temor. \u00bfCu\u00e1l fue el resultado? El conductor brit\u00e1nico fue perseguido por un agente que iba en bicicleta y termin\u00f3 siendo detenido.<\/p>\n<p>Por este peque\u00f1o exceso, recibi\u00f3 lo que hoy definir\u00edamos como la primera multa por exceso de velocidad de la historia. \u00bfCu\u00e1l era el valor? Un chel\u00edn, el equivalente actual a aproximadamente unos 70 euros. M\u00e1s all\u00e1 de la historia anecd\u00f3tica, este hecho marc\u00f3 un precedente. La modernidad hab\u00eda encontrado <a href=\"https:\/\/www.ecoticias.com\/hoyeco\/perder-licencia-conducir-espana-dgt\/29115\/\">un l\u00edmite legal.<\/a> El suceso represent\u00f3 el inicio de la fusi\u00f3n entre innovaci\u00f3n y regulaci\u00f3n. Marc\u00f3 el inicio de una pregunta: <strong>\u00bfCu\u00e1n r\u00e1pido es demasiado r\u00e1pido?<\/strong><\/p>\n<h2>Una lecci\u00f3n que contin\u00faa presente en la actualidad<\/h2>\n<p>En su momento, el episodio solo despert\u00f3 curiosidad. Nadie imaginaba que se convertir\u00eda en una lecci\u00f3n que seguir\u00eda vigente m\u00e1s de un siglo despu\u00e9s. El caso de Walter Arnold dej\u00f3 algo claro: la tecnolog\u00eda avanza, pero necesita reglas. No para frenarla, sino para mantenerla bajo control. Desde ah\u00ed empezaron a surgir los <strong>l\u00edmites de velocidad, las licencias y las se\u00f1ales que hoy vemos como algo normal.<\/strong><\/p>\n<p>M\u00e1s de un siglo despu\u00e9s, seguimos discutiendo los mismos temas, solo que con otro tipo de autom\u00f3viles mucho m\u00e1s modernos e inteligentes. Pero la esencia no cambi\u00f3: cada paso hacia el futuro necesita de un<strong> freno que regule y controle este avance.<\/strong><\/p>\n<p>La historia de Walter Arnold parece una an\u00e9cdota lejana pero fue el punto de partida para la<a href=\"https:\/\/www.ecoticias.com\/hoyeco\/dgt-multarte-gafas-de-sol\/27185\/\"> regulaci\u00f3n de la relaci\u00f3n entre la tecnolog\u00eda y la sociedad.<\/a> Aquella primera multa no fue solo una sanci\u00f3n com\u00fan y corriente. Marc\u00f3 el nacimiento de una forma de convivir. En un mundo donde la movilidad sigue evolucionando, recordar este episodio ayuda a entender que los grandes avances requieren de regulaciones. Adem\u00e1s, funciona de <strong>recordatorio para entender que los peque\u00f1os gestos pueden cambiar la historia.\u00a0<\/strong><\/p>\n","protected":false},"excerpt":{"rendered":"<p>Desde la aparici\u00f3n de los autom\u00f3viles, una de las preguntas que m\u00e1s se hizo presente fue la de si su &#8230; <\/p>\n<p class=\"read-more-container\"><a title=\"La historia de la primera multa por \u00abexceso de velocidad\u00bb de la humanidad: Y no, no fue la DGT\" class=\"read-more button\" href=\"https:\/\/www.ecoticias.com\/hoyeco\/primera-multa-velocidad-dgt\/29790\/#more-29790\" aria-label=\"Leer m\u00e1s sobre La historia de la primera multa por \u00abexceso de velocidad\u00bb de la humanidad: Y no, no fue la DGT\">Read more<\/a><\/p>\n","protected":false},"author":8,"featured_media":29791,"comment_status":"closed","ping_status":"closed","sticky":false,"template":"","format":"standard","meta":{"footnotes":""},"categories":[6],"tags":[],"class_list":["post-29790","post","type-post","status-publish","format-standard","has-post-thumbnail","hentry","category-movilidad","resize-featured-image"],"_links":{"self":[{"href":"https:\/\/www.ecoticias.com\/hoyeco\/wp-json\/wp\/v2\/posts\/29790","targetHints":{"allow":["GET"]}}],"collection":[{"href":"https:\/\/www.ecoticias.com\/hoyeco\/wp-json\/wp\/v2\/posts"}],"about":[{"href":"https:\/\/www.ecoticias.com\/hoyeco\/wp-json\/wp\/v2\/types\/post"}],"author":[{"embeddable":true,"href":"https:\/\/www.ecoticias.com\/hoyeco\/wp-json\/wp\/v2\/users\/8"}],"replies":[{"embeddable":true,"href":"https:\/\/www.ecoticias.com\/hoyeco\/wp-json\/wp\/v2\/comments?post=29790"}],"version-history":[{"count":0,"href":"https:\/\/www.ecoticias.com\/hoyeco\/wp-json\/wp\/v2\/posts\/29790\/revisions"}],"wp:featuredmedia":[{"embeddable":true,"href":"https:\/\/www.ecoticias.com\/hoyeco\/wp-json\/wp\/v2\/media\/29791"}],"wp:attachment":[{"href":"https:\/\/www.ecoticias.com\/hoyeco\/wp-json\/wp\/v2\/media?parent=29790"}],"wp:term":[{"taxonomy":"category","embeddable":true,"href":"https:\/\/www.ecoticias.com\/hoyeco\/wp-json\/wp\/v2\/categories?post=29790"},{"taxonomy":"post_tag","embeddable":true,"href":"https:\/\/www.ecoticias.com\/hoyeco\/wp-json\/wp\/v2\/tags?post=29790"}],"curies":[{"name":"wp","href":"https:\/\/api.w.org\/{rel}","templated":true}]}}