{"id":3004,"date":"2024-02-17T15:30:32","date_gmt":"2024-02-17T14:30:32","guid":{"rendered":"https:\/\/ecoticias.com\/hoyeco\/?p=3004"},"modified":"2024-02-17T15:30:32","modified_gmt":"2024-02-17T14:30:32","slug":"energia-solar","status":"publish","type":"post","link":"https:\/\/www.ecoticias.com\/hoyeco\/energia-solar\/3004\/","title":{"rendered":"Veh\u00edculos que se cargan con energ\u00eda solar mientras circulan: as\u00ed ha conseguido lo imposible esta f\u00e1brica alemana"},"content":{"rendered":"<p>Son cada vez m\u00e1s las empresas automovil\u00edsticas que buscan hacer sustentable la utilizaci\u00f3n de veh\u00edculos, teniendo como primera alternativa el uso de <strong>energ\u00eda solar<\/strong> para alimentar los motores de rodados el\u00e9ctricos. Sin embargo una empresa logr\u00f3 hacer lo imposible, logrando un gran avance en los autos el\u00e9ctricos con el cual se beneficiar\u00e1n un sinf\u00edn de usuarios.<\/p>\n<h2>Un cambio significativo en la industria de los paneles solares: Aprovechan al m\u00e1ximo su potencial<\/h2>\n<p>Seg\u00fan la informaci\u00f3n proveniente de la Uni\u00f3n Europea (UE) y del Ministerio de Transici\u00f3n Ecol\u00f3gica en Espa\u00f1a, la <a href=\"https:\/\/www.ecoticias.com\/movilidad-electrica\/coches-electricos-precio\">transici\u00f3n de autos a combusti\u00f3n a autos el\u00e9ctricos<\/a> ha sido sorprendentemente m\u00e1s lenta de lo esperado, y es que diversos factores han llevado a muchos compradores a elegir autom\u00f3viles a combusti\u00f3n antes que los el\u00e9ctricos, convirti\u00e9ndose en un problema para las industrias el\u00e9ctricas.<\/p>\n<p>Esta gran necesidad de implementar nuevos m\u00e9todos que fomenten la utilizaci\u00f3n de <strong>energ\u00eda solar<\/strong>, ha llevado a una empresa fabricante a utilizar otras alternativas para crear placas solares sumamente flexibles, las mismas que se podr\u00e1n implementar en diferentes superficies. Sin embargo, se ha logrado destacar notablemente debido a su utilizaci\u00f3n en autom\u00f3viles.<\/p>\n<p>La manera en la que lograron esta flexibilidad es la utilizaci\u00f3n de diversos materiales con mayor amoldamiento que el silicio cristalino que se frecuenta en la construcci\u00f3n de paneles solares. Descubierto del \u00e1mbito de la energ\u00eda que decidieron acoplar al transporte, logrando una movilidad autosustentable.<\/p>\n<h2>Esta es la f\u00e1brica que hizo posible lo imposible con energ\u00eda solar<\/h2>\n<p>Estamos hablando de SolFlex, f\u00e1brica alemana que dio pasos agigantados a nivel ecol\u00f3gico y sustentable, no solo en el campo que se dedica a <strong>generar energ\u00eda solar<\/strong> sino tambi\u00e9n en el de la movilidad. Su primera planta estar\u00eda ubicada en la ciudad de Brandeburgo, en d\u00f3nde <strong>se llev\u00f3 a cabo el desarrollo de las famosas placas solares flexibles<\/strong> destinadas al transporte.<\/p>\n<p>La planta mencionada anteriormente tiene una impactante capacidad de producci\u00f3n anual de un mill\u00f3n de metros cuadrados de c\u00e9lulas fotovoltaicas, lo que traducido a autom\u00f3viles significa, 50 000 veh\u00edculos con paneles solares desarrollados por a\u00f1o. Est\u00e1 es la misma planta que <strong>recibi\u00f3 una elevada suma de 50 millones de euros.<\/strong><\/p>\n<p>Con respecto a puestos de trabajo, SolFlex estar\u00e1 habilitando pr\u00f3ximamente 200 nuevos puestos de trabajo dentro de la empresa que est\u00e1 innovando a toda la Uni\u00f3n Europea con sus invenciones futuristas, apuntando al futuro sustentable y sostenible que muchos tienen en mente, este es un escal\u00f3n m\u00e1s para lograr ese objetivo.<\/p>\n<h2>\u00bfCu\u00e1les son las caracter\u00edsticas b\u00e1sicas de las placas de SolFlex?<\/h2>\n<p>Esta tecnolog\u00eda revolucionaria cuenta con una extensa lista de beneficios para el medio ambiente, en primera instancia, la reducci\u00f3n masiva de di\u00f3xido de carbono (CO2), debido a la nula utilizaci\u00f3n de combustibles f\u00f3siles utilizados a combusti\u00f3n. Fuera del \u00e1mbito ecol\u00f3gico, estos paneles solares tienen una ola de ventajas sobre los de silicio cristalino.<\/p>\n<p>Primero y principal, su flexibilidad no solo aporta una f\u00e1cil aplicaci\u00f3n en diferentes superficies de un autom\u00f3vil, desde el tejado, hasta en las ventanas y laterales del autom\u00f3vil, esto se debe a su gran ligereza con un grosor de a casi un mil\u00edmetro llegando a pesar un 80% menos que las de silicio convencional.<\/p>\n<p>Al contar con un elevado \u00edndice de flexibilidad, los paneles solares en cuesti\u00f3n son m\u00e1s fuertes y resistentes que los convencionales, volvi\u00e9ndose una alternativa atractiva para <a href=\"https:\/\/ecoticias.com\/hoyeco\/ruta-renovable-tren-maya-destroza-mexico\/2712\/\" target=\"_blank\" rel=\"noopener\">varias empresas de transporte terrestre<\/a>, a\u00e9reo y marino. \u00bfes este el futuro que tanto est\u00e1bamos esperando?<\/p>\n","protected":false},"excerpt":{"rendered":"<p>Son cada vez m\u00e1s las empresas automovil\u00edsticas que buscan hacer sustentable la utilizaci\u00f3n de veh\u00edculos, teniendo como primera alternativa el &#8230; <\/p>\n<p class=\"read-more-container\"><a title=\"Veh\u00edculos que se cargan con energ\u00eda solar mientras circulan: as\u00ed ha conseguido lo imposible esta f\u00e1brica alemana\" class=\"read-more button\" href=\"https:\/\/www.ecoticias.com\/hoyeco\/energia-solar\/3004\/#more-3004\" aria-label=\"Leer m\u00e1s sobre Veh\u00edculos que se cargan con energ\u00eda solar mientras circulan: as\u00ed ha conseguido lo imposible esta f\u00e1brica alemana\">Read more<\/a><\/p>\n","protected":false},"author":4,"featured_media":3075,"comment_status":"closed","ping_status":"closed","sticky":false,"template":"","format":"standard","meta":{"footnotes":""},"categories":[6],"tags":[],"class_list":["post-3004","post","type-post","status-publish","format-standard","has-post-thumbnail","hentry","category-movilidad","resize-featured-image"],"_links":{"self":[{"href":"https:\/\/www.ecoticias.com\/hoyeco\/wp-json\/wp\/v2\/posts\/3004","targetHints":{"allow":["GET"]}}],"collection":[{"href":"https:\/\/www.ecoticias.com\/hoyeco\/wp-json\/wp\/v2\/posts"}],"about":[{"href":"https:\/\/www.ecoticias.com\/hoyeco\/wp-json\/wp\/v2\/types\/post"}],"author":[{"embeddable":true,"href":"https:\/\/www.ecoticias.com\/hoyeco\/wp-json\/wp\/v2\/users\/4"}],"replies":[{"embeddable":true,"href":"https:\/\/www.ecoticias.com\/hoyeco\/wp-json\/wp\/v2\/comments?post=3004"}],"version-history":[{"count":0,"href":"https:\/\/www.ecoticias.com\/hoyeco\/wp-json\/wp\/v2\/posts\/3004\/revisions"}],"wp:featuredmedia":[{"embeddable":true,"href":"https:\/\/www.ecoticias.com\/hoyeco\/wp-json\/wp\/v2\/media\/3075"}],"wp:attachment":[{"href":"https:\/\/www.ecoticias.com\/hoyeco\/wp-json\/wp\/v2\/media?parent=3004"}],"wp:term":[{"taxonomy":"category","embeddable":true,"href":"https:\/\/www.ecoticias.com\/hoyeco\/wp-json\/wp\/v2\/categories?post=3004"},{"taxonomy":"post_tag","embeddable":true,"href":"https:\/\/www.ecoticias.com\/hoyeco\/wp-json\/wp\/v2\/tags?post=3004"}],"curies":[{"name":"wp","href":"https:\/\/api.w.org\/{rel}","templated":true}]}}