{"id":30056,"date":"2025-10-21T16:00:08","date_gmt":"2025-10-21T14:00:08","guid":{"rendered":"https:\/\/www.ecoticias.com\/hoyeco\/?p=30056"},"modified":"2025-10-21T16:00:08","modified_gmt":"2025-10-21T14:00:08","slug":"puntos-de-recarga-en-espana","status":"publish","type":"post","link":"https:\/\/www.ecoticias.com\/hoyeco\/puntos-de-recarga-en-espana\/30056\/","title":{"rendered":"Los puntos de recarga que todos quieren existen en Espa\u00f1a: El problema es encontrarlos"},"content":{"rendered":"<p><strong>Espa\u00f1a contin\u00faa avanzando hacia la movilidad el\u00e9ctrica.<\/strong> Pero aunque tiene mucho entusiasmo, tambi\u00e9n hay momentos de frustraci\u00f3n. Mientras la venta de coches el\u00e9ctricos crece y los fabricantes lanzan modelos cada vez m\u00e1s accesibles, <strong>la infraestructura a\u00fan no es del todo desarrollada para acompa\u00f1ar ese cambio.<\/strong> Hay inversi\u00f3n, proyectos y promesas pero tambi\u00e9n est\u00e1n acompa\u00f1adas de demoras y desigualdades. La realidad es que el pa\u00eds contin\u00faa desarroll\u00e1ndose y la mirada de los conductores de autos el\u00e9ctricos sigue siendo la misma: <strong>falta agilidad y cobertura.<\/strong><\/p>\n<h2>Un avance que no termina de alcanzar el ritmo<\/h2>\n<p>Espa\u00f1a logr\u00f3 que en los \u00faltimos a\u00f1os el n\u00famero de los puntos de recarga creciera sostenidamente. Pero la realidad es que a\u00fan <strong>no son suficientes para acompa\u00f1ar esta demanda.<\/strong> Seg\u00fan datos oficiales, el pa\u00eds dispone de <a href=\"https:\/\/www.ecoticias.com\/hoyeco\/coche-electrico-puntos-energia\/29409\/\">cargadores de recuperar gran parte de la bater\u00eda de un veh\u00edculo en apenas pocos minutos.<\/a> Son los m\u00e1s eficientes del mercado, pero est\u00e1n lejos de ser una opci\u00f3n para gran parte de los usuarios de este tipo de autos.<\/p>\n<p>El problema principal no est\u00e1 en la tecnolog\u00eda. Es la falta de infraestructura. Los puntos de carga ultrarr\u00e1pida se concentran en<strong> \u00e1reas muy concretas dejando vastas zonas del territorio con cobertura escasa o pr\u00e1cticamente nula<\/strong>. Esto obliga a los conductores a planificar los viajes con cuidado y depender de aplicaciones para encontrar estaciones operativas. Adem\u00e1s, la instalaci\u00f3n de nuevos cargadores enfrenta grandes trabas burocr\u00e1ticas y t\u00e9cnicas lo que ralentiza los procesos.<\/p>\n<h2>\u00bfCu\u00e1les son los puntos de recarga que todos quieren?<\/h2>\n<p>Aunque hay algunas limitaciones, las iniciativas est\u00e1n marcando un camino diferente. En este \u00faltimo tiempo, ha desembarcado en Espa\u00f1a una empresa que podr\u00eda ser una <strong>soluci\u00f3n a esta problem\u00e1tica<\/strong>. Se trata de<strong> Fastned,<\/strong> una compa\u00f1\u00eda neerlandesa especializada en<strong> carga ultrarr\u00e1pida que ya inaugur\u00f3 sus primeras estaciones con potencias de hasta 400 kW, capaces de recargar varios coches al mismo tiempo en apenas unos minutos.<\/strong><\/p>\n<p>Estas instalaciones est\u00e1n ubicadas en<strong> puntos estrat\u00e9gicos de la red de autopistas<\/strong>, representando un modelo de eficiencia. Con techos solares, cargadores universales y un dise\u00f1o para reducir la espera de los conductores al m\u00ednimo. Fastned busca expandirse en Espa\u00f1a y lograr el mismo \u00e9xito que tuvo en Pa\u00edses Bajos y Alemania, donde los veh\u00edculos el\u00e9ctricos <strong>logran viajar largas distancias sin preocuparse por la autonom\u00eda.<\/strong><\/p>\n<p>Sin embargo, su llegada pone en evidencia el contraste con la situaci\u00f3n general. Mientras algunas estaciones logran ofrecer una estaci\u00f3n de carga comparable con la de cargar gasolina, muchas otras siguen siendo <strong>muy lentas o est\u00e1n fuera de servicio.<\/strong> El desaf\u00edo estar\u00e1 en instalar m\u00e1s puntos de recarga y a la vez garantizar que funcionen de forma fiable y en<strong> todo el territorio.<\/strong><\/p>\n<h2>Una infraestructura que necesita madurar<\/h2>\n<p>En la actualidad, los puntos de recarga de alta potencia contin\u00faan siendo una minor\u00eda y muchos siguen siendo parte de proyectos piloto. Esto provoca una enorme brecha entre las expectativas de quienes manejan y la realidad en la carretera. <strong>Los conductores valoran la rapidez de carga<\/strong>, pero sobre todo <strong>la seguridad de saber que podr\u00e1n viajar por grandes trayectos sin contratiempos.<\/strong> Espa\u00f1a tiene la tecnolog\u00eda y los proyectos pero necesita lograr que esos avances dejen de ser excepciones y se conviertan en parte de la<strong> realidad.<\/strong><\/p>\n<p>Los puntos de recarga m\u00e1s avanzados del pa\u00eds demuestran que la tecnolog\u00eda pude ayudar a<a href=\"https:\/\/www.ecoticias.com\/hoyeco\/coche-electrico-jubilados\/26876\/\"> impulsar a la movilidad el\u00e9ctrica<\/a>. El desaf\u00edo para Espa\u00f1a est\u00e1 en hacerla m\u00e1s accesible. De poco sirve tener la posibilidad de cargar el coche en 15 minutos si las estaciones siguen siendo escasas o muy dif\u00edciles de encontrar. Espa\u00f1a se encuentra en una etapa decisiva. <strong>O consolida su red de carga para acompa\u00f1ar el crecimiento de la movilidad el\u00e9ctrica o corre el riesgo de que esta innovaci\u00f3n quede limitada a unos pocos.\u00a0<\/strong><\/p>\n","protected":false},"excerpt":{"rendered":"<p>Espa\u00f1a contin\u00faa avanzando hacia la movilidad el\u00e9ctrica. Pero aunque tiene mucho entusiasmo, tambi\u00e9n hay momentos de frustraci\u00f3n. Mientras la venta &#8230; <\/p>\n<p class=\"read-more-container\"><a title=\"Los puntos de recarga que todos quieren existen en Espa\u00f1a: El problema es encontrarlos\" class=\"read-more button\" href=\"https:\/\/www.ecoticias.com\/hoyeco\/puntos-de-recarga-en-espana\/30056\/#more-30056\" aria-label=\"Leer m\u00e1s sobre Los puntos de recarga que todos quieren existen en Espa\u00f1a: El problema es encontrarlos\">Read more<\/a><\/p>\n","protected":false},"author":8,"featured_media":30057,"comment_status":"closed","ping_status":"closed","sticky":false,"template":"","format":"standard","meta":{"footnotes":""},"categories":[6],"tags":[],"class_list":["post-30056","post","type-post","status-publish","format-standard","has-post-thumbnail","hentry","category-movilidad","resize-featured-image"],"_links":{"self":[{"href":"https:\/\/www.ecoticias.com\/hoyeco\/wp-json\/wp\/v2\/posts\/30056","targetHints":{"allow":["GET"]}}],"collection":[{"href":"https:\/\/www.ecoticias.com\/hoyeco\/wp-json\/wp\/v2\/posts"}],"about":[{"href":"https:\/\/www.ecoticias.com\/hoyeco\/wp-json\/wp\/v2\/types\/post"}],"author":[{"embeddable":true,"href":"https:\/\/www.ecoticias.com\/hoyeco\/wp-json\/wp\/v2\/users\/8"}],"replies":[{"embeddable":true,"href":"https:\/\/www.ecoticias.com\/hoyeco\/wp-json\/wp\/v2\/comments?post=30056"}],"version-history":[{"count":0,"href":"https:\/\/www.ecoticias.com\/hoyeco\/wp-json\/wp\/v2\/posts\/30056\/revisions"}],"wp:featuredmedia":[{"embeddable":true,"href":"https:\/\/www.ecoticias.com\/hoyeco\/wp-json\/wp\/v2\/media\/30057"}],"wp:attachment":[{"href":"https:\/\/www.ecoticias.com\/hoyeco\/wp-json\/wp\/v2\/media?parent=30056"}],"wp:term":[{"taxonomy":"category","embeddable":true,"href":"https:\/\/www.ecoticias.com\/hoyeco\/wp-json\/wp\/v2\/categories?post=30056"},{"taxonomy":"post_tag","embeddable":true,"href":"https:\/\/www.ecoticias.com\/hoyeco\/wp-json\/wp\/v2\/tags?post=30056"}],"curies":[{"name":"wp","href":"https:\/\/api.w.org\/{rel}","templated":true}]}}