{"id":30106,"date":"2025-10-26T14:30:40","date_gmt":"2025-10-26T13:30:40","guid":{"rendered":"https:\/\/www.ecoticias.com\/hoyeco\/?p=30106"},"modified":"2025-10-26T14:30:40","modified_gmt":"2025-10-26T13:30:40","slug":"luz-en-espana-sin-vientos-fuertes","status":"publish","type":"post","link":"https:\/\/www.ecoticias.com\/hoyeco\/luz-en-espana-sin-vientos-fuertes\/30106\/","title":{"rendered":"Adi\u00f3s a las facturas de luz en Espa\u00f1a con este \u00abventilador\u00bb: 2500 W y sin vientos fuertes"},"content":{"rendered":"<p>Pagar la luz es parte de nuestra rutina, pero tambi\u00e9n es un gran dolor de cabeza, especialmente cuando nos toca pagar m\u00e1s de lo esperado, pero ahora, ese problema podr\u00eda llegar a su fin. Una nueva tecnolog\u00eda acaba de aterrizar en Espa\u00f1a: <strong>un peque\u00f1o y curioso &#8216;ventilador&#8217; que va a cambiar la forma en que tu casa usa la energ\u00eda.<\/strong><\/p>\n<h2>Adi\u00f3s a las facturas de luz<\/h2>\n<p>La energ\u00eda e\u00f3lica es una de las energ\u00edas m\u00e1s populares, ya que promete ahorrar dinero y cuidar nuestro planeta, sin embargo, siempre hemos pensado que para utilizarla se necesita un enorme terreno alejado de la ciudad.<\/p>\n<p>Tener una turbina e\u00f3lica en nuestros hogares, parec\u00eda imposible, pero ahora puede ser realidad. Imag\u00ednate un ventilador e\u00f3lico tan ligero y eficiente que empieza a producir energ\u00eda con una simple brisa, sin necesidad de esperar una tormenta.<\/p>\n<p>Un grupo de cient\u00edficos e ingenieros del <strong>Instituto Fraunhofer IAP<\/strong> y el<strong> grupo BBF<\/strong> en Europa ha inventado un aerogenerador que parece un peque\u00f1o ventilador gigante y que funciona con tan solo una brisa del viento.<\/p>\n<p>El invento es ideal para Espa\u00f1a y para el resto de Europa, donde muchas casas, pueblos peque\u00f1os o edificios en la ciudad no pod\u00edan aprovechar la energ\u00eda del viento. Con este invento millones de hogares podr\u00edan decirles adi\u00f3s a los recibos de luz.<\/p>\n<h2>Un ventilador que solo necesita una brisa<\/h2>\n<p>Sucede que el principal problema de los ventiladores e\u00f3licos peque\u00f1os es que no giran hasta que el viento alcanza los 4 m\/s o m\u00e1s. Con esta condici\u00f3n queda fuera a casi toda la Espa\u00f1a y muchas zonas residenciales, donde prefieren apostar por <a href=\"https:\/\/www.ecoticias.com\/energias-renovables\/tejas-transparentes-solares\">estas bellas tejas solares<\/a>.<\/p>\n<p>Pero los nuevos modelos creados por un grupo del Instituto Fraunhofer en Alemania <strong>empiezan a moverse y a generar energ\u00eda con tan solo 2.7 m\/s de viento<\/strong>, lo que lo hace ideal para zonas residenciales.<\/p>\n<p>Todas esas zonas y las \u00e1reas rurales que antes no ten\u00edan viento &#8216;suficiente&#8217;, ahora son candidatas perfectas para instalar su propia fuente de energ\u00eda, adem\u00e1s, cuando el viento es m\u00e1s fuerte, la turbina alcanza hasta 450 vueltas por minuto y genera hasta 2500W, un 83% m\u00e1s que otros sistemas que hay en el mercado.<\/p>\n<p>Como se\u00f1ala <strong>Ra\u00fal Comesa\u00f1a<\/strong>, director del grupo BBF, esta tecnolog\u00eda permite una \u00abg<strong>eneraci\u00f3n de energ\u00eda realmente aut\u00f3noma\u00bb<\/strong>. No estamos hablando de un simple apoyo, sino de una fuente capaz de producir m\u00e1s de la mitad de la energ\u00eda que atrapa del viento, una cifra r\u00e9cord para una turbina de su tama\u00f1o.<\/p>\n<h2>El secreto de la eficiencia<\/h2>\n<p>Uno de los mayores desaf\u00edos para los ingenieros fue producir mucha energ\u00eda sin hacer el aparato m\u00e1s grande y pesado, pero efectivamente lo lograron, ya que esta turbina consigue transformar el 53% de la energ\u00eda del viento en electricidad, pero \u00bfC\u00f3mo lo hicieron?<\/p>\n<p>Bueno, el secreto de este invento no est\u00e1 solo en c\u00f3mo se ve, sino en c\u00f3mo est\u00e1 construido. Las aspas o palas del ventilador est\u00e1n hechas con materiales de fibra muy ligeros y huecos. Gracias a esto <strong>lograron que la turbina pese un 35% menos.<\/strong><\/p>\n<p>Al tener menos peso, puede funcionar con vientos m\u00e1s suaves, es m\u00e1s seguro y f\u00e1cil armar en cualquier sitio y por si fuera poco, los ingenieros le pusieron una capa exterior especial que le da flexibilidad a las palas.<\/p>\n<p>Al tener menos peso, la turbina puede trabajar con vientos mucho m\u00e1s suaves. Esto la hace m\u00e1s segura y muy sencilla de instalar en cualquier lugar. Pero eso no es todo, porque tambi\u00e9n le agregaron una capa exterior que le da m\u00e1s flexibilidad, pero \u00bfC\u00f3mo funciona?<\/p>\n<p>B\u00e1sicamente si llega una tormenta o un viento muy fuerte, las palas se doblan para protegerse. Esto evita usar frenos electr\u00f3nicos o piezas mec\u00e1nicas muy costosas, lo que hace que sea m\u00e1s f\u00e1cil de cuidar y dure mucho m\u00e1s tiempo.<\/p>\n<p>Sin duda, este nuevo invento ha llegado para revolucionar la energ\u00eda e\u00f3lica, <a href=\"https:\/\/www.ecoticias.com\/energias-renovables\/energia-eolica-domestica-2\">tal como lo hace esta turbina dom\u00e9stica vertical<\/a>. Este invento abre la puerta a que cada casa, pueblo o empresa en Espa\u00f1a y el resto del mundo pueda ser m\u00e1s aut\u00f3noma y decir adi\u00f3s a las facturas de luz, usando simplemente el aire que respiramos.<\/p>\n","protected":false},"excerpt":{"rendered":"<p>Pagar la luz es parte de nuestra rutina, pero tambi\u00e9n es un gran dolor de cabeza, especialmente cuando nos toca &#8230; <\/p>\n<p class=\"read-more-container\"><a title=\"Adi\u00f3s a las facturas de luz en Espa\u00f1a con este \u00abventilador\u00bb: 2500 W y sin vientos fuertes\" class=\"read-more button\" href=\"https:\/\/www.ecoticias.com\/hoyeco\/luz-en-espana-sin-vientos-fuertes\/30106\/#more-30106\" aria-label=\"Leer m\u00e1s sobre Adi\u00f3s a las facturas de luz en Espa\u00f1a con este \u00abventilador\u00bb: 2500 W y sin vientos fuertes\">Read more<\/a><\/p>\n","protected":false},"author":8,"featured_media":30107,"comment_status":"closed","ping_status":"closed","sticky":false,"template":"","format":"standard","meta":{"footnotes":""},"categories":[5],"tags":[],"class_list":["post-30106","post","type-post","status-publish","format-standard","has-post-thumbnail","hentry","category-energia","resize-featured-image"],"_links":{"self":[{"href":"https:\/\/www.ecoticias.com\/hoyeco\/wp-json\/wp\/v2\/posts\/30106","targetHints":{"allow":["GET"]}}],"collection":[{"href":"https:\/\/www.ecoticias.com\/hoyeco\/wp-json\/wp\/v2\/posts"}],"about":[{"href":"https:\/\/www.ecoticias.com\/hoyeco\/wp-json\/wp\/v2\/types\/post"}],"author":[{"embeddable":true,"href":"https:\/\/www.ecoticias.com\/hoyeco\/wp-json\/wp\/v2\/users\/8"}],"replies":[{"embeddable":true,"href":"https:\/\/www.ecoticias.com\/hoyeco\/wp-json\/wp\/v2\/comments?post=30106"}],"version-history":[{"count":0,"href":"https:\/\/www.ecoticias.com\/hoyeco\/wp-json\/wp\/v2\/posts\/30106\/revisions"}],"wp:featuredmedia":[{"embeddable":true,"href":"https:\/\/www.ecoticias.com\/hoyeco\/wp-json\/wp\/v2\/media\/30107"}],"wp:attachment":[{"href":"https:\/\/www.ecoticias.com\/hoyeco\/wp-json\/wp\/v2\/media?parent=30106"}],"wp:term":[{"taxonomy":"category","embeddable":true,"href":"https:\/\/www.ecoticias.com\/hoyeco\/wp-json\/wp\/v2\/categories?post=30106"},{"taxonomy":"post_tag","embeddable":true,"href":"https:\/\/www.ecoticias.com\/hoyeco\/wp-json\/wp\/v2\/tags?post=30106"}],"curies":[{"name":"wp","href":"https:\/\/api.w.org\/{rel}","templated":true}]}}