{"id":30187,"date":"2025-10-27T17:00:51","date_gmt":"2025-10-27T16:00:51","guid":{"rendered":"https:\/\/www.ecoticias.com\/hoyeco\/?p=30187"},"modified":"2025-10-27T17:00:51","modified_gmt":"2025-10-27T16:00:51","slug":"impuestos-espana-personas","status":"publish","type":"post","link":"https:\/\/www.ecoticias.com\/hoyeco\/impuestos-espana-personas\/30187\/","title":{"rendered":"La UE dice que no deber\u00edan pagar impuestos: Pero Espa\u00f1a dice que s\u00ed, a m\u00e1s de medio mill\u00f3n de personas"},"content":{"rendered":"<p>A medio mill\u00f3n de personas que se encuentran en <strong>Espa\u00f1a<\/strong> la administraci\u00f3n tributaria les ha indicado que s\u00ed deben pagar impuestos este a\u00f1o, mientras que la UE desde 2020 viene diciendo que no deber\u00edan pagarlos. La directriz europea con el prop\u00f3sito de simplificar la carga administrativa y favorecer el desarrollo de microempresas debe ser adoptada y aplicada en el pa\u00eds mediante una legislaci\u00f3n nacional propia. Esto ha originado una situaci\u00f3n compleja donde se evidencia que las normas europeas y las pr\u00e1cticas nacionales a\u00fan no est\u00e1n completamente alineadas. Mientras tanto se producen movimientos pol\u00edticos que dejan ver la dificultad de conseguir una soluci\u00f3n r\u00e1pida y definitiva para el complejo escenario.<\/p>\n<h2>Espa\u00f1a es el \u00fanico pa\u00eds del continente europeo donde estos trabajadores pagan impuestos<\/h2>\n<p>La disposici\u00f3n de la UE est\u00e1 orientada principalmente a aliviar la pesada carga administrativa y fiscal de cierto grupo de trabajadores. Adem\u00e1s, busca <strong>facilitar el emprendimiento y la creaci\u00f3n de nuevas empresas<\/strong> al prever una reducci\u00f3n de los costes y la simplificaci\u00f3n de los procesos de declaraci\u00f3n fiscal.<\/p>\n<p>Mediante esta directiva se reconoce que esta clase de trabajadores se caracteriza por tener bajos ingresos y por ello deber\u00eda otorg\u00e1rseles el beneficio de no cobrar ni pagar el IVA, libr\u00e1ndose de realizar declaraciones trimestrales con cierto grado de complicaci\u00f3n. Sin embargo, parece que en algunos pa\u00edses miembros no se tiene la misma opini\u00f3n.<\/p>\n<p>Este ser\u00eda el caso de Espa\u00f1a, \u00fanico pa\u00eds de la UE donde no se ha llevado a cabo la adopci\u00f3n de la directiva europea de exenci\u00f3n de impuestos para los trabajadores por cuenta propia cuyas <strong>facturas por sus servicios no superan un total anual de 85 mil euros<\/strong>. Y hace m\u00e1s de 2 a\u00f1os que la adopt\u00f3 Pa\u00edses Bajos, uno de los \u00faltimos miembros de la comunidad en abrazar dicha propuesta.<\/p>\n<h2>Los intentos se vienen realizando desde hace varios a\u00f1os y hasta ahora no han llegado a nada<\/h2>\n<p>Seg\u00fan muestra un resumen ministerial, en 2022 se intent\u00f3 pactar una reforma para abordar la suspensi\u00f3n de la exenci\u00f3n del IVA franquiciado, entre otros puntos, conformando para ello un grupo de trabajo con representantes de sindicatos, patronales y organizaciones de aut\u00f3nomos. Uno de los temas complicados que deb\u00edan abordar era la regulaci\u00f3n especial para taxistas y transportistas.<\/p>\n<p>Este grupo de trabajo no abord\u00f3 la complicaci\u00f3n con los referidos aut\u00f3nomos es que no cotizan como el resto sino que <strong>realizan pagos de acuerdo a tramos de ingresos previamente establecidos por la administraci\u00f3n tributaria<\/strong>. Esto se debi\u00f3 a que dicho grupo tuvo una corta duraci\u00f3n por cuanto las reuniones no se extendieron por m\u00e1s de 6 meses y al adelantarse las elecciones no fue definida la regulaci\u00f3n especial y de ninguna forma <a href=\"https:\/\/www.ecoticias.com\/hoyeco\/irpf-salario-cambios-retenciones\/18355\/\">Hacienda nos meti\u00f3 cambios<\/a>.<\/p>\n<h2>No se vislumbra ahorro de tr\u00e1mites para simplificar la vida de estos trabajadores sino todo lo contrario<\/h2>\n<p>Otros aut\u00f3nomos cuya vida se simplificar\u00eda respecto al IVA franquiciado con la directiva 2020\/285 ser\u00edan aquellos trabajadores con una simple estructura operativa y peque\u00f1a capacidad de caja. Por ejemplo, est\u00e1 la <strong>complicaci\u00f3n de un dise\u00f1ador que solo factura sus servicios y realiza escasos gastos de personal<\/strong> o material, cobrando el IVA a sus clientes y transfiri\u00e9ndolo a Hacienda.<\/p>\n<p>Por otro lado, a partir del 1 de julio de 2026 los aut\u00f3nomos deber\u00e1n presentar obligatoriamente facturas electr\u00f3nicas y utilizar la plataforma oficial Verifactu. Esto se visualiza como un cambio sustancial que generar\u00e1 mayores tr\u00e1mites para los trabajadores por cuenta propia.<\/p>\n<p>En conclusi\u00f3n, aunque los aut\u00f3nomos junto a sus familiares en <strong>Espa\u00f1a<\/strong> conforman una masa de aproximadamente 6 millones de votantes que significan una importante fuerza electoral a tener en cuenta, hasta ahora el <a href=\"https:\/\/www.ecoticias.com\/hoyeco\/subidon-impuestos-2025-disparan\/15454\/\">subid\u00f3n de impuestos<\/a> y la posici\u00f3n ante la directiva de exenci\u00f3n establecida por la UE divide a las distintas agrupaciones pol\u00edticas entre rectificar el incremento de las cuotas y congelar las de quienes tienen menos ingresos o aprobar la exenci\u00f3n del IVA para todos los trabajadores por cuenta propia cuyos ingresos se encuentren por debajo de 85 000 euros, estim\u00e1ndose que una mayor\u00eda cumple con esta condici\u00f3n.<\/p>\n","protected":false},"excerpt":{"rendered":"<p>A medio mill\u00f3n de personas que se encuentran en Espa\u00f1a la administraci\u00f3n tributaria les ha indicado que s\u00ed deben pagar &#8230; <\/p>\n<p class=\"read-more-container\"><a title=\"La UE dice que no deber\u00edan pagar impuestos: Pero Espa\u00f1a dice que s\u00ed, a m\u00e1s de medio mill\u00f3n de personas\" class=\"read-more button\" href=\"https:\/\/www.ecoticias.com\/hoyeco\/impuestos-espana-personas\/30187\/#more-30187\" aria-label=\"Leer m\u00e1s sobre La UE dice que no deber\u00edan pagar impuestos: Pero Espa\u00f1a dice que s\u00ed, a m\u00e1s de medio mill\u00f3n de personas\">Read more<\/a><\/p>\n","protected":false},"author":9,"featured_media":30240,"comment_status":"closed","ping_status":"closed","sticky":false,"template":"","format":"standard","meta":{"footnotes":""},"categories":[2],"tags":[],"class_list":["post-30187","post","type-post","status-publish","format-standard","has-post-thumbnail","hentry","category-actualidad","resize-featured-image"],"_links":{"self":[{"href":"https:\/\/www.ecoticias.com\/hoyeco\/wp-json\/wp\/v2\/posts\/30187","targetHints":{"allow":["GET"]}}],"collection":[{"href":"https:\/\/www.ecoticias.com\/hoyeco\/wp-json\/wp\/v2\/posts"}],"about":[{"href":"https:\/\/www.ecoticias.com\/hoyeco\/wp-json\/wp\/v2\/types\/post"}],"author":[{"embeddable":true,"href":"https:\/\/www.ecoticias.com\/hoyeco\/wp-json\/wp\/v2\/users\/9"}],"replies":[{"embeddable":true,"href":"https:\/\/www.ecoticias.com\/hoyeco\/wp-json\/wp\/v2\/comments?post=30187"}],"version-history":[{"count":0,"href":"https:\/\/www.ecoticias.com\/hoyeco\/wp-json\/wp\/v2\/posts\/30187\/revisions"}],"wp:featuredmedia":[{"embeddable":true,"href":"https:\/\/www.ecoticias.com\/hoyeco\/wp-json\/wp\/v2\/media\/30240"}],"wp:attachment":[{"href":"https:\/\/www.ecoticias.com\/hoyeco\/wp-json\/wp\/v2\/media?parent=30187"}],"wp:term":[{"taxonomy":"category","embeddable":true,"href":"https:\/\/www.ecoticias.com\/hoyeco\/wp-json\/wp\/v2\/categories?post=30187"},{"taxonomy":"post_tag","embeddable":true,"href":"https:\/\/www.ecoticias.com\/hoyeco\/wp-json\/wp\/v2\/tags?post=30187"}],"curies":[{"name":"wp","href":"https:\/\/api.w.org\/{rel}","templated":true}]}}