{"id":3053,"date":"2024-02-18T15:30:43","date_gmt":"2024-02-18T14:30:43","guid":{"rendered":"https:\/\/ecoticias.com\/hoyeco\/?p=3053"},"modified":"2024-02-18T15:30:43","modified_gmt":"2024-02-18T14:30:43","slug":"espana-tambien-tiene-piramides","status":"publish","type":"post","link":"https:\/\/www.ecoticias.com\/hoyeco\/espana-tambien-tiene-piramides\/3053\/","title":{"rendered":"Espa\u00f1a tambi\u00e9n tiene pir\u00e1mides, pero no suponen un problema: son de origen desconocido y se parecen demasiado a las aztecas"},"content":{"rendered":"<p>Las <strong>pir\u00e1mides<\/strong> aztecas tienen un singular encanto que no se ha podido contemplar en otro lugar fuera de M\u00e9xico, sin embargo, Espa\u00f1a tambi\u00e9n tendr\u00eda unas curiosas arquitecturas con una gran similitud a las que se ubican en la antigua ciudad de Tenochtitl\u00e1n. Mira en d\u00f3nde est\u00e1n ubicadas.<\/p>\n<h2>Un oculto pasado historia y sinf\u00edn de teor\u00edas sobre las pir\u00e1mides espa\u00f1olas<\/h2>\n<p>Las <strong>pir\u00e1mides<\/strong> en cuesti\u00f3n cuentan con varias leyendas y teor\u00edas cient\u00edficas respecto a su origen y antig\u00fcedad. Algunas personas plantean la posibilidad de que sean realmente, mont\u00edculos de piedras denominados &#8216;majanos&#8217;. La historia detr\u00e1s de estos &#8216;majanos&#8217; se remontar\u00eda a antiguos agricultores que tan solo buscaban preparar el terreno para la agricultura. Continuando con la teor\u00eda de los &#8216;majanos&#8217;, estas pir\u00e1mides se habr\u00edan creado para limpiar los terrenos.<\/p>\n<p>Por su parte, Thor Heyerdahl es un reconocido antrop\u00f3logo, y estuvo dando su opini\u00f3n y su punto de vista profesional acerca de estas curiosas pir\u00e1mides, asegurando que estas mismas <strong>se relacionan directamente con la existencia de antiguas civilizaciones<\/strong>, esto mismo se debe a los meticulosos detalles que se parecen extremadamente a los del Viejo y Nuevo mundo.<\/p>\n<p>En este mismo contexto, se desenvuelven una gran cantidad de opiniones divididas entre los expertos sobre el motivo por el cual fueron construidas estas bellezas, generando debates en torno a la historia y funci\u00f3n principal de las denominadas, <strong>Pir\u00e1mides G\u00fc\u00edmar, <\/strong>las que <a href=\"https:\/\/ecoticias.com\/hoyeco\/lanuza-pueblo-rescatado-bajo-el-agua\/2656\/\" target=\"_blank\" rel=\"noopener\">est\u00e1n\u00a0ubicadas en las Islas Canarias<\/a>, espec\u00edficamente en la Isla Tenerife.<\/p>\n<h2>\u00bfEn donde podemos encontrar esta belleza arquitect\u00f3nica?<\/h2>\n<p>Como ya mencionamos anteriormente, las Pir\u00e1mides en cuesti\u00f3n se encuentran en el municipio de G\u00fc\u00edmar, ubicado concretamente a 26 kil\u00f3metros de distancia de la ciudad de Santa Cruz de Tenerife, estas mismas son un fascinante destino tur\u00edstico que combina <a href=\"https:\/\/ecoticias.com\/hoyeco\/las-medulas-paisaje-espectacular\/2642\/\" target=\"_blank\" rel=\"noopener\">elementos hist\u00f3ricos y naturales<\/a>, siendo uno m\u00e1s de las grandes maravillas de las Islas Canarias, pasando por su deliciosa gastronom\u00eda hasta sus inolvidables paisajes.<\/p>\n<p>Esta serie de pir\u00e1mides escalonadas fueron realizadas estrat\u00e9gicamente con piedras de tama\u00f1o promedio, sin embargo, su prolijidad se evidencia a simple vista, adem\u00e1s de esto, los monumentos cuentan con una abundante vegetaci\u00f3n, y es que gran parte de su belleza se destaca por el trabajo natural de la madre tierra.<\/p>\n<h2>Una larga historia: Este es el pasado de las pir\u00e1mides<\/h2>\n<p>Hace aproximadamente, un poco m\u00e1s de treinta a\u00f1os, la Universidad de La Laguna ubicada en Tenerifeenv\u00edo a un grupo de arque\u00f3logos junto a la fundaci\u00f3n FERCO, quienes llevaron adelante excavaciones en una plaza ubicada entre dos pir\u00e1mides dentro del complejo principal. En esta investigaci\u00f3n, los cient\u00edficos hallaron algunos artefactos que remontan al siglo XIX.<\/p>\n<p>Durante ese mismo per\u00edodo de tiempo, algunos investigadores del Instituto de Astrof\u00edsica de Canarias decidieron tambi\u00e9n realizar un estudio sobre las caracter\u00edsticas arqueo-astron\u00f3micas de las pir\u00e1mides, luego de esto, m\u00e1s tarde descubrieron que <strong>las estructuras estar\u00edan alineadas con precisi\u00f3n a los solsticios de verano e invierno<\/strong>, asegurando que no fueron hechos por agricultores buscando limpiar sus tierras.<\/p>\n<p>A\u00f1os despu\u00e9s de estas reveladoras expediciones cient\u00edficas, se estableci\u00f3 una conexi\u00f3n entre las vistosas joyas de las Islas Canarias y el antiguo propietario de los terrenos en cuesti\u00f3n, siendo el Sr. Antonio D\u00edaz Flores la persona a cargo en el per\u00edodo en el que se construyeron las edificaciones.<\/p>\n<p>Aparentemente en los documentos de compra de 1854 no se hace menci\u00f3n a ning\u00fan proyecto arquitect\u00f3nico, mientras que en el s\u00ed logran ser mencionadas en el testamento del antiguo propietario de las tierras. Esta aclaraci\u00f3n sobre el periodo de tiempo en el que se construyeron las obras cre\u00f3 una <a href=\"https:\/\/ecoticias.com\/hoyeco\/archipielago-chinijo-en-canarias\/2944\/\" target=\"_blank\" rel=\"noopener\">mayor importancia con respecto a su cuidado y conservaci\u00f3n<\/a>. Finalmente a mediados del 2017 este espacio ahora tur\u00edstico tom\u00f3 definitivamente el nombre de jard\u00edn bot\u00e1nico, el mismo que habr\u00eda sido determinado por la asociaci\u00f3n Ibero Macaron\u00e9sica de jardines bot\u00e1nicos.<\/p>\n","protected":false},"excerpt":{"rendered":"<p>Las pir\u00e1mides aztecas tienen un singular encanto que no se ha podido contemplar en otro lugar fuera de M\u00e9xico, sin &#8230; <\/p>\n<p class=\"read-more-container\"><a title=\"Espa\u00f1a tambi\u00e9n tiene pir\u00e1mides, pero no suponen un problema: son de origen desconocido y se parecen demasiado a las aztecas\" class=\"read-more button\" href=\"https:\/\/www.ecoticias.com\/hoyeco\/espana-tambien-tiene-piramides\/3053\/#more-3053\" aria-label=\"Leer m\u00e1s sobre Espa\u00f1a tambi\u00e9n tiene pir\u00e1mides, pero no suponen un problema: son de origen desconocido y se parecen demasiado a las aztecas\">Read more<\/a><\/p>\n","protected":false},"author":4,"featured_media":3055,"comment_status":"closed","ping_status":"closed","sticky":false,"template":"","format":"standard","meta":{"footnotes":""},"categories":[2],"tags":[],"class_list":["post-3053","post","type-post","status-publish","format-standard","has-post-thumbnail","hentry","category-actualidad","resize-featured-image"],"_links":{"self":[{"href":"https:\/\/www.ecoticias.com\/hoyeco\/wp-json\/wp\/v2\/posts\/3053","targetHints":{"allow":["GET"]}}],"collection":[{"href":"https:\/\/www.ecoticias.com\/hoyeco\/wp-json\/wp\/v2\/posts"}],"about":[{"href":"https:\/\/www.ecoticias.com\/hoyeco\/wp-json\/wp\/v2\/types\/post"}],"author":[{"embeddable":true,"href":"https:\/\/www.ecoticias.com\/hoyeco\/wp-json\/wp\/v2\/users\/4"}],"replies":[{"embeddable":true,"href":"https:\/\/www.ecoticias.com\/hoyeco\/wp-json\/wp\/v2\/comments?post=3053"}],"version-history":[{"count":0,"href":"https:\/\/www.ecoticias.com\/hoyeco\/wp-json\/wp\/v2\/posts\/3053\/revisions"}],"wp:featuredmedia":[{"embeddable":true,"href":"https:\/\/www.ecoticias.com\/hoyeco\/wp-json\/wp\/v2\/media\/3055"}],"wp:attachment":[{"href":"https:\/\/www.ecoticias.com\/hoyeco\/wp-json\/wp\/v2\/media?parent=3053"}],"wp:term":[{"taxonomy":"category","embeddable":true,"href":"https:\/\/www.ecoticias.com\/hoyeco\/wp-json\/wp\/v2\/categories?post=3053"},{"taxonomy":"post_tag","embeddable":true,"href":"https:\/\/www.ecoticias.com\/hoyeco\/wp-json\/wp\/v2\/tags?post=3053"}],"curies":[{"name":"wp","href":"https:\/\/api.w.org\/{rel}","templated":true}]}}