{"id":30558,"date":"2025-11-05T15:00:44","date_gmt":"2025-11-05T14:00:44","guid":{"rendered":"https:\/\/www.ecoticias.com\/hoyeco\/?p=30558"},"modified":"2025-11-05T15:00:44","modified_gmt":"2025-11-05T14:00:44","slug":"ano-superluna-castor","status":"publish","type":"post","link":"https:\/\/www.ecoticias.com\/hoyeco\/ano-superluna-castor\/30558\/","title":{"rendered":"Un fen\u00f3meno \u00fanico en todo el a\u00f1o: M\u00e1s grande y mucho m\u00e1s brillosa durante esta noche"},"content":{"rendered":"<p>Sabemos que el universo es maravilloso, pero a veces, logra superarse a s\u00ed mismo. Las noches nos regalan espect\u00e1culos que parecen sacados de una pel\u00edcula de ciencia ficci\u00f3n, donde la Luna es la protagonista y ahora, estamos a punto de tener la noche m\u00e1s hermosa del a\u00f1o. Nuestra querida Luna se llevar\u00e1 la atenci\u00f3n de todos, desde los ni\u00f1os hasta los abuelos, pues hoy ser\u00e1 una noche realmente m\u00e1gica en la que nuestro sat\u00e9lite natural se convertir\u00e1 en la s\u00faper estrella del firmamento. Ac\u00e1 te contamos todos los detalles.<\/p>\n<h2>La magia de la Luna<\/h2>\n<p>Muy pronto la Luna nos ofrecer\u00e1 una vista que no se repetir\u00e1 hasta dentro de mucho tiempo. Lo que vamos a presenciar no es un truco de la vista ni un invento. Es una coincidencia astron\u00f3mica fascinante que sucede muy pocas veces al a\u00f1o. Ocurre porque la Luna est\u00e1 en su fase llena y, al mismo tiempo, su camino la trae a su punto m\u00e1s cercano a la Tierra.<\/p>\n<p>Veremos c\u00f3mo su tama\u00f1o y su brillo se multiplican de una manera que resulta impresionante, as\u00ed que es el momento de tener la c\u00e1mara lista. Los cient\u00edficos han bautizado a este acercamiento m\u00e1ximo como <strong>perigeo<\/strong>. \u00a0Cuando este punto exacto en la \u00f3rbita de la Luna coincide con la fase de Luna Llena, el resultado es la famosa <strong>Superluna<\/strong>.<\/p>\n<h2>La mejor noche del a\u00f1o<\/h2>\n<p><a href=\"https:\/\/www.ecoticias.com\/hoyeco\/descubrimieto-astronomico-siglo\/29953\/\">Si te sorprendiste con el descubrimiento astron\u00f3mico del siglo<\/a>, qu\u00e9date porque ahora literalmente podr\u00e1s ver una maravilla del universo. Prep\u00e1rate para disfrutar, porque en<strong> la noche de hoy 5 de noviembre<\/strong>, el cielo nos dar\u00e1 un regalo \u00fanico y es <strong>la Superluna del Castor<\/strong>. Esta no es una Luna Llena cualquiera, es la m\u00e1s cercana, grande y luminosa que vamos a ver en todo el 2025.<\/p>\n<p>Pero \u00bfpor qu\u00e9 se ver\u00e1 tan grande? B\u00e1sicamente por el camino de la Luna. Sucede que la \u00f3rbita de la Luna es como un \u00f3valo, por eso, a veces se aleja y otras veces se acerca a nosotros. La noche estar\u00e1 a solo unos 356 833 kil\u00f3metros de distancia. Eso es realmente cerca en t\u00e9rminos espaciales, as\u00ed que la veamos mucho m\u00e1s grande. <strong>Los expertos calculan que ser\u00e1 entre un 7% y un 14% m\u00e1s grande y un 30% m\u00e1s brillante.<\/strong><\/p>\n<h2>La observaci\u00f3n perfecta<\/h2>\n<p>Lo mejor de este fen\u00f3meno es que no tienes que ser un experto ni tener un telescopio costoso, pues se ve a simple vista, pero si quieres disfrutarlo al m\u00e1ximo, hay un par de horarios que no te puedes perder. <strong>El primer momento estelar ser\u00e1 cuando la Luna salga por el este, aproximadamente a las 17:19 horas<\/strong>. Verla aparecer tan gigante y tan baja en el horizonte, junto a los edificios o los \u00e1rboles, ser\u00e1 realmente impresionante.<\/p>\n<p><strong>El segundo momento ser\u00e1 ma\u00f1ana, justo antes de que amanezca, entre las 7:00 y las 7:20 horas<\/strong>. El cielo despejado de la ma\u00f1ana te permitir\u00e1 verla con una claridad incre\u00edble antes de que se oculte y si quieres el lugar perfecto, busca zonas con poquita luz artificial. Los lugares certificados como \u00abCielos Starlight\u00bb son ideales, pero con que te alejes un poco de las farolas grandes, ser\u00e1 suficiente.<\/p>\n<p>Sin duda, la Superluna del Castor es una invitaci\u00f3n a desconectarte de todo y a conectar con el universo. Es una noche en la que el sat\u00e9lite brillar\u00e1 con una intensidad inigualable, d\u00e1ndonos una excusa perfecta para salir, respirar aire fresco y maravillarnos. El mes de noviembre nos ofrece un festival de estrellas y lunas. As\u00ed que, no lo olvides, levanta la mirada y prep\u00e1rate para disfrutar de la Luna m\u00e1s grande y espectacular de todo el a\u00f1o. Y si quieres llevarte m\u00e1s sorpresas, <a href=\"https:\/\/www.ecoticias.com\/hoyeco\/luna-mas-grande-que-espana\/30204\/\">ac\u00e1 te contamos que se est\u00e1 resolviendo uno de los mayores misterios de la luna.<\/a><\/p>\n","protected":false},"excerpt":{"rendered":"<p>Sabemos que el universo es maravilloso, pero a veces, logra superarse a s\u00ed mismo. Las noches nos regalan espect\u00e1culos que &#8230; <\/p>\n<p class=\"read-more-container\"><a title=\"Un fen\u00f3meno \u00fanico en todo el a\u00f1o: M\u00e1s grande y mucho m\u00e1s brillosa durante esta noche\" class=\"read-more button\" href=\"https:\/\/www.ecoticias.com\/hoyeco\/ano-superluna-castor\/30558\/#more-30558\" aria-label=\"Leer m\u00e1s sobre Un fen\u00f3meno \u00fanico en todo el a\u00f1o: M\u00e1s grande y mucho m\u00e1s brillosa durante esta noche\">Read more<\/a><\/p>\n","protected":false},"author":11,"featured_media":30622,"comment_status":"closed","ping_status":"closed","sticky":false,"template":"","format":"standard","meta":{"footnotes":""},"categories":[2],"tags":[],"class_list":["post-30558","post","type-post","status-publish","format-standard","has-post-thumbnail","hentry","category-actualidad","resize-featured-image"],"_links":{"self":[{"href":"https:\/\/www.ecoticias.com\/hoyeco\/wp-json\/wp\/v2\/posts\/30558","targetHints":{"allow":["GET"]}}],"collection":[{"href":"https:\/\/www.ecoticias.com\/hoyeco\/wp-json\/wp\/v2\/posts"}],"about":[{"href":"https:\/\/www.ecoticias.com\/hoyeco\/wp-json\/wp\/v2\/types\/post"}],"author":[{"embeddable":true,"href":"https:\/\/www.ecoticias.com\/hoyeco\/wp-json\/wp\/v2\/users\/11"}],"replies":[{"embeddable":true,"href":"https:\/\/www.ecoticias.com\/hoyeco\/wp-json\/wp\/v2\/comments?post=30558"}],"version-history":[{"count":0,"href":"https:\/\/www.ecoticias.com\/hoyeco\/wp-json\/wp\/v2\/posts\/30558\/revisions"}],"wp:featuredmedia":[{"embeddable":true,"href":"https:\/\/www.ecoticias.com\/hoyeco\/wp-json\/wp\/v2\/media\/30622"}],"wp:attachment":[{"href":"https:\/\/www.ecoticias.com\/hoyeco\/wp-json\/wp\/v2\/media?parent=30558"}],"wp:term":[{"taxonomy":"category","embeddable":true,"href":"https:\/\/www.ecoticias.com\/hoyeco\/wp-json\/wp\/v2\/categories?post=30558"},{"taxonomy":"post_tag","embeddable":true,"href":"https:\/\/www.ecoticias.com\/hoyeco\/wp-json\/wp\/v2\/tags?post=30558"}],"curies":[{"name":"wp","href":"https:\/\/api.w.org\/{rel}","templated":true}]}}