{"id":30902,"date":"2025-11-13T17:00:25","date_gmt":"2025-11-13T16:00:25","guid":{"rendered":"https:\/\/www.ecoticias.com\/hoyeco\/?p=30902"},"modified":"2025-11-13T17:00:25","modified_gmt":"2025-11-13T16:00:25","slug":"fenomeno-siglo-oscuridad","status":"publish","type":"post","link":"https:\/\/www.ecoticias.com\/hoyeco\/fenomeno-siglo-oscuridad\/30902\/","title":{"rendered":"El fen\u00f3meno m\u00e1s esperado del siglo: Cuando la oscuridad cubrir\u00e1 el d\u00eda y todo quedar\u00e1 en negro"},"content":{"rendered":"<p>Ya se conoce con exactitud la fecha y hora en la que la <strong>oscuridad<\/strong> cubrir\u00e1 el d\u00eda y todo quedar\u00e1 en negro. Se trata del fen\u00f3meno m\u00e1s esperado del siglo y desde ya en los pa\u00edses donde se har\u00e1 visible de manera m\u00e1s contundente han comenzado a efectuarse los preparativos para no perderse ning\u00fan detalle. Su manifestaci\u00f3n constituye todo un hito, y por ello, en los pa\u00edses donde esta experiencia se manifestar\u00e1 con mayor intensidad se han planificado diversas actividades. Espec\u00edficamente, se est\u00e1n preparando campa\u00f1as informativas y medidas de seguridad para asegurar un disfrute sin igual de este evento irrepetible.<\/p>\n<h2>El fen\u00f3meno de oscuridad m\u00e1s esperado del siglo est\u00e1 a punto de manifestarse y desde ya hay preparativos<\/h2>\n<p>En la actualidad, fen\u00f3menos astron\u00f3micos como cometas, fases lunares y eclipses, entre otros, son predichos con mucha precisi\u00f3n con <strong>ayuda de los conocimientos planetarios y de avanzados instrumentos de observaci\u00f3n<\/strong>. Esto permite conocer con antelaci\u00f3n cu\u00e1l ser\u00e1 el punto de la Tierra donde podr\u00eda realizarse la mejor observaci\u00f3n.<\/p>\n<p>Gracias a estos avances y los modelados matem\u00e1ticos, se puede conocer con precisi\u00f3n no solo el momento en que el fen\u00f3meno se presentar\u00e1, sino adem\u00e1s el sitio de la Tierra desde donde puede ser observado con mayor nitidez. Precisamente esto es lo que ha llegado a saberse de uno de los fen\u00f3menos m\u00e1s esperados del siglo.<\/p>\n<p>Se trata de uno de los eventos astron\u00f3micos que ha despertado mayores expectativas, porque de acuerdo con las <strong>estimaciones del Centro de Vuelos Espaciales Goddard de la NASA<\/strong>, es uno de los eclipses de mayor duraci\u00f3n del que se tenga noticia.<\/p>\n<h2>Esto es lo que pasar\u00e1 cuando la oscuridad cubra el d\u00eda y todo quede en negro<\/h2>\n<p>Los amantes de la astronom\u00eda, expertos y aficionados, esperan con ansias el 2 de agosto de 2027, porque ser\u00e1 una fecha que marcar\u00e1 un hito trascendental en el calendario de eventos c\u00f3smicos de los pr\u00f3ximos a\u00f1os.<\/p>\n<p>Desde ya muchos se preparan para ser testigos de este impactante evento. El fen\u00f3meno que presenciar\u00e1 parte de la humanidad en esa fecha desde tierra firme es considerado como <strong>uno de los m\u00e1s importantes del presente siglo debido a su duraci\u00f3n<\/strong> y el recorrido que realizar\u00e1.<\/p>\n<p>Estamos hablando del eclipse solar total m\u00e1s largo del siglo XXI porque, seg\u00fan c\u00e1lculos del Centro de Vuelos Espaciales Goddard de la NASA, su fase de totalidad demorar\u00e1 nada menos que 6 minutos y 23 segundos. Sin duda, una duraci\u00f3n excepcional que muy pocos volver\u00e1n a experimentar.<\/p>\n<p>Tal como se sabe, un eclipse solar total, donde <a href=\"https:\/\/www.ecoticias.com\/naturaleza\/ante-eclipse-solar-donde-dia-se-transforma-noche-muchos-pajaros-se-comportan-como-si-amaneciera\">el d\u00eda se transforma en una noche casi total<\/a>, se produce cuando la Luna se interpone entre la Tierra y el Sol, para proyectar su sombra sobre una franja de la superficie terrestre, creando lo que se conoce como banda de totalidad.<\/p>\n<h2>Estos son los elegidos por el destino para ver el momento cuando la oscuridad cubra la faz de la Tierra<\/h2>\n<p>Esta banda o franja de totalidad cubrir\u00e1 a lo ancho unos 250 kil\u00f3metros, extendi\u00e9ndose desde el oc\u00e9ano Atl\u00e1ntico, atravesar\u00e1 el estrecho de Gibraltar y se prolongar\u00e1 por el oc\u00e9ano \u00cdndico, el norte del continente africano y la pen\u00ednsula ar\u00e1biga.<\/p>\n<p>El fen\u00f3meno se inicia con un eclipse parcial que comenzar\u00e1 a las 07:30:11 horas y la fase de totalidad dar\u00e1 inicio a las 08:23:29 horas, <strong>produci\u00e9ndose el punto m\u00e1ximo de oscuridad a las 10:06:40 horas<\/strong>, para que culmine el evento exactamente a las 12:43:10 horas.<\/p>\n<p>Ese punto m\u00e1ximo de duraci\u00f3n de la oscuridad total podr\u00e1 ser presenciado con todo detalle desde Luxor, Egipto, porque all\u00ed el Sol permanecer\u00e1 totalmente cubierto por un tiempo superior a los seis minutos.<\/p>\n<p>En conclusi\u00f3n, ser\u00e1 el 2 de agosto de 2027 cuando la <strong>oscuridad<\/strong> cubrir\u00e1 el d\u00eda y todo quedar\u00e1 en negro. Esto tendr\u00e1 una duraci\u00f3n de 6 minutos y 23 segundos, comenzando con una semioscuridad que se producir\u00e1 a las 07:30:11 horas hasta que llegue el momento en que la Luna cubrir\u00e1 completamente la visi\u00f3n del disco solar a las 10:06:40 horas. Este atrayente fen\u00f3meno es <a href=\"https:\/\/www.ecoticias.com\/hoyeco\/eclipse-solar-evento\/30578\/\">el eclipse solar total m\u00e1s esperado del siglo<\/a> porque ser\u00e1 el m\u00e1s prolongado durante d\u00e9cadas que podr\u00e1 ser presenciado desde varios pa\u00edses, entre ellos Espa\u00f1a. Hay que prepararse desde ya para no perd\u00e9rselo.<\/p>\n","protected":false},"excerpt":{"rendered":"<p>Ya se conoce con exactitud la fecha y hora en la que la oscuridad cubrir\u00e1 el d\u00eda y todo quedar\u00e1 &#8230; <\/p>\n<p class=\"read-more-container\"><a title=\"El fen\u00f3meno m\u00e1s esperado del siglo: Cuando la oscuridad cubrir\u00e1 el d\u00eda y todo quedar\u00e1 en negro\" class=\"read-more button\" href=\"https:\/\/www.ecoticias.com\/hoyeco\/fenomeno-siglo-oscuridad\/30902\/#more-30902\" aria-label=\"Leer m\u00e1s sobre El fen\u00f3meno m\u00e1s esperado del siglo: Cuando la oscuridad cubrir\u00e1 el d\u00eda y todo quedar\u00e1 en negro\">Read more<\/a><\/p>\n","protected":false},"author":9,"featured_media":30903,"comment_status":"closed","ping_status":"closed","sticky":false,"template":"","format":"standard","meta":{"footnotes":""},"categories":[2],"tags":[],"class_list":["post-30902","post","type-post","status-publish","format-standard","has-post-thumbnail","hentry","category-actualidad","resize-featured-image"],"_links":{"self":[{"href":"https:\/\/www.ecoticias.com\/hoyeco\/wp-json\/wp\/v2\/posts\/30902","targetHints":{"allow":["GET"]}}],"collection":[{"href":"https:\/\/www.ecoticias.com\/hoyeco\/wp-json\/wp\/v2\/posts"}],"about":[{"href":"https:\/\/www.ecoticias.com\/hoyeco\/wp-json\/wp\/v2\/types\/post"}],"author":[{"embeddable":true,"href":"https:\/\/www.ecoticias.com\/hoyeco\/wp-json\/wp\/v2\/users\/9"}],"replies":[{"embeddable":true,"href":"https:\/\/www.ecoticias.com\/hoyeco\/wp-json\/wp\/v2\/comments?post=30902"}],"version-history":[{"count":0,"href":"https:\/\/www.ecoticias.com\/hoyeco\/wp-json\/wp\/v2\/posts\/30902\/revisions"}],"wp:featuredmedia":[{"embeddable":true,"href":"https:\/\/www.ecoticias.com\/hoyeco\/wp-json\/wp\/v2\/media\/30903"}],"wp:attachment":[{"href":"https:\/\/www.ecoticias.com\/hoyeco\/wp-json\/wp\/v2\/media?parent=30902"}],"wp:term":[{"taxonomy":"category","embeddable":true,"href":"https:\/\/www.ecoticias.com\/hoyeco\/wp-json\/wp\/v2\/categories?post=30902"},{"taxonomy":"post_tag","embeddable":true,"href":"https:\/\/www.ecoticias.com\/hoyeco\/wp-json\/wp\/v2\/tags?post=30902"}],"curies":[{"name":"wp","href":"https:\/\/api.w.org\/{rel}","templated":true}]}}