{"id":31021,"date":"2025-11-18T16:30:44","date_gmt":"2025-11-18T15:30:44","guid":{"rendered":"https:\/\/www.ecoticias.com\/hoyeco\/?p=31021"},"modified":"2025-11-18T16:30:44","modified_gmt":"2025-11-18T15:30:44","slug":"invierno-consumir-energia","status":"publish","type":"post","link":"https:\/\/www.ecoticias.com\/hoyeco\/invierno-consumir-energia\/31021\/","title":{"rendered":"C\u00f3mo sobrevivir al invierno sin consumir energ\u00eda dem\u00e1s: As\u00ed consigues m\u00e1xima comodidad y ahorro"},"content":{"rendered":"<p>En v\u00edspera de fiestas, la preocupaci\u00f3n por los<strong> gastos extra<\/strong> de diciembre comienza a aumentar. Y no solo por la inversi\u00f3n en la mesa navide\u00f1a y los obsequios, sino tambi\u00e9n por los<strong> altos montos de la factura el\u00e9ctrica<\/strong>, que se ve fuertemente impactada por la demanda de los calefactores en pleno invierno. Por ello,<strong> toma nota<\/strong> de las medidas que puedes tomar para ahorrar dinero en consumo,<strong> sin sufrir el fr\u00edo navide\u00f1o<\/strong>.<\/p>\n<h2>Temperaturas bajas, facturas elevadas<\/h2>\n<p>El paisaje espa\u00f1ol ya comenz\u00f3 a <strong>inundarse<\/strong> del fresco invernal. Los<strong> fan\u00e1ticos de las temperaturas bajas<\/strong> empezaron a escarbar con gusto en sus guardarropas, en b\u00fasqueda de sweaters, bufandas y gorros favoritos, mientras que los m\u00e1s glotones eval\u00faan alternativas de men\u00fa para palear el clima que se viene.<\/p>\n<p>Entre mazapanes, roscas navide\u00f1as y chocolate caliente, el pa\u00eds planea hacer frente a las festividades con el <strong>calor familiar<\/strong>. Seg\u00fan el \u00e1rea del pa\u00eds en la que residas, tendr\u00e1s que hacer uso de mayores o menores recursos, pues Espa\u00f1a se caracteriza por tener <strong>muchos inviernos<\/strong>, algunos m\u00e1s suaves que otros.<\/p>\n<p>La presencia de las cordilleras y la cercan\u00eda con el Atl\u00e1ntico y el Mediterr\u00e1neo <strong>diversifican<\/strong> los ecosistemas y condicionan de manera desigual la temperatura ambiente. Y, cuando en las proximidades del mar, en lugares como Andaluc\u00eda y Catalu\u00f1a, puede registrarse el descenso hasta los 14\u00b0, el fr\u00edo es m\u00e1s castigador en sitios como Burgos o \u00c1vila, donde alcanza el <strong>-0\u00b0<\/strong>.<\/p>\n<p>En cualquiera de los casos, el cambio de estaci\u00f3n demanda mayor atenci\u00f3n en aquellas casas que comparten un<strong> factor com\u00fan<\/strong>: el mal aislamiento t\u00e9rmico o la ausencia del mismo, que conlleva la b\u00fasqueda de <strong>soluciones alternativas<\/strong> como la instalaci\u00f3n de sistemas de calefacci\u00f3n para paliar el fresco.<\/p>\n<p>Como una barrera de protecci\u00f3n ante el fr\u00edo, el aislamiento se presenta como una de las\u00a0 principales opciones si te gusta invertir en <strong>soluciones a largo plazo<\/strong>\u00a0y tu objetivo es dejar de pagar fortunas a las empresas proveedoras de electricidad cada invierno.<\/p>\n<h2>La alternativa del aislamiento t\u00e9rmico<\/h2>\n<p>Popularizada a finales del siglo XX, la aislaci\u00f3n t\u00e9rmica lleg\u00f3 a los hogares como una medida para <a href=\"https:\/\/www.ecoticias.com\/hoyeco\/calefaccion-paredes-frascos-vidrio\/18390\/\"><strong>disminuir el uso de energ\u00eda el\u00e9ctrica<\/strong><\/a>, luego de que la crisis del petr\u00f3leo despertara <strong>preocupaci\u00f3n sobre el futuro de la ecolog\u00eda.<\/strong><\/p>\n<p>Con desarrollos como los Sistemas Integrados, disponibles para hogares y edificios, y la incorporaci\u00f3n de novedosos materiales como la lana de vidrio y de roca, o el poliestireno y el poliuretano, la t\u00e9cnica comenz\u00f3 a <strong>difundirse<\/strong> en las grandes ciudades.<\/p>\n<p>En Espa\u00f1a, la Asociaci\u00f3n de Fabricantes Espa\u00f1oles de Lanas Minerales Aislantes (AFELMA) promueve su uso como una alternativa para<strong> reducir el consumo el\u00e9ctrico entre un 50% y un 80%<\/strong>, descomprimiendo los gastos en facturas y favoreciendo el <strong>descenso de las emisiones de CO2<\/strong>.<\/p>\n<p>Sin embargo, desde la entidad destacaron la necesidad de verificar la <strong>correcta instalaci\u00f3n del material<\/strong>\u00a0y de cerciorarse de que sea funcional a la regulaci\u00f3n de la temperatura dom\u00e9stica tanto en las estaciones m\u00e1s frescas como en las m\u00e1s calurosas, siendo capaz de retener el calor interior y de mantener el fr\u00edo.<\/p>\n<p>Es preciso tener en cuenta tambi\u00e9n que en Espa\u00f1a la colocaci\u00f3n del aislamiento t\u00e9rmico est\u00e1 <strong>regulada por el C\u00f3digo T\u00e9cnico de la Edificaci\u00f3n<\/strong>, por lo que su instalaci\u00f3n debe amoldarse a estrictos requisitos que asegurar\u00e1n el adecuado rendimiento del sistema.<\/p>\n<h2>Tips de ahorro<\/h2>\n<p>Adem\u00e1s del aislamiento t\u00e9rmico, existen <strong>h\u00e1bitos cotidianos<\/strong> que puedes poner en pr\u00e1ctica para colaborar con la disminuci\u00f3n de la demanda energ\u00e9tica, gastar menos dinero y reducir tu aporte a la contaminaci\u00f3n ambiental.<\/p>\n<p>En primer lugar, si cuentas con calefacci\u00f3n instalada en tu hogar, <strong>evita programarla a temperaturas que excedan el promedio de los 18\u00b0 y 19\u00b0<\/strong>, pues por cada grado excesivo tu consumo se incrementa en un 8%. Asimismo, <strong>recuerda apagar el sistema cuando no te encuentres en casa<\/strong>, para asegurarte un ahorro de entre el 10% y el 20%.<\/p>\n<p>En caso de contar con radiadores, <strong>aseg\u00farate de limpiarlos adecuadamente<\/strong> para que no disminuyan su rendimiento, y recuerda sacar provecho de la luz solar abriendo puertas y ventanas en el horario de mayor exposici\u00f3n.<\/p>\n<p>Con estos\u00a0 peque\u00f1os cambios, no solo cuidar\u00e1s tu bolsillo, sino que tambi\u00e9n promover\u00e1s el <a href=\"https:\/\/www.ecoticias.com\/hoyeco\/calefaccion-ahorra-energia-radiador\/13496\/\"><strong>consumo consciente<\/strong><\/a> de las fuentes de energ\u00eda, volvi\u00e9ndote un <strong>ciudadano activo<\/strong> en la lucha por la preservaci\u00f3n del medioambiente.<\/p>\n","protected":false},"excerpt":{"rendered":"<p>En v\u00edspera de fiestas, la preocupaci\u00f3n por los gastos extra de diciembre comienza a aumentar. Y no solo por la &#8230; <\/p>\n<p class=\"read-more-container\"><a title=\"C\u00f3mo sobrevivir al invierno sin consumir energ\u00eda dem\u00e1s: As\u00ed consigues m\u00e1xima comodidad y ahorro\" class=\"read-more button\" href=\"https:\/\/www.ecoticias.com\/hoyeco\/invierno-consumir-energia\/31021\/#more-31021\" aria-label=\"Leer m\u00e1s sobre C\u00f3mo sobrevivir al invierno sin consumir energ\u00eda dem\u00e1s: As\u00ed consigues m\u00e1xima comodidad y ahorro\">Read more<\/a><\/p>\n","protected":false},"author":13,"featured_media":31024,"comment_status":"closed","ping_status":"closed","sticky":false,"template":"","format":"standard","meta":{"footnotes":""},"categories":[5],"tags":[],"class_list":["post-31021","post","type-post","status-publish","format-standard","has-post-thumbnail","hentry","category-energia","resize-featured-image"],"_links":{"self":[{"href":"https:\/\/www.ecoticias.com\/hoyeco\/wp-json\/wp\/v2\/posts\/31021","targetHints":{"allow":["GET"]}}],"collection":[{"href":"https:\/\/www.ecoticias.com\/hoyeco\/wp-json\/wp\/v2\/posts"}],"about":[{"href":"https:\/\/www.ecoticias.com\/hoyeco\/wp-json\/wp\/v2\/types\/post"}],"author":[{"embeddable":true,"href":"https:\/\/www.ecoticias.com\/hoyeco\/wp-json\/wp\/v2\/users\/13"}],"replies":[{"embeddable":true,"href":"https:\/\/www.ecoticias.com\/hoyeco\/wp-json\/wp\/v2\/comments?post=31021"}],"version-history":[{"count":0,"href":"https:\/\/www.ecoticias.com\/hoyeco\/wp-json\/wp\/v2\/posts\/31021\/revisions"}],"wp:featuredmedia":[{"embeddable":true,"href":"https:\/\/www.ecoticias.com\/hoyeco\/wp-json\/wp\/v2\/media\/31024"}],"wp:attachment":[{"href":"https:\/\/www.ecoticias.com\/hoyeco\/wp-json\/wp\/v2\/media?parent=31021"}],"wp:term":[{"taxonomy":"category","embeddable":true,"href":"https:\/\/www.ecoticias.com\/hoyeco\/wp-json\/wp\/v2\/categories?post=31021"},{"taxonomy":"post_tag","embeddable":true,"href":"https:\/\/www.ecoticias.com\/hoyeco\/wp-json\/wp\/v2\/tags?post=31021"}],"curies":[{"name":"wp","href":"https:\/\/api.w.org\/{rel}","templated":true}]}}