{"id":31025,"date":"2025-11-19T15:30:22","date_gmt":"2025-11-19T14:30:22","guid":{"rendered":"https:\/\/www.ecoticias.com\/hoyeco\/?p=31025"},"modified":"2025-11-19T15:30:22","modified_gmt":"2025-11-19T14:30:22","slug":"que-esperar-en-el-invierno","status":"publish","type":"post","link":"https:\/\/www.ecoticias.com\/hoyeco\/que-esperar-en-el-invierno\/31025\/","title":{"rendered":"Qu\u00e9 esperar para el invierno en Espa\u00f1a: Y c\u00f3mo afectar\u00e1 tu bolsillo"},"content":{"rendered":"<p>Llega el fr\u00edo. Es inevitable. Seis de la tarde y ya es noche cerrada. <strong>Llegas a casa con el fr\u00edo pegado al cuerpo y tu primer instinto es encender la calefacci\u00f3n.<\/strong> Pero justo al lado del radiador, ves la factura del invierno pasado y la pregunta de siempre te golpea. <strong>\u00bfCu\u00e1nto nos vendr\u00e1 este a\u00f1o?<\/strong> Es la gran contradicci\u00f3n que inaugura cada temporada de abrigo. El miedo a la factura se convirti\u00f3 en una ansiedad moderna. Despu\u00e9s de un par de inviernos muy duros miramos la caldera o el radiador con cierta desconfianza.<\/p>\n<h2>Europa tiembla de fr\u00edo<\/h2>\n<p>El problema es que <a href=\"https:\/\/www.ecoticias.com\/hoyeco\/la-sombra-del-apagon\/30730\/\">esta sensaci\u00f3n de inseguridad energ\u00e9tica se ha vuelto lo normal<\/a> en toda Europa. Ya aprendimos que no somos una isla. Lo que pasa en Alemania, o la capacidad de las terminales de gas en Pa\u00edses Bajos, afecta directamente a lo que pagamos aqu\u00ed. <strong>Alcanza con que un eslab\u00f3n de la cadena falle para que los precios se disparen para todos.<\/strong><\/p>\n<p>La dependencia sigue siendo el gran fantasma. Europa sigue mirando de reojo las reservas de gas, que este a\u00f1o llegaron al invierno por debajo del objetivo del 90% (se quedaron en 83%). Y hemos cambiado una dependencia (Rusia) por otra (Estados Unidos, de donde ya viene m\u00e1s del 57% del GNL que importamos). <strong>Esta fragilidad estructural es lo que nos sostiene detr\u00e1s en una \u00e9poca donde cada vez hace m\u00e1s fr\u00edo.<\/strong><\/p>\n<h2>Un invierno m\u00e1s intenso de lo normal<\/h2>\n<p>Y por si esa tensi\u00f3n de fondo fuera poca, el tiempo este a\u00f1o no parece que vaya a ayudar. Los meteor\u00f3logos est\u00e1n viendo cosas raras en los modelos matem\u00e1ticos. <strong>Hay suficientes indicios para advertir que Europa podr\u00eda vivir un invierno bastante m\u00e1s intenso de lo que estamos acostumbrados.<\/strong> No hablamos del fr\u00edo habitual del norte, sino de algo m\u00e1s extremo.La teor\u00eda se basa en varios factores.<\/p>\n<p>Por un lado, la Oscilaci\u00f3n del Atl\u00e1ntico Norte est\u00e1 m\u00e1s variable, lo que puede empujar las corrientes fr\u00edas m\u00e1s al sur. Por otro, la Oscilaci\u00f3n \u00c1rtica muestra signos de que el \u00abv\u00f3rtice polar\u00bb est\u00e1 d\u00e9bil. En lenguaje de todos los d\u00edas podemos decir que<strong> el aire helado del \u00c1rtico tiene m\u00e1s posibilidades para \u00abescaparse\u00bb y caer sobre latitudes medias.<\/strong> Los an\u00e1lisis ponen a los Balcanes, Francia y, s\u00ed, el interior de la Pen\u00ednsula Ib\u00e9rica, en la zona de riesgo de olas de fr\u00edo potentes. Incluso se habla de nevadas en el norte de \u00c1frica.<strong> \u00bfEstamos preparados para tanto fr\u00edo?<\/strong><\/p>\n<h2>El precio del fr\u00edo<\/h2>\n<p>Si pensamos en el invierno pasado, la l\u00f3gica nos dice que deber\u00edamos esperar una factura desastrosa. Pero aqu\u00ed es donde aparece lo m\u00e1s impactante. <strong>Todo apunta a que ser\u00e1 m\u00e1s ben\u00e9volo para el bolsillo.<\/strong> Al menos as\u00ed ser\u00e1 en Espa\u00f1a. Los analistas tienen claro que el gas est\u00e1 mucho m\u00e1s barato que el invierno pasado. Hablamos de que ronda los 30 euros\/MWh mientras que antes est\u00e1bamos en 50 o 55 euros.<\/p>\n<p>Esta ca\u00edda del gas es calve porque marca el precio de la luz en los meses m\u00e1s fr\u00edos. Pero no es la \u00fanica buena noticia. Este a\u00f1o se instal\u00f3 un <a href=\"https:\/\/www.ecoticias.com\/hoyeco\/espana-sexto-energia-solar-china\/20704\/\">r\u00e9cord hist\u00f3rico de potencia solar en Espa\u00f1a.<\/a> Hablamos de m\u00e1s de 9 gigavatios. Y para finalizar, los modelos predicen un invierno con m\u00e1s radiaci\u00f3n y menos nubes que el anterior. El resultado: <strong>m\u00e1s renovables empujando los precios para abajo y boletas de gas m\u00e1s suaves para nuestro bolsillo.\u00a0<\/strong><\/p>\n<p>Hay que disfrutar el momento porque tiene fecha de caducidad.<strong> Esta bajada de precios es una situaci\u00f3n temporal.<\/strong> Hay dos ajustes que ya est\u00e1n en el horizonte y que nos van a golpear en los pr\u00f3ximos a\u00f1os. Este invierno los radiadores se van a encender con menos miedo. Pero esta calma temporal no cambia una realidad vigente.<strong> El sistema energ\u00e9tico espa\u00f1ol sigue atrapado.\u00a0<\/strong><\/p>\n","protected":false},"excerpt":{"rendered":"<p>Llega el fr\u00edo. Es inevitable. Seis de la tarde y ya es noche cerrada. Llegas a casa con el fr\u00edo &#8230; <\/p>\n<p class=\"read-more-container\"><a title=\"Qu\u00e9 esperar para el invierno en Espa\u00f1a: Y c\u00f3mo afectar\u00e1 tu bolsillo\" class=\"read-more button\" href=\"https:\/\/www.ecoticias.com\/hoyeco\/que-esperar-en-el-invierno\/31025\/#more-31025\" aria-label=\"Leer m\u00e1s sobre Qu\u00e9 esperar para el invierno en Espa\u00f1a: Y c\u00f3mo afectar\u00e1 tu bolsillo\">Read more<\/a><\/p>\n","protected":false},"author":12,"featured_media":31026,"comment_status":"closed","ping_status":"closed","sticky":false,"template":"","format":"standard","meta":{"footnotes":""},"categories":[5],"tags":[],"class_list":["post-31025","post","type-post","status-publish","format-standard","has-post-thumbnail","hentry","category-energia","resize-featured-image"],"_links":{"self":[{"href":"https:\/\/www.ecoticias.com\/hoyeco\/wp-json\/wp\/v2\/posts\/31025","targetHints":{"allow":["GET"]}}],"collection":[{"href":"https:\/\/www.ecoticias.com\/hoyeco\/wp-json\/wp\/v2\/posts"}],"about":[{"href":"https:\/\/www.ecoticias.com\/hoyeco\/wp-json\/wp\/v2\/types\/post"}],"author":[{"embeddable":true,"href":"https:\/\/www.ecoticias.com\/hoyeco\/wp-json\/wp\/v2\/users\/12"}],"replies":[{"embeddable":true,"href":"https:\/\/www.ecoticias.com\/hoyeco\/wp-json\/wp\/v2\/comments?post=31025"}],"version-history":[{"count":0,"href":"https:\/\/www.ecoticias.com\/hoyeco\/wp-json\/wp\/v2\/posts\/31025\/revisions"}],"wp:featuredmedia":[{"embeddable":true,"href":"https:\/\/www.ecoticias.com\/hoyeco\/wp-json\/wp\/v2\/media\/31026"}],"wp:attachment":[{"href":"https:\/\/www.ecoticias.com\/hoyeco\/wp-json\/wp\/v2\/media?parent=31025"}],"wp:term":[{"taxonomy":"category","embeddable":true,"href":"https:\/\/www.ecoticias.com\/hoyeco\/wp-json\/wp\/v2\/categories?post=31025"},{"taxonomy":"post_tag","embeddable":true,"href":"https:\/\/www.ecoticias.com\/hoyeco\/wp-json\/wp\/v2\/tags?post=31025"}],"curies":[{"name":"wp","href":"https:\/\/api.w.org\/{rel}","templated":true}]}}