{"id":31733,"date":"2025-12-19T14:50:00","date_gmt":"2025-12-19T13:50:00","guid":{"rendered":"https:\/\/www.ecoticias.com\/hoyeco\/?p=31733"},"modified":"2026-01-23T14:00:40","modified_gmt":"2026-01-23T13:00:40","slug":"ue-endurece-aranceles-electricos-chinos-descubre-truco-esta-disparando-ventas","status":"publish","type":"post","link":"https:\/\/www.ecoticias.com\/hoyeco\/ue-endurece-aranceles-electricos-chinos-descubre-truco-esta-disparando-ventas\/31733\/","title":{"rendered":"La UE endurece los aranceles a los el\u00e9ctricos chinos y descubre el truco que est\u00e1 disparando las ventas"},"content":{"rendered":"\n<p>Las medidas de la Uni\u00f3n Europea para encarecer la entrada de&nbsp;<a href=\"https:\/\/www.ecoticias.com\/movilidad-electrica\/coches-chinos-electricos-hibridos-enchufables-inundan-mercado-europeo-a-examen\">coches el\u00e9ctricos fabricados en China<\/a>&nbsp;han tenido un efecto secundario dif\u00edcil de ignorar. En lugar de cortar el flujo, han empujado a parte de los&nbsp;<a href=\"https:\/\/www.ecoticias.com\/movilidad-electrica\/china-aranceles-coches-electricos-europa\">fabricantes chinos<\/a>&nbsp;a cambiar de producto y a acelerar la llegada de h\u00edbridos y modelos de combusti\u00f3n, que afrontan un peaje aduanero muy inferior. El resultado es una presi\u00f3n competitiva que se mantiene en los concesionarios europeos, pero con un impacto clim\u00e1tico potencialmente peor que el que Bruselas pretend\u00eda evitar.<\/p>\n\n\n\n<h2 class=\"wp-block-heading\">Un arancel quir\u00fargico con una fuga evidente<\/h2>\n\n\n\n<p>La Comisi\u00f3n Europea&nbsp;<a href=\"https:\/\/trade.ec.europa.eu\/access-to-markets\/en\/news\/eu-commission-imposes-countervailing-duties-imports-battery-electric-vehicles-bevs-china\" target=\"_blank\" rel=\"noopener\">aprob\u00f3 derechos compensatorios<\/a>&nbsp;sobre las importaciones de veh\u00edculos el\u00e9ctricos de bater\u00eda procedentes de China (en vigor desde el 30 de octubre de 2024), con recargos que pueden llegar al 35,3% seg\u00fan el fabricante, adem\u00e1s del arancel general del 10% aplicable a turismos.<\/p>\n\n\n\n<p>El dise\u00f1o de la medida es su principal tal\u00f3n de Aquiles. Al dirigirse de forma espec\u00edfica a una tecnolog\u00eda, deja fuera a otras motorizaciones que hoy encajan mejor en el apetito del mercado europeo (precio contenido, autonom\u00eda sin dependencia total de recarga y entrega r\u00e1pida). En esa grieta han entrado los h\u00edbridos autorrecargables, los h\u00edbridos enchufables y, en determinados segmentos, los modelos de gasolina. En palabras atribuidas al analista Philippe Houchois, el enfoque era \u201cdesafortunado\u201d por apuntar a una tecnolog\u00eda concreta.<\/p>\n\n\n\n<h2 class=\"wp-block-heading\">Por qu\u00e9 fall\u00f3 la previsi\u00f3n de que los aranceles frenar\u00edan la ola<\/h2>\n\n\n\n<p>Antes de la decisi\u00f3n europea, varios an\u00e1lisis esperaban un retroceso notable de las importaciones de el\u00e9ctricos chinos. El Instituto Kiel, por ejemplo, estim\u00f3 que un arancel adicional del 20% reducir\u00eda las importaciones en torno al 25% (unos 125.000 coches) en el corto plazo.&nbsp;<\/p>\n\n\n\n<p>El error no est\u00e1 tanto en la elasticidad del precio como en la sustituci\u00f3n del producto. Si se grava con fuerza el el\u00e9ctrico de bater\u00eda, pero se deja un pasillo comparativamente barato para el h\u00edbrido, la industria adapta el cat\u00e1logo. Y la adaptaci\u00f3n es r\u00e1pida porque la propuesta de valor se mantiene (equipamiento alto, m\u00e1rgenes para ajustar precio y ciclos de lanzamiento \u00e1giles).<\/p>\n\n\n\n<p>A esto se suma que el despliegue de recarga en parte de Europa sigue siendo un cuello de botella, lo que convierte al h\u00edbrido en una opci\u00f3n de transici\u00f3n atractiva para un comprador que quiere electrificaci\u00f3n sin \u201cansiedad de enchufe\u201d.<\/p>\n\n\n\n<h2 class=\"wp-block-heading\">El contexto europeo juega a favor del giro chino<\/h2>\n\n\n\n<p>La presi\u00f3n llega en un momento delicado para los grandes fabricantes europeos, inmersos en recortes y revisiones de estrategia. Volkswagen, por ejemplo, contin\u00faa con su plan de ajuste en Alemania y ha explicitado que busca rebajar costes de forma intensa. En paralelo, la compa\u00f1\u00eda ha detenido la producci\u00f3n en su planta de Dresde, un hito simb\u00f3lico en plena reestructuraci\u00f3n.&nbsp;<\/p>\n\n\n\n<p>Tambi\u00e9n Bruselas est\u00e1 dando se\u00f1ales de repliegue regulatorio. La Comisi\u00f3n ha propuesto suavizar el objetivo de 2035 que, tal como estaba formulado, conduc\u00eda a ventas de turismos nuevos sin emisiones. El cambio abre m\u00e1s margen a soluciones de transici\u00f3n y compensaciones en cadena de valor, un giro que alimenta la incertidumbre industrial.<\/p>\n\n\n\n<p>El episodio deja una paradoja de manual. Si el hueco lo ocupan m\u00e1s h\u00edbridos y m\u00e1s combusti\u00f3n, la pol\u00edtica comercial puede terminar desplazando el mix hacia tecnolog\u00edas con emisiones directas, justo cuando el objetivo era proteger industria y, al mismo tiempo, no descarrilar la descarbonizaci\u00f3n.<\/p>\n\n\n\n<p>A la vez, China sigue empujando su producci\u00f3n y exportaci\u00f3n de \u201cveh\u00edculos de nueva energ\u00eda\u201d (categor\u00eda que incluye el\u00e9ctricos y enchufables). Entre enero y noviembre, las exportaciones de NEV alcanzaron 2,315 millones, el doble que en el mismo periodo del a\u00f1o anterior, seg\u00fan datos citados por la asociaci\u00f3n de fabricantes.&nbsp;<\/p>\n\n\n\n<p>Y marcas como BYD mantienen planes de \u201clocalizaci\u00f3n\u201d comercial e industrial en Europa, con expansi\u00f3n de red y proyectos fabriles, aunque la mayor parte de las ventas a\u00fan depende de la importaci\u00f3n.<\/p>\n","protected":false},"excerpt":{"rendered":"<p>Las medidas de la Uni\u00f3n Europea para encarecer la entrada de&nbsp;coches el\u00e9ctricos fabricados en China&nbsp;han tenido un efecto secundario dif\u00edcil &#8230; <\/p>\n<p class=\"read-more-container\"><a title=\"La UE endurece los aranceles a los el\u00e9ctricos chinos y descubre el truco que est\u00e1 disparando las ventas\" class=\"read-more button\" href=\"https:\/\/www.ecoticias.com\/hoyeco\/ue-endurece-aranceles-electricos-chinos-descubre-truco-esta-disparando-ventas\/31733\/#more-31733\" aria-label=\"Leer m\u00e1s sobre La UE endurece los aranceles a los el\u00e9ctricos chinos y descubre el truco que est\u00e1 disparando las ventas\">Read more<\/a><\/p>\n","protected":false},"author":18,"featured_media":31734,"comment_status":"open","ping_status":"closed","sticky":false,"template":"","format":"standard","meta":{"footnotes":""},"categories":[6],"tags":[24,25],"class_list":["post-31733","post","type-post","status-publish","format-standard","has-post-thumbnail","hentry","category-movilidad","tag-coche-electrico","tag-coches","resize-featured-image"],"_links":{"self":[{"href":"https:\/\/www.ecoticias.com\/hoyeco\/wp-json\/wp\/v2\/posts\/31733","targetHints":{"allow":["GET"]}}],"collection":[{"href":"https:\/\/www.ecoticias.com\/hoyeco\/wp-json\/wp\/v2\/posts"}],"about":[{"href":"https:\/\/www.ecoticias.com\/hoyeco\/wp-json\/wp\/v2\/types\/post"}],"author":[{"embeddable":true,"href":"https:\/\/www.ecoticias.com\/hoyeco\/wp-json\/wp\/v2\/users\/18"}],"replies":[{"embeddable":true,"href":"https:\/\/www.ecoticias.com\/hoyeco\/wp-json\/wp\/v2\/comments?post=31733"}],"version-history":[{"count":1,"href":"https:\/\/www.ecoticias.com\/hoyeco\/wp-json\/wp\/v2\/posts\/31733\/revisions"}],"predecessor-version":[{"id":32836,"href":"https:\/\/www.ecoticias.com\/hoyeco\/wp-json\/wp\/v2\/posts\/31733\/revisions\/32836"}],"wp:featuredmedia":[{"embeddable":true,"href":"https:\/\/www.ecoticias.com\/hoyeco\/wp-json\/wp\/v2\/media\/31734"}],"wp:attachment":[{"href":"https:\/\/www.ecoticias.com\/hoyeco\/wp-json\/wp\/v2\/media?parent=31733"}],"wp:term":[{"taxonomy":"category","embeddable":true,"href":"https:\/\/www.ecoticias.com\/hoyeco\/wp-json\/wp\/v2\/categories?post=31733"},{"taxonomy":"post_tag","embeddable":true,"href":"https:\/\/www.ecoticias.com\/hoyeco\/wp-json\/wp\/v2\/tags?post=31733"}],"curies":[{"name":"wp","href":"https:\/\/api.w.org\/{rel}","templated":true}]}}