{"id":31888,"date":"2025-12-25T07:09:49","date_gmt":"2025-12-25T06:09:49","guid":{"rendered":"https:\/\/www.ecoticias.com\/hoyeco\/?p=31888"},"modified":"2025-12-25T07:09:49","modified_gmt":"2025-12-25T06:09:49","slug":"despues-9700-millas-propietario-camry-hybrid-xse-2025-simple-cambio-parrilla-negra-brillante-220-modificacion-auto-deberia-tenido-fabrica","status":"publish","type":"post","link":"https:\/\/www.ecoticias.com\/hoyeco\/despues-9700-millas-propietario-camry-hybrid-xse-2025-simple-cambio-parrilla-negra-brillante-220-modificacion-auto-deberia-tenido-fabrica\/31888\/","title":{"rendered":"Despu\u00e9s de 9,700 millas, el propietario de un Camry Hybrid XSE 2025 dice que un simple cambio de parrilla negra brillante de $220 fue la modificaci\u00f3n que el auto \u201cdeber\u00eda haber tenido de f\u00e1brica\u201d"},"content":{"rendered":"\n<p>El <strong>Toyota Camry H\u00edbrido<\/strong> lleva d\u00e9cadas representando una idea muy concreta del autom\u00f3vil (fiabilidad, confort, costes previsibles). Por eso resulta significativo que, en su versi\u00f3n XSE 2025, la conversaci\u00f3n ya no gire solo en torno a consumos o mantenimiento, sino a detalles est\u00e9ticos que antes se consideraban secundarios. No es un giro radical, pero s\u00ed un s\u00edntoma.<\/p>\n\n\n\n<p>Un propietario (Joe Bruns) lo resumi\u00f3 de forma directa tras <strong>9.700 millas con su Camry H\u00edbrido XSE en color Ocean Gem<\/strong>. El coche le parec\u00eda \u201c<strong>genial<\/strong>\u201d, pero la parrilla del mismo color no encajaba con su imagen mental del modelo. Lo que hizo despu\u00e9s tambi\u00e9n es revelador por lo poco dram\u00e1tico del gesto. Encarg\u00f3 un inserto de parrilla en negro brillante (entre 160 y 220 d\u00f3lares) y lo instal\u00f3 con paciencia, tornillos superiores, clips y un mazo de cables que hab\u00eda que transferir. Nada m\u00e1s. Nada menos.<\/p>\n\n\n\n<h2 class=\"wp-block-heading\">La est\u00e9tica como nueva forma de propiedad responsable<\/h2>\n\n\n\n<p>El inter\u00e9s de la historia no est\u00e1 en el negro brillante, sino en la l\u00f3gica que lo sostiene. En un mercado donde la <a href=\"https:\/\/www.ecoticias.com\/movilidad-electrica\/problemas-coches-hibridos\">electrificaci\u00f3n avanza a trompicones<\/a> y la palabra \u201c<strong>eficiencia<\/strong>\u201d se ha convertido en argumento de venta, muchos compradores buscan un veh\u00edculo que no pida excusas. Un <a href=\"https:\/\/www.ecoticias.com\/movilidad-electrica\/hibridos-enchufables-modelos-autonomia\">h\u00edbrido<\/a> como el Camry cumple esa promesa sin exigir una infraestructura perfecta ni h\u00e1bitos nuevos. Y cuando lo esencial queda resuelto, aparece el margen para lo accesorio.<\/p>\n\n\n\n<p>La personalizaci\u00f3n, en este caso, no pretende convertir un sed\u00e1n en un deportivo. Funciona como una microdecisi\u00f3n de identidad. Un recordatorio de que el coche pr\u00e1ctico tambi\u00e9n puede aspirar a tener presencia. No se trata de postureo, sino de apropiaci\u00f3n. El conductor deja de \u201cllevar un Camry\u201d y pasa a \u201c<strong>llevar su Camry<\/strong>\u201d.<\/p>\n\n\n\n<h2 class=\"wp-block-heading\">Lo que Toyota dice por escrito y lo que el consumidor teme en silencio<\/h2>\n\n\n\n<p>En paralelo a la est\u00e9tica, emerge la pregunta inevitable. La garant\u00eda. Toyota deja claro en su documentaci\u00f3n oficial que el <strong>mantenimiento adecuado es condici\u00f3n para conservar la cobertura<\/strong>, y detalla responsabilidades del propietario y t\u00e9rminos generales de garant\u00eda en la gu\u00eda de garant\u00eda y mantenimiento del Camry 2025. Tambi\u00e9n centraliza manuales y garant\u00edas en su portal de propietarios.<\/p>\n\n\n\n<p>El temor real, sin embargo, no suele ser el mantenimiento. Es la interpretaci\u00f3n. La duda de si un concesionario puede usar cualquier modificaci\u00f3n como pretexto para rechazar una reparaci\u00f3n.<\/p>\n\n\n\n<p>Aqu\u00ed conviene separar intuici\u00f3n de marco legal. En Estados Unidos, la Ley Magnuson Moss limita las cl\u00e1usulas abusivas y, en la pr\u00e1ctica, impide anular una garant\u00eda de forma autom\u00e1tica solo por instalar una pieza de terceros si no existe relaci\u00f3n causal con el fallo (el fabricante debe poder sostener esa relaci\u00f3n). La propia Comisi\u00f3n Federal de Comercio explica los fundamentos de esta norma en su gu\u00eda sobre garant\u00eda federal.<\/p>\n\n\n\n<p>Eso no significa que todo valga. Significa que el debate se vuelve t\u00e9cnico. Si una modificaci\u00f3n altera el flujo de aire y causa sobrecalentamiento, el v\u00ednculo es defendible. Si el cambio es est\u00e9tico y no toca el sistema afectado, el argumento pierde fuerza.<\/p>\n\n\n\n<h2 class=\"wp-block-heading\">Una plataforma madura admite detalles sin perder su sentido<\/h2>\n\n\n\n<p>El Camry H\u00edbrido no est\u00e1 cambiando de misi\u00f3n. Est\u00e1 cambiando de estatus cultural. Que una comunidad discuta parrillas del color de la carrocer\u00eda frente a negro brillante con la misma seriedad con la que antes comparaba consumos indica una cosa. La fiabilidad ya no es el final del relato, sino el punto de partida.<\/p>\n\n\n\n<p>Y eso tambi\u00e9n tiene lectura verde. La transici\u00f3n hacia formas de movilidad menos intensivas en combustible n<strong>o depende solo de tecnolog\u00eda, sino de deseo<\/strong>. Un coche eficiente que adem\u00e1s permite cierto grado de gusto personal se vende mejor, se conserva m\u00e1s tiempo y refuerza la idea de uso prolongado frente a reemplazo prematuro. En el fondo, la parrilla no es el tema. El tema es qu\u00e9 le pedimos hoy a un veh\u00edculo sensato.<\/p>\n","protected":false},"excerpt":{"rendered":"<p>El Toyota Camry H\u00edbrido lleva d\u00e9cadas representando una idea muy concreta del autom\u00f3vil (fiabilidad, confort, costes previsibles). Por eso resulta &#8230; <\/p>\n<p class=\"read-more-container\"><a title=\"Despu\u00e9s de 9,700 millas, el propietario de un Camry Hybrid XSE 2025 dice que un simple cambio de parrilla negra brillante de $220 fue la modificaci\u00f3n que el auto \u201cdeber\u00eda haber tenido de f\u00e1brica\u201d\" class=\"read-more button\" href=\"https:\/\/www.ecoticias.com\/hoyeco\/despues-9700-millas-propietario-camry-hybrid-xse-2025-simple-cambio-parrilla-negra-brillante-220-modificacion-auto-deberia-tenido-fabrica\/31888\/#more-31888\" aria-label=\"Leer m\u00e1s sobre Despu\u00e9s de 9,700 millas, el propietario de un Camry Hybrid XSE 2025 dice que un simple cambio de parrilla negra brillante de $220 fue la modificaci\u00f3n que el auto \u201cdeber\u00eda haber tenido de f\u00e1brica\u201d\">Read more<\/a><\/p>\n","protected":false},"author":18,"featured_media":31889,"comment_status":"open","ping_status":"closed","sticky":false,"template":"","format":"standard","meta":{"footnotes":""},"categories":[6],"tags":[25],"class_list":["post-31888","post","type-post","status-publish","format-standard","has-post-thumbnail","hentry","category-movilidad","tag-coches","resize-featured-image"],"_links":{"self":[{"href":"https:\/\/www.ecoticias.com\/hoyeco\/wp-json\/wp\/v2\/posts\/31888","targetHints":{"allow":["GET"]}}],"collection":[{"href":"https:\/\/www.ecoticias.com\/hoyeco\/wp-json\/wp\/v2\/posts"}],"about":[{"href":"https:\/\/www.ecoticias.com\/hoyeco\/wp-json\/wp\/v2\/types\/post"}],"author":[{"embeddable":true,"href":"https:\/\/www.ecoticias.com\/hoyeco\/wp-json\/wp\/v2\/users\/18"}],"replies":[{"embeddable":true,"href":"https:\/\/www.ecoticias.com\/hoyeco\/wp-json\/wp\/v2\/comments?post=31888"}],"version-history":[{"count":1,"href":"https:\/\/www.ecoticias.com\/hoyeco\/wp-json\/wp\/v2\/posts\/31888\/revisions"}],"predecessor-version":[{"id":31890,"href":"https:\/\/www.ecoticias.com\/hoyeco\/wp-json\/wp\/v2\/posts\/31888\/revisions\/31890"}],"wp:featuredmedia":[{"embeddable":true,"href":"https:\/\/www.ecoticias.com\/hoyeco\/wp-json\/wp\/v2\/media\/31889"}],"wp:attachment":[{"href":"https:\/\/www.ecoticias.com\/hoyeco\/wp-json\/wp\/v2\/media?parent=31888"}],"wp:term":[{"taxonomy":"category","embeddable":true,"href":"https:\/\/www.ecoticias.com\/hoyeco\/wp-json\/wp\/v2\/categories?post=31888"},{"taxonomy":"post_tag","embeddable":true,"href":"https:\/\/www.ecoticias.com\/hoyeco\/wp-json\/wp\/v2\/tags?post=31888"}],"curies":[{"name":"wp","href":"https:\/\/api.w.org\/{rel}","templated":true}]}}