{"id":32008,"date":"2025-12-28T08:03:00","date_gmt":"2025-12-28T07:03:00","guid":{"rendered":"https:\/\/www.ecoticias.com\/hoyeco\/?p=32008"},"modified":"2026-01-02T17:49:54","modified_gmt":"2026-01-02T16:49:54","slug":"los-cientificos-no-dan-credito-al-descubrir-que-espana-y-portugal-giran","status":"publish","type":"post","link":"https:\/\/www.ecoticias.com\/hoyeco\/los-cientificos-no-dan-credito-al-descubrir-que-espana-y-portugal-giran\/32008\/","title":{"rendered":"Los cient\u00edficos no dan cr\u00e9dito al descubrir que Espa\u00f1a y Portugal giran"},"content":{"rendered":"\n<p>No lo notamos al cruzar la calle ni al mirar el horizonte, pero la Pen\u00ednsula Ib\u00e9rica se est\u00e1 moviendo y girando. Muy despacio, eso s\u00ed. Un <a href=\"https:\/\/www.eurekalert.org\/news-releases\/1109341\" target=\"_blank\" rel=\"noreferrer noopener nofollow\">nuevo estudio cient\u00edfico<\/a> muestra que Espa\u00f1a y Portugal rotan en sentido horario por la presi\u00f3n constante entre las placas de Eurasia y \u00c1frica, que se acercan unos pocos mil\u00edmetros al a\u00f1o.<\/p>\n\n\n\n<p>Como resume el ge\u00f3logo Asier Madarieta, de la <a href=\"https:\/\/www.ehu.eus\/es\/web\/campusa\/-\/nuevos-datos-geodinamicos-revelan-que-la-peninsula-iberica-gira-en-la-direccion-de-las-agujas-del-reloj&quot;\" target=\"_blank\" rel=\"noreferrer noopener nofollow\">Universidad del Pa\u00eds Vasco<\/a>, esas placas \u00abse acercan unos pocos mil\u00edmetros al a\u00f1o\u00bb y esa convergencia genera una tensi\u00f3n persistente en el l\u00edmite entre ambas. A escala humana parece irrelevante. A escala geol\u00f3gica es lo que esculpe monta\u00f1as, abre cuencas y condiciona d\u00f3nde se concentran los terremotos.<\/p>\n\n\n\n<p>El trabajo, publicado en la revista Gondwana Research y de acceso abierto, combina algo que hasta ahora casi nunca se hab\u00eda integrado con tanto detalle. Por un lado, unos 1.400 mecanismos focales de terremotos que revelan c\u00f3mo se rompen las fallas en cada se\u00edsmo. Por otro, m\u00e1s de seiscientas estaciones de <a href=\"https:\/\/www.ecoticias.com\/hoyeco\/nasa-secretos-profundidad-mar\/19065\/&quot;&gt;sat\u00e9lites GNSS\">sat\u00e9lites GNSS<\/a> que miden con precisi\u00f3n milim\u00e9trica c\u00f3mo se deforma la <a href=\"https:\/\/www.ecoticias.com\/hoyeco\/tierra-partiendo-dos-placas\/18850\/\">corteza terrestre<\/a> desde finales de los a\u00f1os noventa.<\/p>\n\n\n\n<h2 class=\"wp-block-heading\">\u00bfQu\u00e9 han descubierto exactamente?<\/h2>\n\n\n\n<p>El equipo ha calculado el campo de esfuerzos y el campo de deformaci\u00f3n de toda la regi\u00f3n entre Azores, el <a href=\"https:\/\/www.ecoticias.com\/hoyeco\/asi-podria-nacer-un-nuevo-cinturon-sismico-global-y-empezaria-justo-en-el-estrecho-de-gibraltar\/31492\/\">Estrecho de Gibraltar<\/a>, el mar de Albor\u00e1n, el Atlas y el Mediterr\u00e1neo occidental. Despu\u00e9s ha dividido ese l\u00edmite difuso entre \u00c1frica y Eurasia en cuatro grandes sectores Atl\u00e1ntico, Gibraltar, Albor\u00e1n y Argelino Balear, cada uno con un comportamiento propio.<\/p>\n\n\n\n<p>En el sector atl\u00e1ntico la deformaci\u00f3n se concentra mar adentro, al sur y suroeste de Portugal, donde la corteza oce\u00e1nica africana y la margen suroccidental ib\u00e9rica se empujan y deslizan de forma oblicua. En la pr\u00e1ctica esto significa un entorno compresivo con componentes laterales, coherente con la sismicidad hist\u00f3rica de la zona, incluido el gran terremoto de Lisboa de 1755.<\/p>\n\n\n\n<p>En el sector de Gibraltar la cosa se complica. El estudio confirma que el Arco de Gibraltar, que agrupa las cordilleras B\u00e9tica y del Rif, funciona como un bloque que se desplaza hacia el oeste respecto a Iberia y \u00c1frica. La mayor parte de la deformaci\u00f3n se acumula en los bordes, sobre todo en el Rif y en el mar de Albor\u00e1n, donde los datos muestran acortamientos y cizallas muy superiores a los del interior peninsular.<\/p>\n\n\n\n<p>M\u00e1s al este, en el mar de Albor\u00e1n y la cuenca Argelo Balear, la corteza adelgazada y la corteza oce\u00e1nica joven absorben buena parte de la convergencia. Es una especie de zona tamp\u00f3n que amortigua parte del empuje directo sobre el sureste peninsular, aunque a cambio concentra esfuerzos que se manifiestan en fallas activas y sismicidad moderada.<\/p>\n\n\n\n<h2 class=\"wp-block-heading\">Una rotaci\u00f3n a c\u00e1mara ultralenta<\/h2>\n\n\n\n<p>La novedad m\u00e1s llamativa para quien vive en Espa\u00f1a o Portugal llega cuando los autores miran el conjunto de velocidades y calculan la rotaci\u00f3n de Iberia. Sus resultados indican una rotaci\u00f3n en sentido horario de entre 2 y 4 nanorradianes al a\u00f1o, lo que equivale aproximadamente a 0,1 o 0,2 grados por mill\u00f3n de a\u00f1os.<\/p>\n\n\n\n<p>Dicho en lenguaje cotidiano, si la pen\u00ednsula fuese la aguja de un reloj tardar\u00eda varios millones de a\u00f1os en moverse lo que nuestros ojos distinguir\u00edan como un peque\u00f1o giro. Nada que vaya a cambiar un mapa escolar en nuestra vida, pero s\u00ed suficiente para entender c\u00f3mo se reparten las tensiones en el borde entre placas.<\/p>\n\n\n\n<p>Esa rotaci\u00f3n no es homog\u00e9nea. Afecta sobre todo al suroeste de Iberia, con las mayores velocidades en el Algarve, el Alentejo y el oeste de Andaluc\u00eda, y se va apagando hacia el interior y el norte. El propio equipo se\u00f1ala que el patr\u00f3n de convergencia cambia del Atl\u00e1ntico al Mediterr\u00e1neo y que \u00abel empuje africano a escala litosf\u00e9rica puede implicar no solo la deformaci\u00f3n del margen sino tambi\u00e9n la rotaci\u00f3n del suroeste de Iberia\u00bb.<\/p>\n\n\n\n<p>Adem\u00e1s, la marcha hacia el oeste del Arco de Gibraltar empuja como una cu\u00f1a contra el suroeste peninsular. Esa combinaci\u00f3n de empuje atl\u00e1ntico, microplacas en el Mediterr\u00e1neo y arco que avanza ayuda a explicar por qu\u00e9 esa esquina de la pen\u00ednsula es la que m\u00e1s se gira.<\/p>\n\n\n\n<h2 class=\"wp-block-heading\">Terremotos, Lisboa y por qu\u00e9 importa este mapa<\/h2>\n\n\n\n<p>Lo que m\u00e1s preocupa a corto plazo no es el giro en s\u00ed, sino d\u00f3nde se concentra la deformaci\u00f3n. El estudio muestra que los mayores valores de acortamiento y cizalla se localizan en tres zonas el Arco de Gibraltar y el mar de Albor\u00e1n, la cordillera del Tell en el norte de Argelia y el entorno de Lisboa.<\/p>\n\n\n\n<p>En la zona de Lisboa, los autores encuentran tasas de deformaci\u00f3n relativamente altas y esfuerzos compatibles con un entorno transpresivo, es decir, con compresi\u00f3n y deslizamiento lateral. Recuerdan que una parte importante de la energ\u00eda se est\u00e1 acomodando all\u00ed y citan incluso un terremoto reciente de magnitud 5,3 en agosto de 2024 en el margen occidental ib\u00e9rico.<\/p>\n\n\n\n<p>Mientras tanto, grandes \u00e1reas del interior peninsular, como las cuencas del Duero, Tajo o Ebro, muestran tasas de deformaci\u00f3n muy bajas. Eso no significa riesgo cero, pero s\u00ed que las fallas conocidas se mueven de forma tan lenta que es dif\u00edcil detectarlo incluso con d\u00e9cadas de mediciones.<\/p>\n\n\n\n<h2 class=\"wp-block-heading\">\u00bfQu\u00e9 significa para quienes viven en la Pen\u00ednsula Ib\u00e9rica?<\/h2>\n\n\n\n<p>Para la ciudadan\u00eda la conclusi\u00f3n no es motivo de alarma, pero s\u00ed de atenci\u00f3n. Saber que Espa\u00f1a y Portugal giran mil\u00edmetro a mil\u00edmetro y que la mayor parte del esfuerzo se concentra en ciertos sectores ayuda a planificar mejor. Permite priorizar estudios detallados de fallas marinas en el Golfo de C\u00e1diz, en el mar de Albor\u00e1n o frente a Lisboa, mejorar normativas s\u00edsmicas en zonas concretas y entender por qu\u00e9 algunas regiones son m\u00e1s sensibles que otras.<\/p>\n\n\n\n<p>En el fondo <a href=\"https:\/\/hdl.handle.net\/10481\/108649\" target=\"_blank\" rel=\"noreferrer noopener nofollow\">este trabajo<\/a> convierte la pen\u00ednsula y su entorno en un laboratorio natural donde se ve c\u00f3mo interact\u00faan placas, microplacas y arcos orog\u00e9nicos. Un recordatorio de que el paisaje que hoy damos por fijo es el resultado de movimientos lentos, continuos y silenciosos. Movimientos que no vemos al pasear por la playa de C\u00e1diz o por el paseo mar\u00edtimo de Cascais, pero que, a\u00f1o tras a\u00f1o, siguen escribiendo la historia geol\u00f3gica de la Pen\u00ednsula Ib\u00e9rica.<\/p>\n\n\n\n<p>El estudio cient\u00edfico ha sido publicado en <a href=\"https:\/\/doi.org\/10.1016\/j.gr.2025.08.020\" target=\"_blank\" rel=\"noreferrer noopener nofollow\">Gondwana Research<\/a>.<\/p>\n","protected":false},"excerpt":{"rendered":"<p>No lo notamos al cruzar la calle ni al mirar el horizonte, pero la Pen\u00ednsula Ib\u00e9rica se est\u00e1 moviendo y &#8230; <\/p>\n<p class=\"read-more-container\"><a title=\"Los cient\u00edficos no dan cr\u00e9dito al descubrir que Espa\u00f1a y Portugal giran\" class=\"read-more button\" href=\"https:\/\/www.ecoticias.com\/hoyeco\/los-cientificos-no-dan-credito-al-descubrir-que-espana-y-portugal-giran\/32008\/#more-32008\" aria-label=\"Leer m\u00e1s sobre Los cient\u00edficos no dan cr\u00e9dito al descubrir que Espa\u00f1a y Portugal giran\">Read more<\/a><\/p>\n","protected":false},"author":18,"featured_media":32009,"comment_status":"open","ping_status":"closed","sticky":false,"template":"","format":"standard","meta":{"footnotes":""},"categories":[68],"tags":[],"class_list":["post-32008","post","type-post","status-publish","format-standard","has-post-thumbnail","hentry","category-ciencia","resize-featured-image"],"_links":{"self":[{"href":"https:\/\/www.ecoticias.com\/hoyeco\/wp-json\/wp\/v2\/posts\/32008","targetHints":{"allow":["GET"]}}],"collection":[{"href":"https:\/\/www.ecoticias.com\/hoyeco\/wp-json\/wp\/v2\/posts"}],"about":[{"href":"https:\/\/www.ecoticias.com\/hoyeco\/wp-json\/wp\/v2\/types\/post"}],"author":[{"embeddable":true,"href":"https:\/\/www.ecoticias.com\/hoyeco\/wp-json\/wp\/v2\/users\/18"}],"replies":[{"embeddable":true,"href":"https:\/\/www.ecoticias.com\/hoyeco\/wp-json\/wp\/v2\/comments?post=32008"}],"version-history":[{"count":2,"href":"https:\/\/www.ecoticias.com\/hoyeco\/wp-json\/wp\/v2\/posts\/32008\/revisions"}],"predecessor-version":[{"id":32032,"href":"https:\/\/www.ecoticias.com\/hoyeco\/wp-json\/wp\/v2\/posts\/32008\/revisions\/32032"}],"wp:featuredmedia":[{"embeddable":true,"href":"https:\/\/www.ecoticias.com\/hoyeco\/wp-json\/wp\/v2\/media\/32009"}],"wp:attachment":[{"href":"https:\/\/www.ecoticias.com\/hoyeco\/wp-json\/wp\/v2\/media?parent=32008"}],"wp:term":[{"taxonomy":"category","embeddable":true,"href":"https:\/\/www.ecoticias.com\/hoyeco\/wp-json\/wp\/v2\/categories?post=32008"},{"taxonomy":"post_tag","embeddable":true,"href":"https:\/\/www.ecoticias.com\/hoyeco\/wp-json\/wp\/v2\/tags?post=32008"}],"curies":[{"name":"wp","href":"https:\/\/api.w.org\/{rel}","templated":true}]}}