{"id":32055,"date":"2025-12-30T18:00:00","date_gmt":"2025-12-30T17:00:00","guid":{"rendered":"https:\/\/www.ecoticias.com\/hoyeco\/?p=32055"},"modified":"2025-12-30T16:12:05","modified_gmt":"2025-12-30T15:12:05","slug":"alain-aspect-premio-nobel-de-fisica-michel-onfray-claramente-no-entiende-nada-de-mecanica-cuantica","status":"publish","type":"post","link":"https:\/\/www.ecoticias.com\/hoyeco\/alain-aspect-premio-nobel-de-fisica-michel-onfray-claramente-no-entiende-nada-de-mecanica-cuantica\/32055\/","title":{"rendered":"Alain Aspect, Premio Nobel de F\u00edsica: \u00abMichel Onfray claramente no entiende nada de mec\u00e1nica cu\u00e1ntica\u00bb"},"content":{"rendered":"\n<p>El f\u00edsico franc\u00e9s Alain Aspect, premio Nobel de F\u00edsica 2022 por sus experimentos sobre el entrelazamiento cu\u00e1ntico, ha lanzado un mensaje muy claro que va mucho m\u00e1s all\u00e1 de los laboratorios. En una amplia entrevista con el semanario franc\u00e9s L\u2019Express, denuncia el uso \u201cpseudocient\u00edfico\u201d de la palabra \u201ccu\u00e1ntico\u201d en cosm\u00e9tica, terapias milagro, discursos filos\u00f3ficos e incluso en la pol\u00edtica.<\/p>\n\n\n\n<p>Su cr\u00edtica tiene una frase que ha dado la vuelta a Francia. Tras ver un v\u00eddeo del fil\u00f3sofo Michel Onfray hablando de <a href=\"https:\/\/www.ecoticias.com\/hoyeco\/dimensiones-experimento-cuantico\/17663\/\">f\u00edsica cu\u00e1ntica<\/a>, Aspect afirma que \u201cno entiende en absoluto los conceptos cient\u00edficos y utiliza el vocabulario de una forma que no tiene sentido\u201d. En pocas l\u00edneas resume un problema de fondo que tambi\u00e9n nos afecta cuando hablamos de salud, tecnolog\u00eda o incluso cambio clim\u00e1tico.<\/p>\n\n\n\n<h2 class=\"wp-block-heading\">Qu\u00e9 es realmente la f\u00edsica cu\u00e1ntica seg\u00fan Aspect<\/h2>\n\n\n\n<p>Aspect recuerda que la f\u00edsica cl\u00e1sica describe fuerzas y movimientos que podemos imaginar con facilidad, mientras que la cu\u00e1ntica trabaja con objetos matem\u00e1ticos muy abstractos. Cuando intentamos forzar esas ideas a im\u00e1genes cotidianas, aparecen paradojas como que una part\u00edcula sea a la vez onda y corp\u00fasculo o que un electr\u00f3n pueda estar en dos sitios a la vez.<\/p>\n\n\n\n<p>Este marco te\u00f3rico permiti\u00f3 explicar algo tan b\u00e1sico como la estabilidad de la materia. Si los electrones se comportasen solo como bolitas que giran alrededor del n\u00facleo, acabar\u00edan cayendo sobre \u00e9l y los \u00e1tomos colapsar\u00edan. Gracias a su naturaleza ondulatoria se mantienen en \u00f3rbitas estables. No es un detalle menor. Sin esa \u201crareza\u201d cu\u00e1ntica no habr\u00eda mesas, plantas ni cuerpos humanos tal como los conocemos.<\/p>\n\n\n\n<p>La otra gran revoluci\u00f3n que destaca Aspect es el <a href=\"https:\/\/www.nobelprize.org\/prizes\/physics\/2022\/popular-information\/\" target=\"_blank\" rel=\"noopener\">entrelazamiento cu\u00e1ntico<\/a>. Dos part\u00edculas preparadas de cierta manera se comportan como un \u00fanico sistema, aunque est\u00e9n muy lejos una de otra. Sus mediciones aparecen correlacionadas de forma que no puede explicarse con una f\u00edsica de \u201cvariables ocultas\u201d al estilo cl\u00e1sico. Sus experimentos en los a\u00f1os ochenta demostraron que las desigualdades de Bell se violan y que la visi\u00f3n local de Einstein no funciona en ese terreno.<\/p>\n\n\n\n<h2 class=\"wp-block-heading\">Del laboratorio al ordenador cu\u00e1ntico<\/h2>\n\n\n\n<p>Esa f\u00edsica nada intuitiva no se queda en los libros. Aspect recuerda que la primera revoluci\u00f3n cu\u00e1ntica ya nos dio el l\u00e1ser, los transistores y los circuitos integrados, base de la electr\u00f3nica y de <a href=\"https:\/\/www.ecoticias.com\/hoyeco\/se-logra-la-teletransportacion-cuantica-a-traves-de-internet-por-primera-vez\/31894\/\">internet<\/a>. Ahora llega una segunda ola que intenta explotar directamente el entrelazamiento y otras propiedades cu\u00e1nticas para crear nuevas tecnolog\u00edas.<\/p>\n\n\n\n<p>Entre ellas est\u00e1 el <a href=\"https:\/\/www.ecoticias.com\/hoyeco\/computadora-cuantica-rapida-china\/18718\/\">ordenador cu\u00e1ntico<\/a>, campo en el que el propio Aspect es cofundador de la empresa francesa <a href=\"https:\/\/www.pasqal.com\/\" target=\"_blank\" rel=\"noopener\">Pasqal<\/a>. Un ordenador de este tipo no trabaja solo con ceros y unos, sino con estados intermedios que permiten procesar enormes cantidades de informaci\u00f3n en paralelo. En teor\u00eda podr\u00eda acelerar c\u00e1lculos de qu\u00edmica, materiales o modelos clim\u00e1ticos, aunque seguimos lejos de m\u00e1quinas totalmente maduras.<\/p>\n\n\n\n<p>El f\u00edsico insiste en que la <a href=\"https:\/\/www.ecoticias.com\/hoyeco\/tierra-tecnologia-cuantica-ia-mineria\/25331\/\">tecnolog\u00eda cu\u00e1ntica<\/a> tambi\u00e9n tendr\u00e1 cara oscura. Un ordenador muy potente podr\u00eda mejorar las simulaciones del clima, pero tambi\u00e9n optimizar armas o ataques inform\u00e1ticos. \u201cTodo progreso se usa para lo mejor y para lo peor\u201d se\u00f1ala, recordando que las mismas leyes de Newton sirven para predecir el movimiento de los planetas o la trayectoria de un proyectil.<\/p>\n\n\n\n<h2 class=\"wp-block-heading\">\u201cCremas cu\u00e1nticas\u201d y m\u00e1quinas milagro<\/h2>\n\n\n\n<p>El problema para Aspect llega cuando ese vocabulario tan preciso se convierte en reclamo de marketing. En la entrevista menciona el caso de una \u201ccrema cu\u00e1ntica\u201d de <a href=\"https:\/\/ww.fashionnetwork.com\/news\/Guerlain-caught-in-controversy-over-using-the-term-quantum-to-promote-a-cream%2C1591054.html\" target=\"_blank\" rel=\"noopener\">Guerlain<\/a>, ejemplo de c\u00f3mo se usa la palabra para dar un barniz de sofisticaci\u00f3n a un producto cosm\u00e9tico com\u00fan. Diversos organismos de consumo en Francia han criticado ese tipo de alegaciones por considerarlas enga\u00f1osas.<\/p>\n\n\n\n<p>Para el Nobel, sin embargo, lo m\u00e1s grave no son los anuncios llamativos, sino los fraudes directos. Advierte de \u201cestafadores que venden una m\u00e1quina cu\u00e1ntica que curar\u00eda el c\u00e1ncer\u201d y afirma que \u201cesa gente merece prisi\u00f3n porque da falsas esperanzas a personas desesperadas y les saca miles de euros\u201d. Un mensaje que resuena en un mercado donde tambi\u00e9n se ofrecen pulseras \u201cenerg\u00e9ticas\u201d, terapias \u201cvibracionales\u201d o dispositivos supuestamente \u201ccu\u00e1nticos\u201d para adelgazar o \u201cdesintoxicar\u201d el cuerpo, sin pruebas s\u00f3lidas detr\u00e1s.<\/p>\n\n\n\n<p>El patr\u00f3n se repite en otros \u00e1mbitos, desde cursos de \u201cliderazgo cu\u00e1ntico\u201d hasta promesas de tecnolog\u00edas milagrosas que dicen capturar CO\u2082 o limpiar la contaminaci\u00f3n sin explicar bien su funcionamiento. Cuando la palabra cu\u00e1ntico se usa como sin\u00f3nimo de m\u00e1gico, la ciencia desaparece de la ecuaci\u00f3n.<\/p>\n\n\n\n<h2 class=\"wp-block-heading\">Por qu\u00e9 esta batalla tambi\u00e9n es ecol\u00f3gica<\/h2>\n\n\n\n<p>Aspect subraya que el problema no es solo del gran p\u00fablico. Se\u00f1ala que muchos periodistas, <a href=\"https:\/\/www.ecoticias.com\/cambio-climatico\/pacto-estado-climatico-nuevo-borrador\">responsables pol\u00edticos<\/a> y decisores carecen de una formaci\u00f3n cient\u00edfica b\u00e1sica y que eso facilita la propagaci\u00f3n de fake news y malas decisiones. En temas como energ\u00eda, clima o salud, esa carencia se traduce en pol\u00edticas err\u00e1ticas y en desconfianza ciudadana.<\/p>\n\n\n\n<p>Para el Nobel, la clave est\u00e1 en la \u201c<a href=\"https:\/\/www.universidadviu.com\/es\/actualidad\/nuestros-expertos\/cuales-son-las-fases-del-metodo-cientifico\" target=\"_blank\" rel=\"noopener\">m\u00e9todo cient\u00edfico<\/a>\u201d y en distinguir dos fases. Primero hay incertidumbre y debate leg\u00edtimo. Despu\u00e9s, cuando los resultados se confirman en laboratorio y se replican, se alcanza un consenso razonable que puede llamarse verdad cient\u00edfica.<\/p>\n\n\n\n<p>En la pr\u00e1ctica, esto significa que ni la f\u00edsica cu\u00e1ntica ni ninguna otra disciplina justifican promesas sin datos. Si alguien vende una tecnolog\u00eda \u201ccu\u00e1ntica\u201d para bajar la factura de la luz, curar enfermedades o absorber CO\u2082, el filtro deber\u00eda ser siempre el mismo. Pregunta sencilla, casi de sentido com\u00fan.<\/p>\n\n\n\n<p>\u00bfHay estudios revisados por pares que respalden lo que se promete? \u00bfExplican con claridad qu\u00e9 parte del sistema es realmente cu\u00e1ntica y para qu\u00e9 sirve? \u00bfSe pueden ver resultados medibles, comparados con soluciones ya existentes? Si la respuesta es que todo se basa en \u201cvibraciones\u201d, \u201cenerg\u00edas\u201d o met\u00e1foras confusas, conviene desconfiar. La f\u00edsica cu\u00e1ntica es extra\u00f1a, s\u00ed, pero no es magia. Y como recuerda Alain Aspect, entender m\u00ednimamente c\u00f3mo funciona nos protege frente a cremas, m\u00e1quinas y discursos que usan la ciencia solo como decorado.<\/p>\n\n\n\n<p>La entrevista completa ha sido publicada en <a href=\"https:\/\/www.lexpress.fr\/sciences-sante\/alain-aspect-prix-nobel-de-physique-michel-onfray-ne-comprend-manifestement-rien-au-quantique-CFIUWOWJ6VGLFDXOCC3RYKON54\/\" target=\"_blank\" rel=\"noopener\">L\u2019Express<\/a>.<\/p>\n\n\n\n<p><\/p>\n","protected":false},"excerpt":{"rendered":"<p>El f\u00edsico franc\u00e9s Alain Aspect, premio Nobel de F\u00edsica 2022 por sus experimentos sobre el entrelazamiento cu\u00e1ntico, ha lanzado un &#8230; <\/p>\n<p class=\"read-more-container\"><a title=\"Alain Aspect, Premio Nobel de F\u00edsica: \u00abMichel Onfray claramente no entiende nada de mec\u00e1nica cu\u00e1ntica\u00bb\" class=\"read-more button\" href=\"https:\/\/www.ecoticias.com\/hoyeco\/alain-aspect-premio-nobel-de-fisica-michel-onfray-claramente-no-entiende-nada-de-mecanica-cuantica\/32055\/#more-32055\" aria-label=\"Leer m\u00e1s sobre Alain Aspect, Premio Nobel de F\u00edsica: \u00abMichel Onfray claramente no entiende nada de mec\u00e1nica cu\u00e1ntica\u00bb\">Read more<\/a><\/p>\n","protected":false},"author":18,"featured_media":32056,"comment_status":"open","ping_status":"","sticky":false,"template":"","format":"standard","meta":{"footnotes":""},"categories":[68],"tags":[],"class_list":["post-32055","post","type-post","status-publish","format-standard","has-post-thumbnail","hentry","category-ciencia","resize-featured-image"],"_links":{"self":[{"href":"https:\/\/www.ecoticias.com\/hoyeco\/wp-json\/wp\/v2\/posts\/32055","targetHints":{"allow":["GET"]}}],"collection":[{"href":"https:\/\/www.ecoticias.com\/hoyeco\/wp-json\/wp\/v2\/posts"}],"about":[{"href":"https:\/\/www.ecoticias.com\/hoyeco\/wp-json\/wp\/v2\/types\/post"}],"author":[{"embeddable":true,"href":"https:\/\/www.ecoticias.com\/hoyeco\/wp-json\/wp\/v2\/users\/18"}],"replies":[{"embeddable":true,"href":"https:\/\/www.ecoticias.com\/hoyeco\/wp-json\/wp\/v2\/comments?post=32055"}],"version-history":[{"count":1,"href":"https:\/\/www.ecoticias.com\/hoyeco\/wp-json\/wp\/v2\/posts\/32055\/revisions"}],"predecessor-version":[{"id":32057,"href":"https:\/\/www.ecoticias.com\/hoyeco\/wp-json\/wp\/v2\/posts\/32055\/revisions\/32057"}],"wp:featuredmedia":[{"embeddable":true,"href":"https:\/\/www.ecoticias.com\/hoyeco\/wp-json\/wp\/v2\/media\/32056"}],"wp:attachment":[{"href":"https:\/\/www.ecoticias.com\/hoyeco\/wp-json\/wp\/v2\/media?parent=32055"}],"wp:term":[{"taxonomy":"category","embeddable":true,"href":"https:\/\/www.ecoticias.com\/hoyeco\/wp-json\/wp\/v2\/categories?post=32055"},{"taxonomy":"post_tag","embeddable":true,"href":"https:\/\/www.ecoticias.com\/hoyeco\/wp-json\/wp\/v2\/tags?post=32055"}],"curies":[{"name":"wp","href":"https:\/\/api.w.org\/{rel}","templated":true}]}}