{"id":32089,"date":"2025-12-31T17:31:00","date_gmt":"2025-12-31T16:31:00","guid":{"rendered":"https:\/\/www.ecoticias.com\/hoyeco\/?p=32089"},"modified":"2025-12-31T17:29:14","modified_gmt":"2025-12-31T16:29:14","slug":"dos-de-los-fenomenos-de-rayos-mas-raros-de-la-tierra-capturados-simultaneamente-en-una-fotografia-unica","status":"publish","type":"post","link":"https:\/\/www.ecoticias.com\/hoyeco\/dos-de-los-fenomenos-de-rayos-mas-raros-de-la-tierra-capturados-simultaneamente-en-una-fotografia-unica\/32089\/","title":{"rendered":"Dos de los fen\u00f3menos de rayos m\u00e1s raros de la Tierra capturados simult\u00e1neamente en una fotograf\u00eda \u00fanica"},"content":{"rendered":"\n<p>La noche del 26 de noviembre, el cielo del norte de Italia protagoniz\u00f3 un destello que casi nadie llega a ver en su vida. Sobre una tormenta lejana, un anillo rojo gigantesco y unos filamentos carmes\u00ed aparecieron por encima de las nubes durante menos que un parpadeo. El fot\u00f3grafo italiano <a href=\"https:\/\/apod.nasa.gov\/apod\/ap251223.html\" target=\"_blank\" rel=\"noopener\">Valter Binotto<\/a>, desde su casa en Possagno, en las faldas de los Alpes, consigui\u00f3 congelar la escena y reunir en una sola imagen dos de los fen\u00f3menos el\u00e9ctricos m\u00e1s raros del planeta, un elfo y un duende rojo.<\/p>\n\n\n\n<p>Binotto grababa v\u00eddeo con una Sony A7S a 25 fotogramas por segundo apuntando hacia la tormenta, situada sobre el mar Adri\u00e1tico a unos cientos de kil\u00f3metros. Lleva m\u00e1s de una d\u00e9cada siguiendo estos destellos y habla de cientos de <a href=\"https:\/\/science.nasa.gov\/earth\/earth-observatory\/elusive-sprite-captured-from-the-international-space-station-78487\/\" target=\"_blank\" rel=\"noopener\">sprites<\/a> fotografiados, pero de muy pocos elfos. Esta vez, un \u00fanico rayo excepcionalmente potente dispar\u00f3 ambos fen\u00f3menos. \u00abHa sido una de las fotos m\u00e1s sorprendentes y emocionantes que he tomado\u00bb, admite el fot\u00f3grafo, que compara la escena con una pel\u00edcula de ciencia ficci\u00f3n.<\/p>\n\n\n\n<h2 class=\"wp-block-heading\">Qu\u00e9 es un elfo en la atm\u00f3sfera<\/h2>\n\n\n\n<p>Los llamados <a href=\"https:\/\/www.nssl.noaa.gov\/education\/svrwx101\/lightning\/types\/\" target=\"_blank\" rel=\"noopener\">elfos<\/a> son enormes anillos de luz rojiza que se forman en la parte alta de la atm\u00f3sfera, alrededor de ochenta kil\u00f3metros sobre el suelo. Nacen cuando un rayo muy intenso env\u00eda un pulso electromagn\u00e9tico hacia la <a href=\"https:\/\/www.nasa.gov\/missions\/station\/iss-research\/studying-storms-from-space-station\/\" target=\"_blank\" rel=\"noopener\">ionosfera<\/a> y este pulso hace brillar durante instantes las mol\u00e9culas de nitr\u00f3geno del aire. El resultado es un disco fantasma que puede superar los doscientos kil\u00f3metros de di\u00e1metro y que dura menos de una mil\u00e9sima de segundo, demasiado breve y tenue para el ojo humano sin ayuda.<\/p>\n\n\n\n<h2 class=\"wp-block-heading\">El duende rojo que cae hacia la tormenta<\/h2>\n\n\n\n<p>En el centro del anillo captado por Binotto aparecen adem\u00e1s unos hilos rojos que descienden hacia la tormenta. Son sprites o <a href=\"https:\/\/www.ecoticias.com\/hoyeco\/sorprende-duende-rojo-espacio-tle\/26138\/\">duendes rojos<\/a>. Se generan por encima de las nubes cuando un rayo nube tierra muy energ\u00e9tico reorganiza el campo el\u00e9ctrico de la atm\u00f3sfera. En c\u00e1mara se ven como medusas o ra\u00edces luminosas que se encienden y se apagan en unas pocas mil\u00e9simas de segundo. Durante a\u00f1os solo algunos pilotos reportaban destellos as\u00ed al volar sobre tormentas nocturnas. Hoy sabemos que son descargas reales y que forman parte de una familia amplia de fen\u00f3menos de alta atm\u00f3sfera conocida como <a href=\"https:\/\/science.nasa.gov\/science-research\/earth-science\/spritacular\/\" target=\"_blank\" rel=\"noopener\">eventos luminosos transitorios<\/a>.<\/p>\n\n\n\n<h2 class=\"wp-block-heading\">Un laboratorio natural sobre nuestras cabezas<\/h2>\n\n\n\n<p>Que un elfo y un duende aparezcan a la vez es muy \u00fatil para la ciencia. Estos destellos muestran c\u00f3mo una tormenta, que abajo vivimos con truenos, rel\u00e1mpagos y la lluvia golpeando los cristales, tambi\u00e9n sacude las <a href=\"https:\/\/www.ecoticias.com\/hoyeco\/fenomeno-aurora-boreal-roja\/28357\/\">capas altas de la atm\u00f3sfera<\/a>. Observaciones desde sat\u00e9lites indican que algunos de estos eventos van acompa\u00f1ados de emisiones de <a href=\"https:\/\/www.ecoticias.com\/hoyeco\/5-continentes-afectados-sol-tormenta\/24050\/\">rayos X y gamma<\/a>, lo que apunta a procesos capaces de acelerar part\u00edculas a gran velocidad. En este caso todav\u00eda no se sabe si hubo esa lluvia de part\u00edculas, pero el tama\u00f1o y la intensidad del anillo lo convierten en un buen candidato para estudiarlo con detalle.<\/p>\n\n\n\n<h2 class=\"wp-block-heading\">C\u00e1maras dom\u00e9sticas, ciencia global y seguridad<\/h2>\n\n\n\n<p>La rareza del momento explica por qu\u00e9 la foto ha dado la vuelta al mundo. Proyectos de ciencia ciudadana como <a href=\"https:\/\/spritacular.org\/\" target=\"_blank\" rel=\"noopener\">Spritacular<\/a> animan a observadores de medio planeta a apuntar sus c\u00e1maras hacia tormentas lejanas para cazar sprites y elfos y compartirlos con la comunidad cient\u00edfica. Una simple c\u00e1mara en un balc\u00f3n oscuro, grabando v\u00eddeo hacia un frente tormentoso, puede aportar informaci\u00f3n valiosa sobre c\u00f3mo se reparte la energ\u00eda de los rayos en la atm\u00f3sfera.<\/p>\n\n\n\n<p>\u00bfPodremos ver algo as\u00ed alg\u00fan d\u00eda sin ayuda de c\u00e1maras? Lo cierto es que quien mire al <a href=\"https:\/\/www.ecoticias.com\/hoyeco\/cielos-reduccion-nubes\/25599\/\">cielo<\/a> a simple vista durante una tormenta normal no ver\u00e1 estos destellos rojos. Son demasiado sutiles y r\u00e1pidos. Adem\u00e1s, conviene recordar que la zona de riesgo de un rayo puede extenderse varios kil\u00f3metros m\u00e1s all\u00e1 del chubasco, incluso donde apenas cae lluvia. Por eso los expertos recomiendan entrar en edificios cerrados y evitar campos abiertos y objetos altos cuando truena, por muy tentador que resulte quedarse mirando el horizonte.<\/p>\n\n\n\n<p>Lo que s\u00ed podemos hacer es aprovechar im\u00e1genes como la de Possagno para recordar que la atm\u00f3sfera es un sistema unido, desde la superficie hasta el borde del espacio. Cada trueno que escuchamos en la ventana puede tener un eco silencioso muy por encima de las nubes, donde elfos y duendes rojos dibujan figuras invisibles para casi todos. Que alguien consiga atraparlas en una fotograf\u00eda no es poca cosa y ayuda a comprender un poco mejor el planeta el\u00e9ctrico en el que vivimos.<\/p>\n\n\n\n<p>La cr\u00f3nica original de este fen\u00f3meno ha sido publicada en <a href=\"https:\/\/www.nssl.noaa.gov\/education\/svrwx101\/lightning\/types\/\" target=\"_blank\" rel=\"noopener\">NOAA<\/a>.<\/p>\n","protected":false},"excerpt":{"rendered":"<p>La noche del 26 de noviembre, el cielo del norte de Italia protagoniz\u00f3 un destello que casi nadie llega a &#8230; <\/p>\n<p class=\"read-more-container\"><a title=\"Dos de los fen\u00f3menos de rayos m\u00e1s raros de la Tierra capturados simult\u00e1neamente en una fotograf\u00eda \u00fanica\" class=\"read-more button\" href=\"https:\/\/www.ecoticias.com\/hoyeco\/dos-de-los-fenomenos-de-rayos-mas-raros-de-la-tierra-capturados-simultaneamente-en-una-fotografia-unica\/32089\/#more-32089\" aria-label=\"Leer m\u00e1s sobre Dos de los fen\u00f3menos de rayos m\u00e1s raros de la Tierra capturados simult\u00e1neamente en una fotograf\u00eda \u00fanica\">Read more<\/a><\/p>\n","protected":false},"author":18,"featured_media":32090,"comment_status":"open","ping_status":"","sticky":false,"template":"","format":"standard","meta":{"footnotes":""},"categories":[6],"tags":[],"class_list":["post-32089","post","type-post","status-publish","format-standard","has-post-thumbnail","hentry","category-movilidad","resize-featured-image"],"_links":{"self":[{"href":"https:\/\/www.ecoticias.com\/hoyeco\/wp-json\/wp\/v2\/posts\/32089","targetHints":{"allow":["GET"]}}],"collection":[{"href":"https:\/\/www.ecoticias.com\/hoyeco\/wp-json\/wp\/v2\/posts"}],"about":[{"href":"https:\/\/www.ecoticias.com\/hoyeco\/wp-json\/wp\/v2\/types\/post"}],"author":[{"embeddable":true,"href":"https:\/\/www.ecoticias.com\/hoyeco\/wp-json\/wp\/v2\/users\/18"}],"replies":[{"embeddable":true,"href":"https:\/\/www.ecoticias.com\/hoyeco\/wp-json\/wp\/v2\/comments?post=32089"}],"version-history":[{"count":1,"href":"https:\/\/www.ecoticias.com\/hoyeco\/wp-json\/wp\/v2\/posts\/32089\/revisions"}],"predecessor-version":[{"id":32091,"href":"https:\/\/www.ecoticias.com\/hoyeco\/wp-json\/wp\/v2\/posts\/32089\/revisions\/32091"}],"wp:featuredmedia":[{"embeddable":true,"href":"https:\/\/www.ecoticias.com\/hoyeco\/wp-json\/wp\/v2\/media\/32090"}],"wp:attachment":[{"href":"https:\/\/www.ecoticias.com\/hoyeco\/wp-json\/wp\/v2\/media?parent=32089"}],"wp:term":[{"taxonomy":"category","embeddable":true,"href":"https:\/\/www.ecoticias.com\/hoyeco\/wp-json\/wp\/v2\/categories?post=32089"},{"taxonomy":"post_tag","embeddable":true,"href":"https:\/\/www.ecoticias.com\/hoyeco\/wp-json\/wp\/v2\/tags?post=32089"}],"curies":[{"name":"wp","href":"https:\/\/api.w.org\/{rel}","templated":true}]}}