{"id":32155,"date":"2026-01-03T19:26:00","date_gmt":"2026-01-03T18:26:00","guid":{"rendered":"https:\/\/www.ecoticias.com\/hoyeco\/?p=32155"},"modified":"2026-01-03T18:14:07","modified_gmt":"2026-01-03T17:14:07","slug":"la-fisica-cuantica-da-un-salto-inesperado-logran-expandir-la-coherencia-de-una-nanoparticula-levitada-en-el-vacio","status":"publish","type":"post","link":"https:\/\/www.ecoticias.com\/hoyeco\/la-fisica-cuantica-da-un-salto-inesperado-logran-expandir-la-coherencia-de-una-nanoparticula-levitada-en-el-vacio\/32155\/","title":{"rendered":"Los cientificos no dan credito: una part\u00edcula levitada en un l\u00e1ser acaba de hacer algo que desaf\u00eda la intuici\u00f3n y acerca lo cu\u00e1ntico a lo que ya podemos imaginar"},"content":{"rendered":"\n<p>Imagina una part\u00edcula del tama\u00f1o de un virus flotando en el vac\u00edo, sostenida solo por un rayo l\u00e1ser. Ahora imagina que, desde el punto de vista <a href=\"https:\/\/www.ecoticias.com\/hoyeco\/dimensiones-experimento-cuantico\/17663\/\">cu\u00e1ntico<\/a>, no est\u00e1 en un solo sitio, sino \u201cextendida\u201d en varios lugares a la vez. Eso es, en esencia, lo que ha conseguido un equipo de f\u00edsicos de <a href=\"https:\/\/light.ethz.ch\/research\/pillar-optomecha.html\" target=\"_blank\" rel=\"noopener\">ETH Z\u00farich<\/a> y del <a href=\"https:\/\/www.icfo.eu\/news\/2556\/physicists-demonstrate-controlled-expansion-of-quantum-wavepacket-in-a-levitated-nanoparticle\/\" target=\"_blank\" rel=\"noopener\">Instituto de Ciencias Fot\u00f3nicas<\/a> (ICFO) en Barcelona, en un experimento publicado en la revista Physical Review Letters en 2025.<\/p>\n\n\n\n<p>Su logro consiste en aumentar de forma controlada la llamada longitud de coherencia de una nanopart\u00edcula levitada, es decir, la distancia en la que se mantiene su comportamiento ondulatorio de forma limpia y medible. En la pr\u00e1ctica, han logrado que esa \u201conda de probabilidad\u201d que describe a la <a href=\"https:\/\/www.ecoticias.com\/hoyeco\/particula-materia-anyones\/16966\/\">part\u00edcula<\/a> se estire m\u00e1s del triple de lo habitual sin perder su car\u00e1cter cu\u00e1ntico, un paso clave para acercar estos fen\u00f3menos a objetos cada vez m\u00e1s grandes.<\/p>\n\n\n\n<h2 class=\"wp-block-heading\">Una mota de s\u00edlice suspendida en luz<\/h2>\n\n\n\n<p>El experimento se realiza en una c\u00e1mara de vac\u00edo extremo, dentro de un laboratorio ultraestable. All\u00ed, los investigadores atrapan una nan\u00f3sfera de s\u00edlice con unas <a href=\"https:\/\/www.nobelprize.org\/uploads\/2018\/10\/advanced-physicsprize2018.pdf\" target=\"_blank\" rel=\"noopener\">pinzas \u00f3pticas<\/a>, un tipo de l\u00e1ser enfocado que act\u00faa como un \u201ccolch\u00f3n\u201d de luz y mantiene la part\u00edcula suspendida y pr\u00e1cticamente aislada del entorno.<\/p>\n\n\n\n<p>Primero, enfr\u00edan su movimiento hasta un estado de energ\u00eda muy cercano al m\u00ednimo permitido por la mec\u00e1nica cu\u00e1ntica, conocido como estado fundamental. En ese punto, la part\u00edcula ya no se comporta como una bolita cl\u00e1sica que vibra, sino como un peque\u00f1o paquete de onda muy estrecho. El propio equipo reconoce que \u201cla delocalizaci\u00f3n cu\u00e1ntica de objetos de mayor tama\u00f1o es un desaf\u00edo excepcional\u201d, porque incluso en condiciones casi ideales la coherencia suele quedar limitada a escalas subat\u00f3micas.<\/p>\n\n\n\n<h2 class=\"wp-block-heading\">C\u00f3mo se \u201cestira\u201d una funci\u00f3n de onda<\/h2>\n\n\n\n<p>A partir de ah\u00ed llega la parte delicada. Los f\u00edsicos aplican un protocolo en tres pasos enfriamiento, expansi\u00f3n y medida. La clave est\u00e1 en c\u00f3mo modifican la trampa de luz. Durante unos microsegundos reducen bruscamente la intensidad del l\u00e1ser, de modo que la part\u00edcula queda menos confinada y su posici\u00f3n se vuelve m\u00e1s incierta, tal y como predice la mec\u00e1nica cu\u00e1ntica.<\/p>\n\n\n\n<p>En palabras del art\u00edculo original, cuando se hace este cambio r\u00e1pido \u201cla fuerza de restituci\u00f3n disminuye y, por lo tanto, la nan\u00f3sfera se delocaliza en el espacio\u201d. Ese breve intervalo permite que la funci\u00f3n de onda se expanda antes de volver a reforzar la trampa y \u201crecoger\u201d de nuevo a la part\u00edcula, pero ya en un estado m\u00e1s extendido.<\/p>\n\n\n\n<p>Repetido con mucho cuidado, este proceso ha permitido triplicar la longitud de coherencia inicial. El equipo informa de longitudes superiores a 70 pic\u00f3metros en sus mejores condiciones, frente a unos 20 pic\u00f3metros antes de la expansi\u00f3n. No son distancias grandes en t\u00e9rminos cotidianos, pero s\u00ed suponen cruzar una frontera cu\u00e1ntica importante, porque superan el l\u00edmite impuesto por el llamado movimiento de punto cero.<\/p>\n\n\n\n<h2 class=\"wp-block-heading\">Un paso m\u00e1s hacia lo cu\u00e1ntico \u201cmacrosc\u00f3pico\u201d<\/h2>\n\n\n\n<p>En el fondo, lo que han demostrado es que se puede manipular y amplificar de forma controlada la parte ondulatoria de un objeto que ya no es solo un \u00e1tomo o una mol\u00e9cula. Seg\u00fan el propio resumen cient\u00edfico, el trabajo es \u201cun pelda\u00f1o hacia la generaci\u00f3n de escalas de delocalizaci\u00f3n comparables al tama\u00f1o del objeto\u201d y hacia \u201cla detecci\u00f3n de fuerzas mejorada mediante t\u00e9cnicas cu\u00e1nticas con part\u00edculas levitadas\u201d.<\/p>\n\n\n\n<p>Si en el futuro se consigue que la funci\u00f3n de onda de una nanopart\u00edcula se extienda tanto como la propia esfera, ser\u00e1 posible hacer experimentos de interferencia similares a los de doble rendija, pero con objetos formados por miles de millones de \u00e1tomos. Ese es el terreno donde de verdad se pondr\u00e1 a prueba la frontera entre el <a href=\"https:\/\/www.ecoticias.com\/hoyeco\/universos-paralelos-google-chip\/18119\/\">mundo cu\u00e1ntico<\/a> y el mundo que vemos a simple vista.<\/p>\n\n\n\n<p>Adem\u00e1s, la t\u00e9cnica es, al menos sobre el papel, escalable. El equipo se\u00f1ala que, si se aplican varios pulsos de expansi\u00f3n manteniendo baja la decoherencia, la delocalizaci\u00f3n podr\u00eda crecer de forma exponencial. El principal \u201cenemigo\u201d ahora mismo son los propios fotones del l\u00e1ser que dispersa la nanopart\u00edcula, una fuente de ruido que el grupo quiere reducir combinando la trampa \u00f3ptica con trampas el\u00e9ctricas de muy baja decoherencia.<\/p>\n\n\n\n<h2 class=\"wp-block-heading\">\u00bfY qu\u00e9 tiene que ver esto con nuestra vida diaria?<\/h2>\n\n\n\n<p>A corto plazo, este tipo de experimentos pertenece al dominio de la f\u00edsica fundamental. No va a cambiar tu factura de la luz ma\u00f1ana ni resolver la crisis clim\u00e1tica. Pero s\u00ed est\u00e1 construyendo la base de una nueva generaci\u00f3n de <a href=\"https:\/\/pmc.ncbi.nlm.nih.gov\/articles\/PMC8437858\/\" target=\"_blank\" rel=\"noopener\">sensores cu\u00e1nticos<\/a>, capaces de medir fuerzas y aceleraciones extremadamente d\u00e9biles gracias a la combinaci\u00f3n de levitaci\u00f3n en vac\u00edo y control cu\u00e1ntico del movimiento.<\/p>\n\n\n\n<p>Esos sensores ya se exploran para aplicaciones que van desde la b\u00fasqueda de <a href=\"https:\/\/pubs.aip.org\/avs\/aqs\/article\/6\/3\/030503\/3311149\/Dark-matter-searches-with-levitated-sensors\" target=\"_blank\" rel=\"noopener\">materia oscura<\/a> hasta aceler\u00f3metros muy precisos. Otros trabajos con part\u00edculas levitadas, por ejemplo en el King\u2019s College de Londres, apuntan tambi\u00e9n a mejorar la monitorizaci\u00f3n ambiental y la detecci\u00f3n de gases da\u00f1inos mediante dispositivos de muy bajo consumo y alta sensibilidad, algo que abre la puerta a usos en vigilancia de la calidad del aire o en electr\u00f3nica de consumo m\u00e1s eficiente.<\/p>\n\n\n\n<p>En ese contexto, controlar c\u00f3mo se \u201cestira\u201d y se mantiene coherente la funci\u00f3n de onda de una nanopart\u00edcula no es solo un truco de laboratorio. Es una pieza m\u00e1s de un ecosistema tecnol\u00f3gico <a href=\"https:\/\/www.ecoticias.com\/hoyeco\/computadora-cuantica-rapida-china\/18718\/\">cu\u00e1ntico<\/a> que, en buena medida, depender\u00e1 de hasta qu\u00e9 punto seamos capaces de dominar estos sistemas h\u00edbridos entre lo visible y lo invisible.<\/p>\n\n\n\n<p>El estudio original, titulado \u201cQuantum Delocalization of a Levitated Nanoparticle\u201d, ha sido publicado en la revista <em>Physical Review Letters<\/em> y puede consultarse en la web de la American Physical Society a trav\u00e9s de este enlace oficial al art\u00edculo cient\u00edfico <a href=\"https:\/\/journals.aps.org\/prl\/abstract\/10.1103\/2yzc-fsm3\" target=\"_blank\" rel=\"noopener\"><em>Physical Review Letters<\/em><\/a>.<\/p>\n","protected":false},"excerpt":{"rendered":"<p>Imagina una part\u00edcula del tama\u00f1o de un virus flotando en el vac\u00edo, sostenida solo por un rayo l\u00e1ser. Ahora imagina &#8230; <\/p>\n<p class=\"read-more-container\"><a title=\"Los cientificos no dan credito: una part\u00edcula levitada en un l\u00e1ser acaba de hacer algo que desaf\u00eda la intuici\u00f3n y acerca lo cu\u00e1ntico a lo que ya podemos imaginar\" class=\"read-more button\" href=\"https:\/\/www.ecoticias.com\/hoyeco\/la-fisica-cuantica-da-un-salto-inesperado-logran-expandir-la-coherencia-de-una-nanoparticula-levitada-en-el-vacio\/32155\/#more-32155\" aria-label=\"Leer m\u00e1s sobre Los cientificos no dan credito: una part\u00edcula levitada en un l\u00e1ser acaba de hacer algo que desaf\u00eda la intuici\u00f3n y acerca lo cu\u00e1ntico a lo que ya podemos imaginar\">Read more<\/a><\/p>\n","protected":false},"author":18,"featured_media":32156,"comment_status":"open","ping_status":"","sticky":false,"template":"","format":"standard","meta":{"footnotes":""},"categories":[68],"tags":[],"class_list":["post-32155","post","type-post","status-publish","format-standard","has-post-thumbnail","hentry","category-ciencia","resize-featured-image"],"_links":{"self":[{"href":"https:\/\/www.ecoticias.com\/hoyeco\/wp-json\/wp\/v2\/posts\/32155","targetHints":{"allow":["GET"]}}],"collection":[{"href":"https:\/\/www.ecoticias.com\/hoyeco\/wp-json\/wp\/v2\/posts"}],"about":[{"href":"https:\/\/www.ecoticias.com\/hoyeco\/wp-json\/wp\/v2\/types\/post"}],"author":[{"embeddable":true,"href":"https:\/\/www.ecoticias.com\/hoyeco\/wp-json\/wp\/v2\/users\/18"}],"replies":[{"embeddable":true,"href":"https:\/\/www.ecoticias.com\/hoyeco\/wp-json\/wp\/v2\/comments?post=32155"}],"version-history":[{"count":3,"href":"https:\/\/www.ecoticias.com\/hoyeco\/wp-json\/wp\/v2\/posts\/32155\/revisions"}],"predecessor-version":[{"id":32175,"href":"https:\/\/www.ecoticias.com\/hoyeco\/wp-json\/wp\/v2\/posts\/32155\/revisions\/32175"}],"wp:featuredmedia":[{"embeddable":true,"href":"https:\/\/www.ecoticias.com\/hoyeco\/wp-json\/wp\/v2\/media\/32156"}],"wp:attachment":[{"href":"https:\/\/www.ecoticias.com\/hoyeco\/wp-json\/wp\/v2\/media?parent=32155"}],"wp:term":[{"taxonomy":"category","embeddable":true,"href":"https:\/\/www.ecoticias.com\/hoyeco\/wp-json\/wp\/v2\/categories?post=32155"},{"taxonomy":"post_tag","embeddable":true,"href":"https:\/\/www.ecoticias.com\/hoyeco\/wp-json\/wp\/v2\/tags?post=32155"}],"curies":[{"name":"wp","href":"https:\/\/api.w.org\/{rel}","templated":true}]}}