{"id":32185,"date":"2026-01-04T19:15:00","date_gmt":"2026-01-04T18:15:00","guid":{"rendered":"https:\/\/www.ecoticias.com\/hoyeco\/?p=32185"},"modified":"2026-01-04T15:16:03","modified_gmt":"2026-01-04T14:16:03","slug":"el-james-webb-confirma-el-primer-agujero-negro-supermasivo-en-fuga-y-lo-mide-a-casi-1-000-km-s","status":"publish","type":"post","link":"https:\/\/www.ecoticias.com\/hoyeco\/el-james-webb-confirma-el-primer-agujero-negro-supermasivo-en-fuga-y-lo-mide-a-casi-1-000-km-s\/32185\/","title":{"rendered":"El James Webb confirma el primer agujero negro supermasivo en fuga y lo mide a casi 1.000 km\/s"},"content":{"rendered":"\n<p>Un equipo internacional de astr\u00f3nomos ha presentado las primeras evidencias cinem\u00e1ticas directas de un escenario largamente anticipado por la teor\u00eda (un&nbsp;<a href=\"https:\/\/www.ecoticias.com\/hoyeco\/llamarada-agujero-negro-sagitario-a\/17782\/\">agujero negro supermasivo<\/a>&nbsp;que escapa de su galaxia a velocidad hipers\u00f3nica). El candidato, denominado RBH-1, no se observa como un \u201cproyectil\u201d luminoso (los agujeros negros no emiten luz por s\u00ed mismos), sino por la huella que deja al atravesar el gas que lo rodea (un frente de choque brillante y una estela rectil\u00ednea que apunta hacia su posible lugar de origen).<\/p>\n\n\n\n<p>Las nuevas observaciones, realizadas con el instrumento&nbsp;<a href=\"https:\/\/science.nasa.gov\/mission\/webb\/nirspec\/\" target=\"_blank\" rel=\"noopener\">NIRSpec<\/a>&nbsp;del telescopio espacial James Webb, sit\u00faan la velocidad en torno a 954 kil\u00f3metros por segundo (con incertidumbres) y apuntan a una masa de al menos&nbsp;<a href=\"https:\/\/www.ecoticias.com\/hoyeco\/agujero-negro-millones-soles\/20187\/\">10 millones de masas solares<\/a>, seg\u00fan el estudio difundido en arXiv el 3 de diciembre de 2025 y a\u00fan pendiente de revisi\u00f3n por pares.<\/p>\n\n\n\n<h2 class=\"wp-block-heading\">La \u201ccicatriz\u201d que delata a un objeto invisible<\/h2>\n\n\n\n<p>La clave del caso es una estructura lineal de gas que, en proyecci\u00f3n, alcanza 62 kilop\u00e1rsecs y culmina en una \u201cpunta\u201d m\u00e1s compacta y brillante (la zona donde el objeto estar\u00eda comprimiendo el medio). El trabajo sostiene que esa punta muestra una discontinuidad cinem\u00e1tica brusca (un salto de velocidad radial de aproximadamente 600 kil\u00f3metros por segundo en apenas 1 kilop\u00e1rsec), un patr\u00f3n compatible con un frente de choque producido por un objeto masivo movi\u00e9ndose de forma supers\u00f3nica.<\/p>\n\n\n\n<p>Para medirlo, el equipo utiliz\u00f3 espectroscopia de campo integral (IFU) de NIRSpec, una t\u00e9cnica que permite cartografiar velocidades y l\u00edneas de emisi\u00f3n a escala espacial fina, precisamente el tipo de dato necesario para distinguir una simple alineaci\u00f3n de gas de una onda de choque f\u00edsica.<\/p>\n\n\n\n<h2 class=\"wp-block-heading\">Por qu\u00e9 un agujero negro supermasivo puede salir despedido<\/h2>\n\n\n\n<p>Que un agujero negro de estas dimensiones abandone el centro de su galaxia exige un \u201cempuj\u00f3n\u201d extremo. El propio&nbsp;<a href=\"https:\/\/arxiv.org\/abs\/2512.04166\" target=\"_blank\" rel=\"noopener\">art\u00edculo en arXiv<\/a>&nbsp;enmarca el fen\u00f3meno en dos mecanismos te\u00f3ricos (una patada por retroceso de ondas gravitacionales tras la fusi\u00f3n de dos agujeros negros, o una expulsi\u00f3n por interacci\u00f3n de varios cuerpos en un n\u00facleo gal\u00e1ctico tras una fusi\u00f3n de galaxias).<\/p>\n\n\n\n<p>La hip\u00f3tesis del \u201ctres cuerpos\u201d encaja con el relato cl\u00e1sico (en una interacci\u00f3n gravitatoria ca\u00f3tica, uno de los participantes puede salir expulsado mientras los otros dos quedan ligados o terminan fusion\u00e1ndose). En paralelo, el retroceso por ondas gravitacionales ofrece otra v\u00eda plausible cuando dos agujeros negros supermasivos coalescen y la emisi\u00f3n de ondas gravitacionales no es perfectamente sim\u00e9trica.<\/p>\n\n\n\n<h2 class=\"wp-block-heading\">Qu\u00e9 queda por confirmar y qu\u00e9 implica el hallazgo<\/h2>\n\n\n\n<p>Aunque los autores presentan el caso como una confirmaci\u00f3n robusta del fen\u00f3meno, el resultado llega como prepublicaci\u00f3n y, por tanto, todav\u00eda debe superar el filtro de la revisi\u00f3n por pares.<\/p>\n\n\n\n<p>Si se consolida, el hallazgo tiene dos lecturas de calado. La primera es din\u00e1mica y cosmol\u00f3gica (las galaxias no solo pueden fusionar sus agujeros negros centrales, tambi\u00e9n podr\u00edan perderlos en&nbsp;<a href=\"https:\/\/www.ecoticias.com\/hoyeco\/parece-de-pelicula-pero-es-verdad-la-nasa-confirmado-que-el-agujero-negro-de-la-via-lactea-va-a-despertar\/32102\/\">episodios raros pero f\u00edsicamente posibles<\/a>). La segunda es astrof\u00edsica y m\u00e1s inesperada (la estela, adem\u00e1s de gas perturbado, podr\u00eda favorecer condiciones para que se formen estrellas en el \u201crebufo\u201d del choque, un proceso que varias coberturas divulgativas han destacado como una consecuencia potencial del escenario).<\/p>\n","protected":false},"excerpt":{"rendered":"<p>Un equipo internacional de astr\u00f3nomos ha presentado las primeras evidencias cinem\u00e1ticas directas de un escenario largamente anticipado por la teor\u00eda &#8230; <\/p>\n<p class=\"read-more-container\"><a title=\"El James Webb confirma el primer agujero negro supermasivo en fuga y lo mide a casi 1.000 km\/s\" class=\"read-more button\" href=\"https:\/\/www.ecoticias.com\/hoyeco\/el-james-webb-confirma-el-primer-agujero-negro-supermasivo-en-fuga-y-lo-mide-a-casi-1-000-km-s\/32185\/#more-32185\" aria-label=\"Leer m\u00e1s sobre El James Webb confirma el primer agujero negro supermasivo en fuga y lo mide a casi 1.000 km\/s\">Read more<\/a><\/p>\n","protected":false},"author":18,"featured_media":32186,"comment_status":"open","ping_status":"","sticky":false,"template":"","format":"standard","meta":{"footnotes":""},"categories":[68],"tags":[],"class_list":["post-32185","post","type-post","status-publish","format-standard","has-post-thumbnail","hentry","category-ciencia","resize-featured-image"],"_links":{"self":[{"href":"https:\/\/www.ecoticias.com\/hoyeco\/wp-json\/wp\/v2\/posts\/32185","targetHints":{"allow":["GET"]}}],"collection":[{"href":"https:\/\/www.ecoticias.com\/hoyeco\/wp-json\/wp\/v2\/posts"}],"about":[{"href":"https:\/\/www.ecoticias.com\/hoyeco\/wp-json\/wp\/v2\/types\/post"}],"author":[{"embeddable":true,"href":"https:\/\/www.ecoticias.com\/hoyeco\/wp-json\/wp\/v2\/users\/18"}],"replies":[{"embeddable":true,"href":"https:\/\/www.ecoticias.com\/hoyeco\/wp-json\/wp\/v2\/comments?post=32185"}],"version-history":[{"count":1,"href":"https:\/\/www.ecoticias.com\/hoyeco\/wp-json\/wp\/v2\/posts\/32185\/revisions"}],"predecessor-version":[{"id":32187,"href":"https:\/\/www.ecoticias.com\/hoyeco\/wp-json\/wp\/v2\/posts\/32185\/revisions\/32187"}],"wp:featuredmedia":[{"embeddable":true,"href":"https:\/\/www.ecoticias.com\/hoyeco\/wp-json\/wp\/v2\/media\/32186"}],"wp:attachment":[{"href":"https:\/\/www.ecoticias.com\/hoyeco\/wp-json\/wp\/v2\/media?parent=32185"}],"wp:term":[{"taxonomy":"category","embeddable":true,"href":"https:\/\/www.ecoticias.com\/hoyeco\/wp-json\/wp\/v2\/categories?post=32185"},{"taxonomy":"post_tag","embeddable":true,"href":"https:\/\/www.ecoticias.com\/hoyeco\/wp-json\/wp\/v2\/tags?post=32185"}],"curies":[{"name":"wp","href":"https:\/\/api.w.org\/{rel}","templated":true}]}}