{"id":32198,"date":"2026-01-05T12:24:00","date_gmt":"2026-01-05T11:24:00","guid":{"rendered":"https:\/\/www.ecoticias.com\/hoyeco\/?p=32198"},"modified":"2026-01-04T23:31:33","modified_gmt":"2026-01-04T22:31:33","slug":"analizan-cuanto-dura-un-coche-segun-su-motor-y-el-dato-explica-por-que-crecen-los-hibridos-en-mexico","status":"publish","type":"post","link":"https:\/\/www.ecoticias.com\/hoyeco\/analizan-cuanto-dura-un-coche-segun-su-motor-y-el-dato-explica-por-que-crecen-los-hibridos-en-mexico\/32198\/","title":{"rendered":"Analizan cu\u00e1nto dura un coche seg\u00fan su motor y el dato explica por qu\u00e9 crecen los h\u00edbridos en M\u00e9xico"},"content":{"rendered":"\n<p>El auge de los&nbsp;<strong>coches h\u00edbridos<\/strong>&nbsp;en M\u00e9xico no se entiende s\u00f3lo por la etiqueta ambiental o por la promesa de un consumo menor. La clave, cada vez m\u00e1s visible en el mercado, est\u00e1 en otra variable que el comprador pondera con frialdad (cu\u00e1ntos a\u00f1os piensa conservar el coche) y en c\u00f3mo la industria est\u00e1 empujando ciclos de renovaci\u00f3n m\u00e1s cortos en la electrificaci\u00f3n. En ese terreno, el h\u00edbrido funciona como tecnolog\u00eda puente (ofrece ahorro en ciudad sin exigir un salto total a la infraestructura de recarga).<\/p>\n\n\n\n<p>Los \u00faltimos datos disponibles apuntalan esa tendencia. En agosto de 2025 se comercializaron\u00a0<strong>11.707<\/strong>\u00a0unidades de veh\u00edculos h\u00edbridos, h\u00edbridos enchufables y el\u00e9ctricos en M\u00e9xico. De ese total,\u00a0<strong>8.444<\/strong>\u00a0fueron h\u00edbridos (72,1%), por delante de los el\u00e9ctricos (2.403) y los h\u00edbridos enchufables (860). En el acumulado de enero a agosto se contabilizaron\u00a0<strong>88.269<\/strong> unidades, un\u00a0<strong>17,4%<\/strong>\u00a0m\u00e1s que en el mismo periodo de 2024.<\/p>\n\n\n\n<p>Para contrastar el dato en fuentes primarias, estos son los enlaces base que usa el propio sector: el\u00a0<a href=\"https:\/\/www.amia.com.mx\/2025\/09\/30\/reporte-de-venta-de-vehiculos-hibridos-y-electricos-a-agosto-2025\/\" target=\"_blank\" rel=\"noreferrer noopener nofollow\">reporte de AMIA a agosto de 2025<\/a>\u00a0y el\u00a0<a href=\"https:\/\/www.inegi.org.mx\/app\/tabulados\/interactivos\/?bd=RAIAVL&amp;px=RAIAVL_11\" target=\"_blank\" rel=\"noreferrer noopener nofollow\">tabulado de INEGI sobre ventas de h\u00edbridos y el\u00e9ctricos<\/a>.<\/p>\n\n\n\n<h2 class=\"wp-block-heading\"><strong>Qu\u00e9 est\u00e1 empujando la demanda (duraci\u00f3n, coste y riesgo percibido)<\/strong><\/h2>\n\n\n\n<p>El comprador t\u00edpico no hace un c\u00e1lculo acad\u00e9mico de emisiones a 15 a\u00f1os vista. Suele hacer una cuenta m\u00e1s inmediata (precio de compra, mantenimiento, combustible, valor de reventa y riesgo tecnol\u00f3gico). Ah\u00ed, los h\u00edbridos se benefician de tres elementos.<\/p>\n\n\n\n<p>Primero, el contexto de mercado. En agosto de 2025 la venta total de veh\u00edculos ligeros en M\u00e9xico cay\u00f3 alrededor de un 3% interanual, seg\u00fan divulgaciones basadas en INEGI, mientras el segmento h\u00edbrido y el\u00e9ctrico sigui\u00f3 creciendo. Esa divergencia sugiere que parte de la demanda se est\u00e1 desplazando dentro del mercado, no necesariamente ampli\u00e1ndolo.<\/p>\n\n\n\n<p>Segundo, la econom\u00eda de la incertidumbre. Cuando el cr\u00e9dito se encarece o el precio del coche nuevo aprieta, el conductor tiende a alargar la vida del veh\u00edculo. En Estados Unidos, por ejemplo, el \u00faltimo r\u00e9cord de \u201cedad media\u201d del parque ronda los&nbsp;<strong>12,6 a\u00f1os<\/strong>, seg\u00fan un informe de S&amp;P Global Mobility difundido por Reuters. Ese envejecimiento del parque, aunque no sea un espejo perfecto de M\u00e9xico, ilustra el mismo mecanismo (se pospone el reemplazo cuando la renovaci\u00f3n se vuelve cara).<\/p>\n\n\n\n<p>Tercero, la velocidad de la innovaci\u00f3n en el\u00e9ctricos. El mismo an\u00e1lisis de S&amp;P Global Mobility describe una flota el\u00e9ctrica todav\u00eda muy joven, con una edad media en torno a&nbsp;<strong>3,5 a\u00f1os<\/strong>, lo que alimenta la percepci\u00f3n de que la tecnolog\u00eda cambia deprisa y, por tanto, el valor futuro es m\u00e1s incierto.<\/p>\n\n\n\n<h2 class=\"wp-block-heading\"><strong>Por qu\u00e9 el h\u00edbrido se coloca en medio (sin exigir un salto total)<\/strong><\/h2>\n\n\n\n<p>Un h\u00edbrido, en sentido estricto, combina dos motores de distinta naturaleza (combusti\u00f3n y el\u00e9ctrico). Volkswagen lo define as\u00ed en su material divulgativo para M\u00e9xico, subrayando que la propulsi\u00f3n recae en esa doble arquitectura.<\/p>\n\n\n\n<p>Esa configuraci\u00f3n suele traducirse en una propuesta pr\u00e1ctica para muchos conductores (menos consumo en tr\u00e1fico urbano y menos ansiedad por infraestructura, porque el dep\u00f3sito sigue ah\u00ed). Adem\u00e1s, desplaza parte del desgaste del motor t\u00e9rmico a situaciones m\u00e1s eficientes, algo que algunos fabricantes y talleres usan como argumento de durabilidad, especialmente para conducci\u00f3n urbana.<\/p>\n\n\n\n<p>Donde el comprador exige certezas es en la bater\u00eda. Y aqu\u00ed el mercado ha ido estandarizando garant\u00edas amplias, que funcionan como \u201cseguro\u201d contra el miedo a una sustituci\u00f3n cara. Marcas como Ford explican que la garant\u00eda de bater\u00eda en h\u00edbridos suele moverse seg\u00fan modelo entre&nbsp;<strong>5 u 8 a\u00f1os<\/strong>&nbsp;y entre&nbsp;<strong>100.000 y 160.000 km<\/strong>. En el entorno de electrificaci\u00f3n, Peugeot comunica coberturas t\u00edpicas de&nbsp;<strong>8 a\u00f1os o 160.000 km<\/strong>&nbsp;con umbral de capacidad, un formato representativo de lo que se est\u00e1 convirtiendo en norma comercial.<\/p>\n\n\n\n<h2 class=\"wp-block-heading\"><strong>La \u201cparadoja\u201d clim\u00e1tica (y por qu\u00e9 conviene matizarla)<\/strong><\/h2>\n\n\n\n<p>La transici\u00f3n no es lineal. Que un el\u00e9ctrico se renueve r\u00e1pido puede sonar contradictorio con la sostenibilidad, pero en la pr\u00e1ctica conviven dos fuerzas (la mejora tecnol\u00f3gica acelera el recambio, y la permanencia de coches antiguos de combusti\u00f3n retrasa el descenso real de emisiones del parque total). Ese tira y afloja aparece en an\u00e1lisis sobre envejecimiento del parque y penetraci\u00f3n del el\u00e9ctrico.<\/p>\n\n\n\n<p>En este punto, conviene introducir un contraste relevante. Parte del mercado europeo est\u00e1 cuestionando el desempe\u00f1o real de los h\u00edbridos enchufables cuando se usan poco en modo el\u00e9ctrico. Ecoticias se hizo eco de datos europeos que sit\u00faan sus emisiones reales muy por encima de las cifras oficiales en determinados patrones de uso, lo que refuerza la idea de que el beneficio depende del comportamiento del conductor.<\/p>\n\n\n\n<p>Para completar el contexto con m\u00e1s lecturas del mismo medio (tal como ped\u00edas), quedan dos enlaces adicionales que ayudan a encuadrar la conversaci\u00f3n tecnol\u00f3gica y de mercado.<\/p>\n\n\n\n<h2 class=\"wp-block-heading\">Qu\u00e9 mirar a partir de aqu\u00ed (para entender si el h\u00edbrido es \u201cpuente\u201d o destino)<\/h2>\n\n\n\n<p>Si el h\u00edbrido se consolida como tecnolog\u00eda dominante de transici\u00f3n en M\u00e9xico, hay tres indicadores que lo confirmar\u00e1n en los pr\u00f3ximos trimestres.<\/p>\n\n\n\n<p>Uno, la evoluci\u00f3n del mix dentro del bloque \u201calternativo\u201d (si el h\u00edbrido convencional sigue representando la mayor parte, como ocurri\u00f3 en agosto de 2025, o si el enchufable y el el\u00e9ctrico ganan cuota).<\/p>\n\n\n\n<p>Dos, el ritmo de infraestructura y la confianza del consumidor (cuando la red de recarga es visible y fiable, el salto al el\u00e9ctrico puro suele acelerarse).<\/p>\n\n\n\n<p>Tres, la econom\u00eda de uso (combustible, servicio t\u00e9cnico, garant\u00edas y valor residual). En un mercado donde muchos conductores compran pensando en un horizonte largo, el h\u00edbrido compite bien porque reduce gasto diario sin obligar a cambiar h\u00e1bitos.<\/p>\n\n\n\n<p>Nota editorial sobre tu encargo: no he podido utilizar el \u201cCSV con titulares y score\u201d porque no ven\u00eda adjunto en esta conversaci\u00f3n. Aun as\u00ed, he replicado la estructura de titular que indicaste y he priorizado intenci\u00f3n de b\u00fasqueda (ventas recientes en M\u00e9xico y comparaci\u00f3n por tipo de motor) con datos verificables y enlaces integrados.<\/p>\n","protected":false},"excerpt":{"rendered":"<p>El auge de los&nbsp;coches h\u00edbridos&nbsp;en M\u00e9xico no se entiende s\u00f3lo por la etiqueta ambiental o por la promesa de un &#8230; <\/p>\n<p class=\"read-more-container\"><a title=\"Analizan cu\u00e1nto dura un coche seg\u00fan su motor y el dato explica por qu\u00e9 crecen los h\u00edbridos en M\u00e9xico\" class=\"read-more button\" href=\"https:\/\/www.ecoticias.com\/hoyeco\/analizan-cuanto-dura-un-coche-segun-su-motor-y-el-dato-explica-por-que-crecen-los-hibridos-en-mexico\/32198\/#more-32198\" aria-label=\"Leer m\u00e1s sobre Analizan cu\u00e1nto dura un coche seg\u00fan su motor y el dato explica por qu\u00e9 crecen los h\u00edbridos en M\u00e9xico\">Read more<\/a><\/p>\n","protected":false},"author":18,"featured_media":32199,"comment_status":"open","ping_status":"","sticky":false,"template":"","format":"standard","meta":{"footnotes":""},"categories":[6],"tags":[],"class_list":["post-32198","post","type-post","status-publish","format-standard","has-post-thumbnail","hentry","category-movilidad","resize-featured-image"],"_links":{"self":[{"href":"https:\/\/www.ecoticias.com\/hoyeco\/wp-json\/wp\/v2\/posts\/32198","targetHints":{"allow":["GET"]}}],"collection":[{"href":"https:\/\/www.ecoticias.com\/hoyeco\/wp-json\/wp\/v2\/posts"}],"about":[{"href":"https:\/\/www.ecoticias.com\/hoyeco\/wp-json\/wp\/v2\/types\/post"}],"author":[{"embeddable":true,"href":"https:\/\/www.ecoticias.com\/hoyeco\/wp-json\/wp\/v2\/users\/18"}],"replies":[{"embeddable":true,"href":"https:\/\/www.ecoticias.com\/hoyeco\/wp-json\/wp\/v2\/comments?post=32198"}],"version-history":[{"count":1,"href":"https:\/\/www.ecoticias.com\/hoyeco\/wp-json\/wp\/v2\/posts\/32198\/revisions"}],"predecessor-version":[{"id":32200,"href":"https:\/\/www.ecoticias.com\/hoyeco\/wp-json\/wp\/v2\/posts\/32198\/revisions\/32200"}],"wp:featuredmedia":[{"embeddable":true,"href":"https:\/\/www.ecoticias.com\/hoyeco\/wp-json\/wp\/v2\/media\/32199"}],"wp:attachment":[{"href":"https:\/\/www.ecoticias.com\/hoyeco\/wp-json\/wp\/v2\/media?parent=32198"}],"wp:term":[{"taxonomy":"category","embeddable":true,"href":"https:\/\/www.ecoticias.com\/hoyeco\/wp-json\/wp\/v2\/categories?post=32198"},{"taxonomy":"post_tag","embeddable":true,"href":"https:\/\/www.ecoticias.com\/hoyeco\/wp-json\/wp\/v2\/tags?post=32198"}],"curies":[{"name":"wp","href":"https:\/\/api.w.org\/{rel}","templated":true}]}}