{"id":32224,"date":"2026-01-06T20:56:00","date_gmt":"2026-01-06T19:56:00","guid":{"rendered":"https:\/\/www.ecoticias.com\/hoyeco\/?p=32224"},"modified":"2026-01-06T08:57:06","modified_gmt":"2026-01-06T07:57:06","slug":"adios-a-la-idea-de-las-cuatro-estaciones-los-satelites-acaban-de-romper-la-idea-clasica","status":"publish","type":"post","link":"https:\/\/www.ecoticias.com\/hoyeco\/adios-a-la-idea-de-las-cuatro-estaciones-los-satelites-acaban-de-romper-la-idea-clasica\/32224\/","title":{"rendered":"Adi\u00f3s a la idea de las cuatro estaciones: los sat\u00e9lites acaban de romper la idea clasica"},"content":{"rendered":"\n<p>La imagen cl\u00e1sica de las cuatro estaciones que avanzan ordenadas por el planeta se nos est\u00e1 quedando corta. Una nueva investigaci\u00f3n internacional, publicada en la revista cient\u00edfica Nature, ha elaborado el mapa m\u00e1s completo hasta la fecha del calendario de crecimiento de la vegetaci\u00f3n en la <a href=\"https:\/\/www.ecoticias.com\/hoyeco\/estudios-derretimiento-glaciar\/27506\/\">Tierra<\/a> y concluye que las estaciones no est\u00e1n sincronizadas ni siquiera entre lugares vecinos.<\/p>\n\n\n\n<p>En muchos puntos del planeta, sobre todo en regiones con clima <a href=\"https:\/\/www.ecoticias.com\/hoyeco\/cientificos-alerta-situacion-oceanos-mundo-mediterraneo-punto-caliente\/31858\/\">mediterr\u00e1neo<\/a> y en cordilleras tropicales, los picos de crecimiento de las plantas se desajustan en cuesti\u00f3n de decenas o cientos de kil\u00f3metros. Eso significa que la \u201cprimavera\u201d ecol\u00f3gica puede llegar tarde en un valle y temprano en el siguiente, aunque el calendario marque el mismo mes. Y eso tiene consecuencias profundas para los ecosistemas y, en parte, para nuestra econom\u00eda.<\/p>\n\n\n\n<h2 class=\"wp-block-heading\">Un mapa global del calendario de la naturaleza<\/h2>\n\n\n\n<p>El equipo liderado por el ec\u00f3logo <a href=\"https:\/\/www.csiro.au\/en\/news\/all\/articles\/2025\/august\/see-earths-seasons-in-all-their-complexity-in-a-new-animated-map\" target=\"_blank\" rel=\"noopener\">Drew Terasaki Hart<\/a> ha analizado veinte a\u00f1os de im\u00e1genes de <a href=\"https:\/\/www.earthdata.nasa.gov\/news\/feature-articles\/seeing-climate-through-lives-plants\" target=\"_blank\" rel=\"noopener\">sat\u00e9lite<\/a> para seguir, desde el espacio, c\u00f3mo verdea y se apaga la cubierta vegetal del planeta. A partir de \u00edndices de luz reflejada por la vegetaci\u00f3n, han reconstruido el ritmo anual de crecimiento de cada \u201cp\u00edxel\u201d de paisaje, a escala de unos pocos kil\u00f3metros, y han generado un mapa global de <a href=\"https:\/\/www.usgs.gov\/centers\/eros\/remote-sensing-phenology\" target=\"_blank\" rel=\"noopener\">fenolog\u00eda<\/a>, es decir, del momento en que las plantas crecen, florecen o reducen su actividad.<\/p>\n\n\n\n<p>Hasta ahora muchos m\u00e9todos asum\u00edan ciclos simples, con una estaci\u00f3n de crecimiento bien marcada, algo que funciona razonablemente en gran parte de Europa o Norteam\u00e9rica. Pero en los tr\u00f3picos y en las zonas \u00e1ridas el patr\u00f3n es mucho m\u00e1s sutil. El nuevo enfoque, m\u00e1s flexible, permite captar ciclos con uno o dos picos de actividad y combinaciones intermedias que antes pasaban desapercibidas.<\/p>\n\n\n\n<h2 class=\"wp-block-heading\">Hotspots en climas mediterr\u00e1neos y monta\u00f1as tropicales<\/h2>\n\n\n\n<p>El resultado m\u00e1s llamativo del trabajo es la aparici\u00f3n de \u201chotspots\u201d de <a href=\"https:\/\/www.scimex.org\/newsfeed\/global-satellite-study-reveals-earths-hidden-seasonal-rhythms\" target=\"_blank\" rel=\"noopener\">asincron\u00eda estacional<\/a>. Son regiones en las que el calendario de las estaciones ecol\u00f3gicas cambia bruscamente en distancias relativamente cortas. La nota de prensa del propio equipo se\u00f1ala que estos puntos calientes se concentran sobre todo en climas mediterr\u00e1neos y en monta\u00f1as tropicales.<\/p>\n\n\n\n<p>En los cinco grandes climas mediterr\u00e1neos del planeta, entre ellos la cuenca del Mediterr\u00e1neo donde vivimos, los datos muestran un patr\u00f3n de doble pico en la actividad de las plantas. Los bosques alcanzan su m\u00e1ximo de crecimiento aproximadamente dos meses m\u00e1s tarde que otros ecosistemas cercanos, y adem\u00e1s se comportan de manera muy distinta a las tierras secas vecinas, donde la lluvia veraniega manda m\u00e1s que el invierno suave.<\/p>\n\n\n\n<p>En las monta\u00f1as tropicales el mosaico se complica todav\u00eda m\u00e1s. Las laderas, los valles y las cumbres modifican las corrientes de aire y las lluvias, de modo que la \u201ctemporada buena\u201d para las plantas no llega a todas partes al mismo tiempo. Los autores apuntan que estos patrones siguen siendo poco comprendidos y que podr\u00edan ser clave para explicar la distribuci\u00f3n de especies en algunas de las zonas con m\u00e1s <a href=\"https:\/\/www.ecoticias.com\/hoyeco\/investigadores-hacen-un-descubrimiento-preocupante-en-un-pico-iconico-de-montana-el-principal-impulsor\/32064\/\">biodiversidad<\/a> del planeta.<\/p>\n\n\n\n<h2 class=\"wp-block-heading\">Impacto en la biodiversidad y en la vida diaria<\/h2>\n\n\n\n<p>\u00bfQu\u00e9 implica todo esto para la vida que depende de esas plantas? Si en dos \u00e1reas cercanas el alimento o el refugio aparecen en semanas distintas, los animales ajustan tambi\u00e9n sus ciclos de reproducci\u00f3n y movimiento. El equipo se\u00f1ala que en estas regiones la disponibilidad estacional de recursos puede desacompasarse de un lugar a otro y que, en consecuencia, los ciclos reproductivos de muchas especies tambi\u00e9n dejan de ir al un\u00edsono.<\/p>\n\n\n\n<p>Cuando dos poblaciones de la misma especie cr\u00edan en momentos diferentes, se cruzan menos entre s\u00ed. Con el tiempo esto puede provocar diferencias gen\u00e9ticas y, en algunos casos, la aparici\u00f3n de nuevas especies. El estudio muestra que los hotspots de asincron\u00eda estacional se solapan con muchos <a href=\"https:\/\/www.conservation.org\/learning\/biodiversity-hotspots\" target=\"_blank\" rel=\"noopener\">hotspots de biodiversidad<\/a> y plantea que este desajuste temporal podr\u00eda ser una pieza importante del rompecabezas de por qu\u00e9 estas zonas concentran tanta vida distinta.<\/p>\n\n\n\n<p>La investigaci\u00f3n llega incluso a la escala de la agricultura. El mapa de temporadas elaborado con <a href=\"https:\/\/www.ecoticias.com\/hoyeco\/nasa-inundaciones-estados-unidos\/19604\/\">sat\u00e9lites<\/a> reproduce, por ejemplo, la compleja geograf\u00eda de las cosechas de caf\u00e9 en Colombia. Fincas separadas por unas horas de coche, en distintas vertientes de una cordillera, pueden tener calendarios de floraci\u00f3n tan distintos como si estuvieran en hemisferios opuestos.<\/p>\n\n\n\n<h2 class=\"wp-block-heading\">Qu\u00e9 nos cuentan las plantas sobre el clima<\/h2>\n\n\n\n<p>El crecimiento de las plantas depende sobre todo de la luz, la temperatura y el agua disponible. En zonas con viento fuerte y constante, los \u00e1rboles pueden tener m\u00e1s dificultades para crecer. A diferencia de muchos animales, las plantas pueden seguir desarroll\u00e1ndose durante siglos y algunas especies de grandes con\u00edferas alcanzan edades cercanas a los 3 000 a\u00f1os. Esa capacidad de crecimiento prolongado las convierte en excelentes testigos de los cambios en el clima local.<\/p>\n\n\n\n<p>La nueva cartograf\u00eda no demuestra por s\u00ed sola que el cambio clim\u00e1tico sea el responsable de estos desajustes, ya que se centra en describir los patrones medios de las \u00faltimas dos d\u00e9cadas. Sin embargo, como recuerda el propio Terasaki Hart, entender c\u00f3mo se distribuyen las estaciones en el espacio y en el tiempo es fundamental para prever los efectos del <a href=\"https:\/\/www.ecoticias.com\/hoyeco\/los-cientificos-no-dan-credito-descubren-que-una-zona-se-esta-calentando-cuatro-veces-mas-rapido\/31993\/\">calentamiento global<\/a> sobre las especies, los ecosistemas y tambi\u00e9n sobre actividades humanas como la agricultura.<\/p>\n\n\n\n<p>En la pr\u00e1ctica, esto significa que en regiones mediterr\u00e1neas como Espa\u00f1a no basta con mirar el calendario cuando pensamos en floraciones tempranas, alergias o riesgo de incendios. Importa en qu\u00e9 valle estamos, en qu\u00e9 ladera se asientan nuestros cultivos o nuestros bosques y c\u00f3mo encajan en ese mosaico de estaciones desacompasadas que ahora empezamos a ver desde el espacio.<\/p>\n\n\n\n<p>El estudio cient\u00edfico que describe este mapa global de las estaciones se ha publicado en la revista \u201cNature\u201d y puede consultarse en <a href=\"https:\/\/www.nature.com\/articles\/s41586-025-09410-3\" target=\"_blank\" rel=\"noopener\"><em>Global phenology maps reveal the drivers and effects of seasonal asynchrony<\/em><\/a>.<\/p>\n","protected":false},"excerpt":{"rendered":"<p>La imagen cl\u00e1sica de las cuatro estaciones que avanzan ordenadas por el planeta se nos est\u00e1 quedando corta. Una nueva &#8230; <\/p>\n<p class=\"read-more-container\"><a title=\"Adi\u00f3s a la idea de las cuatro estaciones: los sat\u00e9lites acaban de romper la idea clasica\" class=\"read-more button\" href=\"https:\/\/www.ecoticias.com\/hoyeco\/adios-a-la-idea-de-las-cuatro-estaciones-los-satelites-acaban-de-romper-la-idea-clasica\/32224\/#more-32224\" aria-label=\"Leer m\u00e1s sobre Adi\u00f3s a la idea de las cuatro estaciones: los sat\u00e9lites acaban de romper la idea clasica\">Read more<\/a><\/p>\n","protected":false},"author":18,"featured_media":32225,"comment_status":"open","ping_status":"","sticky":false,"template":"","format":"standard","meta":{"footnotes":""},"categories":[68],"tags":[],"class_list":["post-32224","post","type-post","status-publish","format-standard","has-post-thumbnail","hentry","category-ciencia","resize-featured-image"],"_links":{"self":[{"href":"https:\/\/www.ecoticias.com\/hoyeco\/wp-json\/wp\/v2\/posts\/32224","targetHints":{"allow":["GET"]}}],"collection":[{"href":"https:\/\/www.ecoticias.com\/hoyeco\/wp-json\/wp\/v2\/posts"}],"about":[{"href":"https:\/\/www.ecoticias.com\/hoyeco\/wp-json\/wp\/v2\/types\/post"}],"author":[{"embeddable":true,"href":"https:\/\/www.ecoticias.com\/hoyeco\/wp-json\/wp\/v2\/users\/18"}],"replies":[{"embeddable":true,"href":"https:\/\/www.ecoticias.com\/hoyeco\/wp-json\/wp\/v2\/comments?post=32224"}],"version-history":[{"count":3,"href":"https:\/\/www.ecoticias.com\/hoyeco\/wp-json\/wp\/v2\/posts\/32224\/revisions"}],"predecessor-version":[{"id":32245,"href":"https:\/\/www.ecoticias.com\/hoyeco\/wp-json\/wp\/v2\/posts\/32224\/revisions\/32245"}],"wp:featuredmedia":[{"embeddable":true,"href":"https:\/\/www.ecoticias.com\/hoyeco\/wp-json\/wp\/v2\/media\/32225"}],"wp:attachment":[{"href":"https:\/\/www.ecoticias.com\/hoyeco\/wp-json\/wp\/v2\/media?parent=32224"}],"wp:term":[{"taxonomy":"category","embeddable":true,"href":"https:\/\/www.ecoticias.com\/hoyeco\/wp-json\/wp\/v2\/categories?post=32224"},{"taxonomy":"post_tag","embeddable":true,"href":"https:\/\/www.ecoticias.com\/hoyeco\/wp-json\/wp\/v2\/tags?post=32224"}],"curies":[{"name":"wp","href":"https:\/\/api.w.org\/{rel}","templated":true}]}}