{"id":32247,"date":"2026-01-15T06:04:00","date_gmt":"2026-01-15T05:04:00","guid":{"rendered":"https:\/\/www.ecoticias.com\/hoyeco\/?p=32247"},"modified":"2026-01-14T21:20:09","modified_gmt":"2026-01-14T20:20:09","slug":"los-cientificos-han-resuelto-un-antiguo-misterio-de-la-fisica-podemos-viajar-en-el-tiempo","status":"publish","type":"post","link":"https:\/\/www.ecoticias.com\/hoyeco\/los-cientificos-han-resuelto-un-antiguo-misterio-de-la-fisica-podemos-viajar-en-el-tiempo\/32247\/","title":{"rendered":"Los cient\u00edficos han resuelto un antiguo misterio de la f\u00edsica: \u00bfpodemos viajar en el tiempo?"},"content":{"rendered":"\n<p>\u00bfTe has planteado alguna vez por qu\u00e9 un vaso roto no vuelve a montarse solo, o por qu\u00e9 el humo de un tubo de escape no regresa limpio al motor? En el d\u00eda a d\u00eda damos por hecho que el tiempo solo va hacia delante, pero la f\u00edsica lleva m\u00e1s de un siglo pele\u00e1ndose con esa idea. Ahora, un equipo de f\u00edsicos chinos propone una respuesta distinta a una de las preguntas m\u00e1s inc\u00f3modas de la ciencia moderna.<\/p>\n\n\n\n<p>El trabajo, firmado por Xi Ming y Qing yu Cai y publicado en la revista Annals of Physics, ofrece un nuevo marco te\u00f3rico para explicar la flecha del tiempo a partir de la propia mec\u00e1nica cu\u00e1ntica, sin recurrir solo a la entrop\u00eda ni a la figura del observador que mide y \u201crompe\u201d la simetr\u00eda. La mala noticia para los amantes de la ciencia ficci\u00f3n es clara. Esto no es una receta para construir una m\u00e1quina del tiempo. M\u00e1s bien es lo contrario.<\/p>\n\n\n\n<h2 class=\"wp-block-heading\">De Boltzmann al siglo XXI<\/h2>\n\n\n\n<p>Desde finales del siglo XIX, la explicaci\u00f3n est\u00e1ndar hablaba de entrop\u00eda. <a href=\"https:\/\/pmc.ncbi.nlm.nih.gov\/articles\/PMC12025484\/\" target=\"_blank\" rel=\"noopener\">Ludwig Boltzmann<\/a> defendi\u00f3 que los sistemas aislados tienden a pasar de estados m\u00e1s ordenados a otros m\u00e1s desordenados y que esa tendencia estad\u00edstica marca la direcci\u00f3n del tiempo. Por eso un huevo se rompe, el hielo se derrite y un bosque quemado no se recompone solo.<\/p>\n\n\n\n<p>El problema es que las ecuaciones b\u00e1sicas de la f\u00edsica, en particular las de la <a href=\"https:\/\/www.ecoticias.com\/hoyeco\/dimensiones-experimento-cuantico\/17663\/\">mec\u00e1nica cu\u00e1ntica<\/a>, permiten en principio rebobinar los procesos. Si miras solo las matem\u00e1ticas, el v\u00eddeo podr\u00eda ir hacia delante o hacia atr\u00e1s. Sin embargo, en la vida real nunca vemos que una taza hecha a\u00f1icos salte del suelo a la mesa. Ah\u00ed est\u00e1 la grieta que este nuevo trabajo intenta cerrar.<\/p>\n\n\n\n<h2 class=\"wp-block-heading\">La clave est\u00e1 en las correlaciones cu\u00e1nticas<\/h2>\n\n\n\n<p>En lugar de fijarse \u00fanicamente en el desorden global, Ming y Cai miran a un nivel todav\u00eda m\u00e1s fino. Se preguntan qu\u00e9 ocurre con las relaciones internas entre las partes de un sistema cu\u00e1ntico cerrado cuando estas interaccionan.<\/p>\n\n\n\n<p>En su art\u00edculo demuestran un teorema de \u201cno intervenci\u00f3n\u201d que, simplificando mucho, dice lo siguiente. En un sistema cu\u00e1ntico cerrado, si no conoces con detalle el estado en que se encuentra, no existe ninguna operaci\u00f3n f\u00edsica universal capaz de borrar por completo las <a href=\"https:\/\/www.nature.com\/articles\/s41467-019-10572-8\" target=\"_blank\" rel=\"noopener\">correlaciones<\/a> que se han creado entre sus partes.<\/p>\n\n\n\n<p>Es decir, puedes deshacer un caso concreto muy bien preparado, pero no hay una \u201cgoma cu\u00e1ntica\u201d que borre cualquier estado que te pongan delante. Cada interacci\u00f3n deja un rastro compartido de <a href=\"https:\/\/www.ecoticias.com\/hoyeco\/se-logra-la-teletransportacion-cuantica-a-traves-de-internet-por-primera-vez\/31894\/\">informaci\u00f3n<\/a> entre las piezas del sistema y ese rastro no se puede limpiar de manera general.<\/p>\n\n\n\n<p>Seg\u00fan los autores, esa generaci\u00f3n de correlaciones es, en gran medida, un proceso de sentido \u00fanico. A medida que el sistema evoluciona, las partes se quedan cada vez m\u00e1s entrelazadas entre s\u00ed y reconstruir exactamente \u201cc\u00f3mo estaban antes\u201d se vuelve f\u00edsicamente inviable, aunque las ecuaciones no lo proh\u00edban de forma expl\u00edcita.<\/p>\n\n\n\n<h2 class=\"wp-block-heading\">Del laboratorio al segundo principio<\/h2>\n\n\n\n<p>La siguiente pieza del puzle es conectar esa idea con la termodin\u00e1mica que estudiamos en el instituto. El equipo muestra que ese crecimiento irreversible de correlaciones basta para que, en un contexto termodin\u00e1mico, el calor fluya de manera espont\u00e1nea de los cuerpos calientes a los fr\u00edos. Justo lo que dice el enunciado cl\u00e1sico del segundo principio en la formulaci\u00f3n de Clausius.<\/p>\n\n\n\n<p>Visto desde fuera, seguimos hablando de entrop\u00eda que aumenta y de sistemas que se acercan al equilibrio. Pero la imagen interna cambia un poco. La entrop\u00eda total de un sistema cu\u00e1ntico cerrado se conserva, mientras que la entrop\u00eda que medimos en cada parte crece porque parte de la informaci\u00f3n pasa a esconderse en esas correlaciones compartidas que no vemos directamente.<\/p>\n\n\n\n<p>En este marco, procesos tan distintos como la p\u00e9rdida de coherencia cu\u00e1ntica, el acercamiento al equilibrio o la propia subida de entrop\u00eda ser\u00edan, en buena parte, caras distintas de un mismo fen\u00f3meno.<\/p>\n\n\n\n<h2 class=\"wp-block-heading\">\u00bfY las m\u00e1quinas del tiempo?<\/h2>\n\n\n\n<p>La pregunta que muchos se hacen viene casi sola. Si todo esto es reversible \u201cen teor\u00eda\u201d, \u00bfqueda alg\u00fan resquicio para <a href=\"https:\/\/www.ecoticias.com\/hoyeco\/taquion-particula-tiempo-einstein\/15822\/\">viajar al pasado<\/a>? Los propios autores insisten en que su trabajo es una construcci\u00f3n te\u00f3rica, no un cierre definitivo a cualquier modelo ex\u00f3tico que pueda aparecer en cosmolog\u00eda o en teor\u00edas todav\u00eda m\u00e1s profundas. Lo que s\u00ed ponen sobre la mesa es algo bastante contundente para el mundo real. A medida que el universo evoluciona, la informaci\u00f3n sobre lo que ha ido pasando se reparte de forma cada vez m\u00e1s enrevesada entre sus partes cu\u00e1nticas y no existe un m\u00e9todo universal para deshacer ese entramado.<\/p>\n\n\n\n<p>En palabras del f\u00edsico te\u00f3rico Sun Changpu, de la <a href=\"https:\/\/english.casad.cas.cn\/members\/casm\/domap\/202404\/t20240411_659611.html\" target=\"_blank\" rel=\"noopener\">Academia China de Ciencias<\/a>, la investigaci\u00f3n ofrece \u201cuna visi\u00f3n profunda del v\u00ednculo fundamental entre la f\u00edsica cu\u00e1ntica y la cl\u00e1sica y toca una de las preguntas m\u00e1s profundas de la ciencia\u201d. No es poca cosa.<\/p>\n\n\n\n<h2 class=\"wp-block-heading\">Por qu\u00e9 nos importa que el tiempo tenga flecha<\/h2>\n\n\n\n<p>Puede parecer una discusi\u00f3n muy abstracta, lejos de la factura de la luz, de los atascos o de la crisis clim\u00e1tica. Sin embargo, la idea de irreversibilidad est\u00e1 detr\u00e1s de casi todo lo que nos preocupa en ecolog\u00eda y en tecnolog\u00eda. Sabemos que es m\u00e1s f\u00e1cil contaminar que descontaminar, emitir CO\u2082 que retirarlo de la atm\u00f3sfera, talar un bosque que regenerarlo.<\/p>\n\n\n\n<p>Este tipo de trabajos no da soluciones directas a esos problemas, pero s\u00ed refuerza una idea inc\u00f3moda. Vivimos en un universo donde algunas cosas, una vez hechas, ya no tienen marcha atr\u00e1s pr\u00e1ctica. Entender de d\u00f3nde sale esa flecha del <a href=\"https:\/\/www.ecoticias.com\/hoyeco\/tiempo-negativo-fisica-cuantica\/15810\/\">tiempo<\/a>, desde el <a href=\"https:\/\/www.ecoticias.com\/hoyeco\/particula-materia-anyones\/16966\/\">mundo cu\u00e1ntico<\/a> hasta nuestro d\u00eda a d\u00eda, ayuda a poner en contexto por qu\u00e9 la prevenci\u00f3n suele ser mejor que la reparaci\u00f3n.<\/p>\n\n\n\n<p>El estudio completo se ha publicado en la revista cient\u00edfica <strong><em><a href=\"https:\/\/www.sciencedirect.com\/science\/article\/pii\/S0003491625004002\" target=\"_blank\" rel=\"noopener\">Annals of Physics<\/a><\/em><\/strong>, donde puede consultarse con acceso abierto.<\/p>\n","protected":false},"excerpt":{"rendered":"<p>\u00bfTe has planteado alguna vez por qu\u00e9 un vaso roto no vuelve a montarse solo, o por qu\u00e9 el humo &#8230; <\/p>\n<p class=\"read-more-container\"><a title=\"Los cient\u00edficos han resuelto un antiguo misterio de la f\u00edsica: \u00bfpodemos viajar en el tiempo?\" class=\"read-more button\" href=\"https:\/\/www.ecoticias.com\/hoyeco\/los-cientificos-han-resuelto-un-antiguo-misterio-de-la-fisica-podemos-viajar-en-el-tiempo\/32247\/#more-32247\" aria-label=\"Leer m\u00e1s sobre Los cient\u00edficos han resuelto un antiguo misterio de la f\u00edsica: \u00bfpodemos viajar en el tiempo?\">Read more<\/a><\/p>\n","protected":false},"author":18,"featured_media":32249,"comment_status":"open","ping_status":"closed","sticky":false,"template":"","format":"standard","meta":{"footnotes":""},"categories":[6],"tags":[],"class_list":["post-32247","post","type-post","status-publish","format-standard","has-post-thumbnail","hentry","category-movilidad","resize-featured-image"],"_links":{"self":[{"href":"https:\/\/www.ecoticias.com\/hoyeco\/wp-json\/wp\/v2\/posts\/32247","targetHints":{"allow":["GET"]}}],"collection":[{"href":"https:\/\/www.ecoticias.com\/hoyeco\/wp-json\/wp\/v2\/posts"}],"about":[{"href":"https:\/\/www.ecoticias.com\/hoyeco\/wp-json\/wp\/v2\/types\/post"}],"author":[{"embeddable":true,"href":"https:\/\/www.ecoticias.com\/hoyeco\/wp-json\/wp\/v2\/users\/18"}],"replies":[{"embeddable":true,"href":"https:\/\/www.ecoticias.com\/hoyeco\/wp-json\/wp\/v2\/comments?post=32247"}],"version-history":[{"count":1,"href":"https:\/\/www.ecoticias.com\/hoyeco\/wp-json\/wp\/v2\/posts\/32247\/revisions"}],"predecessor-version":[{"id":32250,"href":"https:\/\/www.ecoticias.com\/hoyeco\/wp-json\/wp\/v2\/posts\/32247\/revisions\/32250"}],"wp:featuredmedia":[{"embeddable":true,"href":"https:\/\/www.ecoticias.com\/hoyeco\/wp-json\/wp\/v2\/media\/32249"}],"wp:attachment":[{"href":"https:\/\/www.ecoticias.com\/hoyeco\/wp-json\/wp\/v2\/media?parent=32247"}],"wp:term":[{"taxonomy":"category","embeddable":true,"href":"https:\/\/www.ecoticias.com\/hoyeco\/wp-json\/wp\/v2\/categories?post=32247"},{"taxonomy":"post_tag","embeddable":true,"href":"https:\/\/www.ecoticias.com\/hoyeco\/wp-json\/wp\/v2\/tags?post=32247"}],"curies":[{"name":"wp","href":"https:\/\/api.w.org\/{rel}","templated":true}]}}