{"id":32314,"date":"2026-01-08T10:05:00","date_gmt":"2026-01-08T09:05:00","guid":{"rendered":"https:\/\/www.ecoticias.com\/hoyeco\/?p=32314"},"modified":"2026-01-07T20:45:13","modified_gmt":"2026-01-07T19:45:13","slug":"se-puede-viajar-en-el-tiempo-esto-es-lo-que-dice-la-teoria-de-la-relatividad","status":"publish","type":"post","link":"https:\/\/www.ecoticias.com\/hoyeco\/se-puede-viajar-en-el-tiempo-esto-es-lo-que-dice-la-teoria-de-la-relatividad\/32314\/","title":{"rendered":"\u00bfSe puede viajar en el tiempo? Esto es lo que dice la teor\u00eda de la relatividad"},"content":{"rendered":"\n<p>\u00bfEs posible <a href=\"https:\/\/www.ecoticias.com\/hoyeco\/taquion-particula-tiempo-einstein\/15822\/\">viajar en el tiempo<\/a> de verdad o todo se queda en \u00abRegreso al futuro\u00bb y series de ciencia ficci\u00f3n? La respuesta corta es que la f\u00edsica moderna permite ciertos viajes al futuro, muy concretos y medidos, mientras que el viaje al pasado sigue en territorio casi totalmente especulativo. Y todo gira alrededor de la Teor\u00eda de la Relatividad de Albert Einstein.<\/p>\n\n\n\n<h2 class=\"wp-block-heading\">Un tiempo que ya no es igual para todo el mundo<\/h2>\n\n\n\n<p>Antes de Einstein, el tiempo se entend\u00eda como un reloj universal que avanzaba igual en todas partes. Su <a href=\"https:\/\/science.nasa.gov\/learn\/basics-of-space-flight\/chapter3-2\/\" target=\"_blank\" rel=\"noopener\">Relatividad Especial<\/a> cambi\u00f3 esa idea. El tiempo se estira o se encoge seg\u00fan c\u00f3mo te muevas y seg\u00fan el campo gravitatorio en el que est\u00e9s.<\/p>\n\n\n\n<p>Este efecto se llama \u00abdilataci\u00f3n del tiempo\u00bb. Dicho r\u00e1pido, para un objeto que se mueve muy deprisa, el tiempo pasa m\u00e1s despacio que para quien se queda \u00abquieto\u00bb. No es una frase bonita para un p\u00f3ster, se ha medido muchas veces en laboratorios y en el cielo.<\/p>\n\n\n\n<p>En experimentos con part\u00edculas subat\u00f3micas llamadas <a href=\"https:\/\/cds.cern.ch\/record\/878581\" target=\"_blank\" rel=\"noopener\">muones<\/a>, que tienen una vida extremadamente corta, los f\u00edsicos vieron que, cuando viajan a velocidades cercanas a la de la luz, \u00abviven\u00bb mucho m\u00e1s de lo esperado. La \u00fanica forma de cuadrar las cuentas es aceptar que su tiempo interno va m\u00e1s lento en comparaci\u00f3n con el nuestro.<\/p>\n\n\n\n<p>Algo parecido se ha comprobado con relojes de alta precisi\u00f3n. En los a\u00f1os setenta, el experimento de <a href=\"https:\/\/www.science.org\/doi\/10.1126\/science.177.4044.166\" target=\"_blank\" rel=\"noopener\">Hafele y Keating<\/a> subi\u00f3 relojes at\u00f3micos a aviones comerciales que dieron la vuelta al mundo y luego los compar\u00f3 con relojes id\u00e9nticos que se hab\u00edan quedado en tierra. Al reunirse, los relojes no marcaban exactamente la misma hora y la diferencia coincid\u00eda con lo que predec\u00eda la Relatividad, sumando velocidad y gravedad.<\/p>\n\n\n\n<p>En la Relatividad General, Einstein a\u00f1adi\u00f3 la <a href=\"https:\/\/www.ecoticias.com\/hoyeco\/fuerza-invisible-gravedad\/25291\/\">gravedad<\/a> a la ecuaci\u00f3n. La presencia de masa curva el espacio y el tiempo. Cerca de un cuerpo muy masivo, como un planeta o un agujero negro, el tiempo tambi\u00e9n se ralentiza con respecto a zonas donde la gravedad es m\u00e1s d\u00e9bil.<\/p>\n\n\n\n<h2 class=\"wp-block-heading\">Viajar al futuro ya ocurre, pero a c\u00e1mara lenta<\/h2>\n\n\n\n<p>Si todo esto suena muy abstracto, pensemos en algo cotidiano. El sistema <a href=\"https:\/\/ntrs.nasa.gov\/api\/citations\/20180003146\/downloads\/20180003146.pdf\" target=\"_blank\" rel=\"noopener\">GPS<\/a> que usamos en el m\u00f3vil para llegar a casa o evitar un atasco solo funciona porque los ingenieros corrigen cada d\u00eda los efectos relativistas.<\/p>\n\n\n\n<p>Los relojes de los sat\u00e9lites van a gran velocidad y se encuentran en un campo gravitatorio algo m\u00e1s d\u00e9bil que el de la superficie de la Tierra. Eso hace que, sin correcciones, sus relojes se adelanten alrededor de 38 microsegundos cada d\u00eda respecto a los de la Tierra. Puede parecer poco, pero se traducir\u00eda en errores de unos diez kil\u00f3metros diarios en la posici\u00f3n.<\/p>\n\n\n\n<p>Dicho de otra manera, los <a href=\"https:\/\/www.ecoticias.com\/hoyeco\/carrera-espacial-gps-luna\/18576\/\">sat\u00e9lites del GPS<\/a> est\u00e1n \u00abviajando al futuro\u00bb unos microsegundos m\u00e1s deprisa que nosotros y tenemos que compensarlo para que la <a href=\"https:\/\/www.ecoticias.com\/hoyeco\/gps-espana-interferencias\/30280\/\">navegaci\u00f3n<\/a> funcione. No es una m\u00e1quina del tiempo con luces y ruidos estridentes, pero es tecnolog\u00eda real que depende directamente de la Relatividad.<\/p>\n\n\n\n<p>Si llevamos esta idea al extremo, el viaje al futuro se vuelve m\u00e1s evidente. Imaginemos una nave capaz de viajar durante meses a una fracci\u00f3n muy alta de la velocidad de la luz. Para quienes van dentro, el tiempo avanzar\u00eda m\u00e1s despacio. A la vuelta, podr\u00edan haber envejecido solo unos meses mientras en la Tierra habr\u00edan pasado d\u00e9cadas. El marco te\u00f3rico est\u00e1 claro, pero la barrera es enorme. Se necesitar\u00edan energ\u00edas colosales y tecnolog\u00edas que, a d\u00eda de hoy, ni rozamos.<\/p>\n\n\n\n<h2 class=\"wp-block-heading\">\u00bfY el viaje al pasado? Aqu\u00ed llega el problema<\/h2>\n\n\n\n<p>Cuando se habla de volver atr\u00e1s en el tiempo, la situaci\u00f3n cambia. Las ecuaciones de la Relatividad General admiten soluciones ex\u00f3ticas, como los famosos agujeros de gusano, que ser\u00edan atajos en el espacio-tiempo. En teor\u00eda, ciertas configuraciones podr\u00edan permitir \u00abcurvas cerradas de tipo tiempo\u00bb, trayectorias que vuelven al pasado.<\/p>\n\n\n\n<p>El problema es doble. Por un lado, para mantener abiertos esos hipot\u00e9ticos agujeros de gusano har\u00eda falta materia con propiedades muy extra\u00f1as, como densidades de energ\u00eda negativas, que nadie ha visto de forma controlada en la naturaleza. Por otro, aparecen las paradojas cl\u00e1sicas, como la del abuelo, que cuestionan la consistencia l\u00f3gica de esos viajes.<\/p>\n\n\n\n<p>Algunos f\u00edsicos han propuesto que, si algo as\u00ed fuera posible, se resolver\u00eda mediante probabilidades cu\u00e1nticas o universos paralelos, en los que los cambios en el pasado crear\u00edan nuevas ramas de la realidad. Pero todo esto entra ya en un terreno muy especulativo, lejos de la f\u00edsica comprobada en el laboratorio.<\/p>\n\n\n\n<h2 class=\"wp-block-heading\">Lo que se est\u00e1 probando hoy<\/h2>\n\n\n\n<p>Mientras el cine juega con bucles temporales, la comunidad cient\u00edfica sigue poniendo a prueba la Relatividad con relojes cada vez m\u00e1s precisos. Sat\u00e9lites como los de la constelaci\u00f3n europea <a href=\"https:\/\/www.esa.int\/Applications\/Satellite_navigation\/Galileo_satellites_prove_Einstein_s_Relativity_Theory_to_highest_accuracy_yet\" target=\"_blank\" rel=\"noopener\">Galileo<\/a> han permitido medir c\u00f3mo cambia el paso del tiempo con la <a href=\"https:\/\/www.ecoticias.com\/hoyeco\/la-gravedad-podria-ser-una-prueba-clave-de-que-nuestro-universo-es-una-simulacion-segun-sugiere-una-nueva-investigacion-innovadora\/32095\/\">gravedad<\/a> con la mayor precisi\u00f3n lograda hasta ahora, reforzando una vez m\u00e1s las predicciones de Einstein.<\/p>\n\n\n\n<p>Y los pr\u00f3ximos pasos van en la misma l\u00ednea. El Instituto Nacional de Est\u00e1ndares y Tecnolog\u00eda de Estados Unidos prepara la instalaci\u00f3n de relojes at\u00f3micos de \u00faltima generaci\u00f3n en la Estaci\u00f3n Espacial Internacional para comprobar los efectos relativistas con una precisi\u00f3n unas cincuenta veces mejor que la actual.<\/p>\n\n\n\n<p>En resumen, seg\u00fan la Relatividad sabemos que viajar al futuro es posible en el sentido f\u00edsico y ya lo vemos en part\u00edculas, relojes y sat\u00e9lites, aunque de forma muy sutil y a\u00fan lejos de la ciencia ficci\u00f3n. En cambio, viajar al pasado sigue siendo una posibilidad matem\u00e1tica con enormes pegas f\u00edsicas y l\u00f3gicas, sin ninguna evidencia experimental que la respalde.<\/p>\n\n\n\n<p>El comunicado oficial m\u00e1s reciente sobre estas nuevas pruebas de la Relatividad con relojes at\u00f3micos en el espacio ha sido publicado por el NIST y puede consultarse en su p\u00e1gina web en el art\u00edculo <a href=\"https:\/\/www.nist.gov\/atomic-clocks\/a-powerful-tool-for-science\/putting-einstein-test\" target=\"_blank\" rel=\"noopener\">Putting Einstein to the Test<\/a>.<\/p>\n","protected":false},"excerpt":{"rendered":"<p>\u00bfEs posible viajar en el tiempo de verdad o todo se queda en \u00abRegreso al futuro\u00bb y series de ciencia &#8230; <\/p>\n<p class=\"read-more-container\"><a title=\"\u00bfSe puede viajar en el tiempo? Esto es lo que dice la teor\u00eda de la relatividad\" class=\"read-more button\" href=\"https:\/\/www.ecoticias.com\/hoyeco\/se-puede-viajar-en-el-tiempo-esto-es-lo-que-dice-la-teoria-de-la-relatividad\/32314\/#more-32314\" aria-label=\"Leer m\u00e1s sobre \u00bfSe puede viajar en el tiempo? Esto es lo que dice la teor\u00eda de la relatividad\">Read more<\/a><\/p>\n","protected":false},"author":18,"featured_media":32316,"comment_status":"open","ping_status":"","sticky":false,"template":"","format":"standard","meta":{"footnotes":""},"categories":[68],"tags":[],"class_list":["post-32314","post","type-post","status-publish","format-standard","has-post-thumbnail","hentry","category-ciencia","resize-featured-image"],"_links":{"self":[{"href":"https:\/\/www.ecoticias.com\/hoyeco\/wp-json\/wp\/v2\/posts\/32314","targetHints":{"allow":["GET"]}}],"collection":[{"href":"https:\/\/www.ecoticias.com\/hoyeco\/wp-json\/wp\/v2\/posts"}],"about":[{"href":"https:\/\/www.ecoticias.com\/hoyeco\/wp-json\/wp\/v2\/types\/post"}],"author":[{"embeddable":true,"href":"https:\/\/www.ecoticias.com\/hoyeco\/wp-json\/wp\/v2\/users\/18"}],"replies":[{"embeddable":true,"href":"https:\/\/www.ecoticias.com\/hoyeco\/wp-json\/wp\/v2\/comments?post=32314"}],"version-history":[{"count":1,"href":"https:\/\/www.ecoticias.com\/hoyeco\/wp-json\/wp\/v2\/posts\/32314\/revisions"}],"predecessor-version":[{"id":32315,"href":"https:\/\/www.ecoticias.com\/hoyeco\/wp-json\/wp\/v2\/posts\/32314\/revisions\/32315"}],"wp:featuredmedia":[{"embeddable":true,"href":"https:\/\/www.ecoticias.com\/hoyeco\/wp-json\/wp\/v2\/media\/32316"}],"wp:attachment":[{"href":"https:\/\/www.ecoticias.com\/hoyeco\/wp-json\/wp\/v2\/media?parent=32314"}],"wp:term":[{"taxonomy":"category","embeddable":true,"href":"https:\/\/www.ecoticias.com\/hoyeco\/wp-json\/wp\/v2\/categories?post=32314"},{"taxonomy":"post_tag","embeddable":true,"href":"https:\/\/www.ecoticias.com\/hoyeco\/wp-json\/wp\/v2\/tags?post=32314"}],"curies":[{"name":"wp","href":"https:\/\/api.w.org\/{rel}","templated":true}]}}